{"id":494895,"date":"2021-12-30T18:04:48","date_gmt":"2021-12-30T17:04:48","guid":{"rendered":"https:\/\/www.hashtag.al\/?p=494895"},"modified":"2021-12-30T18:04:48","modified_gmt":"2021-12-30T17:04:48","slug":"basha-u-pergjigjet-gazetareve-asgje-nuk-do-te-ndodhe-me-5-janar-jemi-te-pergatitur-per-cdo-skenar","status":"publish","type":"post","link":"https:\/\/www.hashtag.al\/index.php\/2021\/12\/30\/basha-u-pergjigjet-gazetareve-asgje-nuk-do-te-ndodhe-me-5-janar-jemi-te-pergatitur-per-cdo-skenar\/","title":{"rendered":"Basha u p\u00ebrgjigjet gazetar\u00ebve: Asgj\u00eb nuk do t\u00eb ndodh\u00eb m\u00eb 5 Janar, jemi t\u00eb p\u00ebrgatitur p\u00ebr \u00e7do skenar","gt_translate_keys":[{"key":"rendered","format":"text"}]},"content":{"rendered":"<p><span style=\"color: #000000;\"><a href=\"https:\/\/www.hashtag.al\/wp-content\/uploads\/2021\/12\/luli.jpg\"><img loading=\"lazy\" decoding=\"async\" class=\"aligncenter size-full wp-image-494896\" src=\"https:\/\/www.hashtag.al\/wp-content\/uploads\/2021\/12\/luli.jpg\" alt=\"\" width=\"833\" height=\"423\" srcset=\"https:\/\/www.hashtag.al\/wp-content\/uploads\/2021\/12\/luli.jpg 833w, https:\/\/www.hashtag.al\/wp-content\/uploads\/2021\/12\/luli-300x152.jpg 300w, https:\/\/www.hashtag.al\/wp-content\/uploads\/2021\/12\/luli-768x390.jpg 768w\" sizes=\"auto, (max-width: 833px) 100vw, 833px\" \/><\/a><\/span><\/p>\n<p><span style=\"color: #000000;\">Kryedemokrati Lulzim Basha u pyet sot nga gazetar\u00ebt se \u00e7far\u00eb do t\u00eb ndodh\u00eb m\u00eb 5 janar, afat ky i l\u00ebn\u00eb nga ish-kryeministri Sali Berisha p\u00ebr t\u00eb l\u00ebn\u00eb zyr\u00ebn e kryetarit t\u00eb partis\u00eb.<\/span><\/p>\n<p><span style=\"color: #000000;\">Por ai theksoi se asgj\u00eb nuk do t\u00eb ndodh\u00eb m\u00eb 5 Janar nd\u00ebrsa shtoi se nuk do ta lejoj\u00eb \u201cTrek\u00ebnd\u00ebshin e Bermud\u00ebs\u201d si\u00e7 i referohet treshes Berisha-Rama-Meta, q\u00eb ta zhvendos\u00eb luft\u00ebn me Ram\u00ebn n\u00eb PD.<\/span><\/p>\n<p><span style=\"color: #000000;\"><em>\u00a0\u201cDua t\u2019i them t\u00eb gjith\u00eb demokrat\u00ebve se asgj\u00eb nuk do t\u00eb ndodh\u00eb, asgj\u00eb nuk do t\u00eb ndodh\u00eb. U them t\u00eb gjith\u00eb shqiptar\u00ebve se PD \u00ebsht\u00eb e p\u00ebrgatitur p\u00ebr \u00e7do situat\u00eb dhe ne nuk do t\u00eb lejojm\u00eb trek\u00ebnd\u00ebshin e Bermud\u00ebs q\u00eb n\u00eb nj\u00eb vit t\u00eb premton t\u00eb jet\u00eb vendimtar p\u00ebr ndarjen nga tranzicioni ta zhvendos\u00eb fush\u00ebn e betej\u00ebs nga shumica e shqiptar\u00ebve p\u00ebrball\u00eb Edi Ram\u00ebs dhe patericave t\u00eb tij tek p\u00ebrplasja mes demokrat\u00ebve p\u00ebr interesat e nj\u00eb personi t\u00eb vet\u00ebm.\u201d-<\/em> tha Basha.<\/span><\/p>\n","protected":false,"gt_translate_keys":[{"key":"rendered","format":"html"}]},"excerpt":{"rendered":"<p>Kryedemokrati Lulzim Basha u pyet sot nga gazetar\u00ebt se \u00e7far\u00eb do t\u00eb ndodh\u00eb m\u00eb 5 janar, afat ky i l\u00ebn\u00eb nga ish-kryeministri Sali Berisha p\u00ebr t\u00eb l\u00ebn\u00eb zyr\u00ebn e kryetarit t\u00eb partis\u00eb. Por ai theksoi se asgj\u00eb nuk do t\u00eb ndodh\u00eb m\u00eb 5 Janar nd\u00ebrsa shtoi se nuk do ta lejoj\u00eb \u201cTrek\u00ebnd\u00ebshin e Bermud\u00ebs\u201d si\u00e7 [&hellip;]<\/p>\n","protected":false,"gt_translate_keys":[{"key":"rendered","format":"html"}]},"author":30,"featured_media":494896,"comment_status":"closed","ping_status":"closed","sticky":false,"template":"","format":"standard","meta":{"footnotes":""},"categories":[65,13],"tags":[],"class_list":["post-494895","post","type-post","status-publish","format-standard","has-post-thumbnail","hentry","category-lajme","category-te-fundit"],"gt_translate_keys":[{"key":"link","format":"url"}],"_links":{"self":[{"href":"https:\/\/www.hashtag.al\/index.php\/wp-json\/wp\/v2\/posts\/494895","targetHints":{"allow":["GET"]}}],"collection":[{"href":"https:\/\/www.hashtag.al\/index.php\/wp-json\/wp\/v2\/posts"}],"about":[{"href":"https:\/\/www.hashtag.al\/index.php\/wp-json\/wp\/v2\/types\/post"}],"author":[{"embeddable":true,"href":"https:\/\/www.hashtag.al\/index.php\/wp-json\/wp\/v2\/users\/30"}],"replies":[{"embeddable":true,"href":"https:\/\/www.hashtag.al\/index.php\/wp-json\/wp\/v2\/comments?post=494895"}],"version-history":[{"count":0,"href":"https:\/\/www.hashtag.al\/index.php\/wp-json\/wp\/v2\/posts\/494895\/revisions"}],"wp:featuredmedia":[{"embeddable":true,"href":"https:\/\/www.hashtag.al\/index.php\/wp-json\/wp\/v2\/media\/494896"}],"wp:attachment":[{"href":"https:\/\/www.hashtag.al\/index.php\/wp-json\/wp\/v2\/media?parent=494895"}],"wp:term":[{"taxonomy":"category","embeddable":true,"href":"https:\/\/www.hashtag.al\/index.php\/wp-json\/wp\/v2\/categories?post=494895"},{"taxonomy":"post_tag","embeddable":true,"href":"https:\/\/www.hashtag.al\/index.php\/wp-json\/wp\/v2\/tags?post=494895"}],"curies":[{"name":"wp","href":"https:\/\/api.w.org\/{rel}","templated":true}]}}