{"id":494893,"date":"2021-12-30T18:14:12","date_gmt":"2021-12-30T17:14:12","guid":{"rendered":"https:\/\/www.hashtag.al\/?p=494893"},"modified":"2021-12-30T18:14:12","modified_gmt":"2021-12-30T17:14:12","slug":"administratorja-e-albacall-kercenon-aktivistin-e-op-pasi-denoncoi-largimin-nga-puna-te-540-punonjesve","status":"publish","type":"post","link":"https:\/\/www.hashtag.al\/index.php\/2021\/12\/30\/administratorja-e-albacall-kercenon-aktivistin-e-op-pasi-denoncoi-largimin-nga-puna-te-540-punonjesve\/","title":{"rendered":"Administratorja e Albacall k\u00ebrc\u00ebnon aktivistin e OP pasi denoncoi largimin nga puna t\u00eb 540 punonj\u00ebsve","gt_translate_keys":[{"key":"rendered","format":"text"}]},"content":{"rendered":"<p style=\"text-align: justify;\"><span style=\"color: #000000;\"><img loading=\"lazy\" decoding=\"async\" class=\"size-full wp-image-494898\" src=\"https:\/\/www.hashtag.al\/wp-content\/uploads\/2021\/12\/271076046_392204239323511_8419586545770098863_n.jpg\" alt=\"\" width=\"960\" height=\"640\" srcset=\"https:\/\/www.hashtag.al\/wp-content\/uploads\/2021\/12\/271076046_392204239323511_8419586545770098863_n.jpg 960w, https:\/\/www.hashtag.al\/wp-content\/uploads\/2021\/12\/271076046_392204239323511_8419586545770098863_n-300x200.jpg 300w, https:\/\/www.hashtag.al\/wp-content\/uploads\/2021\/12\/271076046_392204239323511_8419586545770098863_n-768x512.jpg 768w\" sizes=\"auto, (max-width: 960px) 100vw, 960px\" \/><\/span><\/p>\n<p style=\"text-align: justify;\"><span style=\"color: #000000;\">\u201cAdministratorja e Albacall Ines Mu\u00e7ostepa oligarkia e call ceneterave dhe partnerja n\u00eb biznes e Edi Ram\u00ebs ka nisur k\u00ebrc\u00ebnimet ndaj aktivistit q\u00eb denoncoi largimet nga puna t\u00eb mbi 500 punonj\u00ebsve\u201d-denoncon aktivisti i Organizat\u00ebs Politike Klodi Leka.<\/span><\/p>\n<p style=\"text-align: justify;\"><span style=\"color: #000000;\">Klodi Leka ka shp\u00ebrndar\u00eb postimin e aktivistit tjet\u00ebr Irdi Ismaili i cili denoncoi m\u00eb her\u00ebt publikisht se kompania e sh\u00ebrbimeve call center largoi masivisht 540 punonj\u00ebs t\u00eb saj.<\/span><\/p>\n<p style=\"text-align: justify;\"><span style=\"color: #000000;\">\u201c<em>Ines Mucostepa, oligarkia e call centerave dhe partnerja n\u00eb biznes e Edi Ram\u00ebs, ka nisur k\u00ebrc\u00ebnimet ndaj shokut ton\u00eb, aktivistit dhe ish-pun\u00ebtorit t\u00eb call centerave t\u00eb saj Irdi Ismaili p\u00ebrse ky ka denoncuar n\u00eb publik pushimin nga puna t\u00eb mbi 500 pun\u00ebtor\u00ebve. Sipas avokateve t\u00eb saj, deklarimi n\u00eb Facebook i Irdit i ka krijuar d\u00ebm moral dhe ekonomik, nd\u00ebrkoh\u00eb q\u00eb pun\u00ebtore si Irdi kan\u00eb akoma pasoja sh\u00ebndet\u00ebsore nga mbishfrytezimi n\u00eb call centerat e znj.Mu\u00e7ostepa<\/em>\u201d-shkruan Leka.<\/span><\/p>\n<p style=\"text-align: justify;\"><span style=\"color: #000000;\">Ismaili n\u00eb postimin e tij thot\u00eb se avokat\u00ebt e \u201cAlbacall\u201d i kan\u00eb b\u00ebr\u00eb me dije se do ket\u00eb pasoja ligjore n\u00ebse nuk heq postimin ku denonconte shkarkimin masiv t\u00eb punonj\u00ebsve pasi sipas tyre i ka shkaktuar \u201cd\u00ebme t\u00eb pllogartishme ekonomike dhe prishje imazhi\u201d.<\/span><\/p>\n<p style=\"text-align: justify;\"><span style=\"color: #000000;\"><strong><img loading=\"lazy\" decoding=\"async\" class=\"aligncenter size-full wp-image-494899\" src=\"https:\/\/www.hashtag.al\/wp-content\/uploads\/2021\/12\/270423306_392204255990176_3682790371035672306_n.jpg\" alt=\"\" width=\"2048\" height=\"1365\" srcset=\"https:\/\/www.hashtag.al\/wp-content\/uploads\/2021\/12\/270423306_392204255990176_3682790371035672306_n.jpg 2048w, https:\/\/www.hashtag.al\/wp-content\/uploads\/2021\/12\/270423306_392204255990176_3682790371035672306_n-300x200.jpg 300w, https:\/\/www.hashtag.al\/wp-content\/uploads\/2021\/12\/270423306_392204255990176_3682790371035672306_n-1024x683.jpg 1024w, https:\/\/www.hashtag.al\/wp-content\/uploads\/2021\/12\/270423306_392204255990176_3682790371035672306_n-768x512.jpg 768w, https:\/\/www.hashtag.al\/wp-content\/uploads\/2021\/12\/270423306_392204255990176_3682790371035672306_n-1536x1024.jpg 1536w\" sizes=\"auto, (max-width: 2048px) 100vw, 2048px\" \/><\/strong><\/span><\/p>\n<p style=\"text-align: justify;\"><span style=\"color: #000000;\"><strong>Postimi i plot\u00eb i Irdi Ismailit:<\/strong><\/span><\/p>\n<p style=\"text-align: justify;\"><span style=\"color: #000000;\">Avokatet e Albacall Sha me kan\u00eb b\u00ebr\u00eb me dije, n\u00ebp\u00ebrmjet nj\u00eb email-i, q\u00eb statusi im i para 3 dit\u00ebve, ku denoncoja pushimin kolektiv nga puna t\u00eb 540 pun\u00ebtor\u00ebve u ka shkaktuar &#8220;d\u00ebme ta PALLOGARITSHME&#8221; ekonomike dhe prishje t\u00eb imazhit dhe n\u00ebse nuk e p\u00ebrgenj\u00ebshtroj postimin qe kam bere do kem pasoja ligjore.<\/span><\/p>\n<p style=\"text-align: justify;\"><span style=\"color: #000000;\">Albacall-it i kam lene 5 vite te jetes time dhe i kam marr mbrapsht dhimbje kronike mesi, degjim te reduktuar dhe probleme me syte.<\/span><\/p>\n<p style=\"text-align: justify;\"><span style=\"color: #000000;\">Qe kur nisem te organizoheshim sindikalisht me sindikaten Solidariteti, Ines Mucostepa, administrata e Albacall dhe institucionet shteterore, duke filluar qe nga gjykata, inspektorati i punes, etj, i kane vene qellim vetes qe te na pengojne.<\/span><\/p>\n<p style=\"text-align: justify;\"><span style=\"color: #000000;\">Fillimisht gjykata na vonoi 6 muaj njohjen ligjore te sindikat\u00ebs duke i shkel ligjet ne fuqi me te dyja k\u00ebmb\u00ebt.<\/span><\/p>\n<p style=\"text-align: justify;\"><span style=\"color: #000000;\">Me pas inspektorati i punes dhe institucione te tjera qe trajtojn\u00eb \u00e7\u00ebshtjet e pun\u00ebs n\u00eb Shqip\u00ebri, na kane zvarritur p\u00ebr muaj t\u00eb t\u00ebr\u00eb me shkresa e me p\u00ebrgjigje boshe.<\/span><\/p>\n<p style=\"text-align: justify;\"><span style=\"color: #000000;\">Pasi arrit\u00ebm t\u00eb fitonim disa prej k\u00ebrkesave t\u00eb parashtruara ndaj kompanis\u00eb filloi persekutimi. Nga grupi organizator nj\u00eb nga nj\u00eb brenda 6 muajve t\u00eb ardhsh\u00ebm u larguan, ca me t\u00eb mire e ca me te keq nga puna.<\/span><\/p>\n<p style=\"text-align: justify;\"><span style=\"color: #000000;\">Tani qe prej me shume se nj\u00eb viti nuk punoj m\u00eb n\u00eb at\u00eb kompani, duan te me mbyllin goj\u00ebn dhe mos te flas p\u00ebr pisll\u00ebqet q\u00eb bejne me pun\u00ebtor\u00ebt, per favorizimet qe kane nga qeveria dhe institucionet shteterore, per abuzimet qe bejne me fond publike, per faktin qe mendojn\u00eb se jan\u00eb mbi ligjin.<\/span><\/p>\n<p style=\"text-align: justify;\"><span style=\"color: #000000;\">Inesi mbase e sheh veten si skllavopronare dhe institucionet shteterore si mjete per te ushtruar pushtetin e vete mbi nj\u00eb rini te vuajtur qe po le vitet e rinise ne &#8220;ferm\u00ebn&#8221; e saj, por ne nuk jemi skllev\u00ebr.<\/span><\/p>\n<p style=\"text-align: justify;\"><span style=\"color: #000000;\">Ma mbyllni goj\u00ebn, ju sfidoj!<\/span><\/p>\n<p style=\"text-align: justify;\">\n","protected":false,"gt_translate_keys":[{"key":"rendered","format":"html"}]},"excerpt":{"rendered":"<p>\u201cAdministratorja e Albacall Ines Mu\u00e7ostepa oligarkia e call ceneterave dhe partnerja n\u00eb biznes e Edi Ram\u00ebs ka nisur k\u00ebrc\u00ebnimet ndaj aktivistit q\u00eb denoncoi largimet nga puna t\u00eb mbi 500 punonj\u00ebsve\u201d-denoncon aktivisti i Organizat\u00ebs Politike Klodi Leka. Klodi Leka ka shp\u00ebrndar\u00eb postimin e aktivistit tjet\u00ebr Irdi Ismaili i cili denoncoi m\u00eb her\u00ebt publikisht se kompania e [&hellip;]<\/p>\n","protected":false,"gt_translate_keys":[{"key":"rendered","format":"html"}]},"author":32,"featured_media":494898,"comment_status":"closed","ping_status":"closed","sticky":false,"template":"","format":"standard","meta":{"footnotes":""},"categories":[65,13],"tags":[],"class_list":["post-494893","post","type-post","status-publish","format-standard","has-post-thumbnail","hentry","category-lajme","category-te-fundit"],"gt_translate_keys":[{"key":"link","format":"url"}],"_links":{"self":[{"href":"https:\/\/www.hashtag.al\/index.php\/wp-json\/wp\/v2\/posts\/494893","targetHints":{"allow":["GET"]}}],"collection":[{"href":"https:\/\/www.hashtag.al\/index.php\/wp-json\/wp\/v2\/posts"}],"about":[{"href":"https:\/\/www.hashtag.al\/index.php\/wp-json\/wp\/v2\/types\/post"}],"author":[{"embeddable":true,"href":"https:\/\/www.hashtag.al\/index.php\/wp-json\/wp\/v2\/users\/32"}],"replies":[{"embeddable":true,"href":"https:\/\/www.hashtag.al\/index.php\/wp-json\/wp\/v2\/comments?post=494893"}],"version-history":[{"count":0,"href":"https:\/\/www.hashtag.al\/index.php\/wp-json\/wp\/v2\/posts\/494893\/revisions"}],"wp:featuredmedia":[{"embeddable":true,"href":"https:\/\/www.hashtag.al\/index.php\/wp-json\/wp\/v2\/media\/494898"}],"wp:attachment":[{"href":"https:\/\/www.hashtag.al\/index.php\/wp-json\/wp\/v2\/media?parent=494893"}],"wp:term":[{"taxonomy":"category","embeddable":true,"href":"https:\/\/www.hashtag.al\/index.php\/wp-json\/wp\/v2\/categories?post=494893"},{"taxonomy":"post_tag","embeddable":true,"href":"https:\/\/www.hashtag.al\/index.php\/wp-json\/wp\/v2\/tags?post=494893"}],"curies":[{"name":"wp","href":"https:\/\/api.w.org\/{rel}","templated":true}]}}