{"id":494891,"date":"2021-12-30T17:55:27","date_gmt":"2021-12-30T16:55:27","guid":{"rendered":"https:\/\/www.hashtag.al\/?p=494891"},"modified":"2021-12-30T17:55:27","modified_gmt":"2021-12-30T16:55:27","slug":"basha-ka-tre-instrumente-per-pastrimin-e-politikes","status":"publish","type":"post","link":"https:\/\/www.hashtag.al\/index.php\/2021\/12\/30\/basha-ka-tre-instrumente-per-pastrimin-e-politikes\/","title":{"rendered":"Basha: Ka tre instrumente p\u00ebr pastrimin e politik\u00ebs","gt_translate_keys":[{"key":"rendered","format":"text"}]},"content":{"rendered":"<p><span style=\"color: #000000;\"><a href=\"https:\/\/www.hashtag.al\/wp-content\/uploads\/2021\/12\/Lb-8.jpg\"><img loading=\"lazy\" decoding=\"async\" class=\"aligncenter size-full wp-image-494892\" src=\"https:\/\/www.hashtag.al\/wp-content\/uploads\/2021\/12\/Lb-8.jpg\" alt=\"\" width=\"837\" height=\"421\" srcset=\"https:\/\/www.hashtag.al\/wp-content\/uploads\/2021\/12\/Lb-8.jpg 837w, https:\/\/www.hashtag.al\/wp-content\/uploads\/2021\/12\/Lb-8-300x151.jpg 300w, https:\/\/www.hashtag.al\/wp-content\/uploads\/2021\/12\/Lb-8-768x386.jpg 768w\" sizes=\"auto, (max-width: 837px) 100vw, 837px\" \/><\/a><\/span><\/p>\n<p><span style=\"color: #000000;\">Kryetari i Partis\u00eb Demokratike Lulzim Basha n\u00eb konferenc\u00ebn e sotme me gazetar\u00eb p\u00ebrmendi tre instumente p\u00ebr pastrimin e politik\u00ebs: reforma e thell\u00eb zgjedhore, duke p\u00ebrfshir\u00eb dhe Kushtetut\u00ebn; drejt\u00ebsia t\u00eb b\u00ebj\u00eb p\u00ebrpara dhe vettingu n\u00eb politik\u00eb.<\/span><\/p>\n<p><span style=\"color: #000000;\"><em>\u00a0\u201cPastrimi i politik\u00ebs kryhet p\u00ebrmes tre instrumenteve. Patronazhist\u00ebt, nj\u00eb konfirmim i partis\u00eb-shtet, u konfirmua nga afera e incenerator\u00ebve.\u00a0<\/em><\/span><\/p>\n<p><span style=\"color: #000000;\"><em>S\u00eb pari zgjedhjet. \u00c7lirimi i zgjedhjeve nga rrethimi i shum\u00ebfisht\u00eb nga patronazhist\u00ebt, oligark\u00ebt dhe krimi, nuk mund t\u00eb kryhet me disa hapa korrektiv\u00eb n\u00eb ligjin e reform\u00ebs zgjedhore.<\/em><\/span><\/p>\n<p><span style=\"color: #000000;\"><em>Duhet nj\u00eb reform\u00eb e thell\u00eb q\u00eb t\u00eb p\u00ebrfshij\u00eb edhe Kushtetut\u00ebn dhe t\u00eb gjith\u00eb shoq\u00ebrin\u00eb dhe nuk mund t\u00eb kryhet n\u00eb dhoma t\u00eb err\u00ebta si ajo e vitit 2008. Ky \u00ebsht\u00eb nj\u00eb kusht q\u00eb nuk mund t\u00eb ecet p\u00ebrpara dhe \u00ebsht\u00eb arsyeja kryesore pse PD ndodhet n\u00eb nj\u00eb parlament q\u00eb nuk p\u00ebrfaq\u00ebson vullnetin e qytetar\u00ebve.<\/em><\/span><\/p>\n<p><span style=\"color: #000000;\"><em>E dyta m\u00ebnyr\u00eb p\u00ebr t\u00eb luftuar korrupsionin \u00ebsht\u00eb q\u00eb drejt\u00ebsia t\u00eb b\u00ebj\u00eb p\u00ebrpara. Hapat e par\u00eb jan\u00eb inkurajues. Shqiptar\u00ebt presin dhe meritojn\u00eb m\u00eb shum\u00eb dhe m\u00eb shpejt.<\/em><\/span><\/p>\n<p><span style=\"color: #000000;\"><em>Dhe hapi i tret\u00eb \u00ebsht\u00eb vettingu i politikan\u00ebve. Kjo nuk \u00ebsht\u00eb p\u00ebr t\u00eb \u2018lar\u00eb goj\u00ebn\u2019 por p\u00ebr t\u00eb \u00e7liruar Shqip\u00ebrin\u00eb dhe shqiptar\u00ebt.<\/em><\/span><\/p>\n<p><span style=\"color: #000000;\"><em>Sot kam nj\u00eb mesazh, jo p\u00ebr drejt\u00ebsin\u00eb, por p\u00ebr ata hetues, prokuror\u00eb dhe gjyqtar\u00eb, n\u00eb ve\u00e7anti atyre q\u00eb u \u00ebsht\u00eb besuar lufta kund\u00ebr korrupsionit, \u2018dor\u00ebs s\u00eb zez\u00eb\u2019 q\u00eb fshih gjith\u00e7ka, keni dhe do t\u00eb keni mb\u00ebshtetjen e plot\u00eb t\u00eb PD-s\u00eb dhe timen personale.<\/em><\/span><\/p>\n<p><span style=\"color: #000000;\"><em>E di q\u00eb kjo \u00ebsht\u00eb nj\u00eb rrug\u00eb e v\u00ebshtir\u00eb, ndesheni me presionin e aktor\u00ebve q\u00eb konsiderojn\u00eb Shqip\u00ebrin\u00eb si pla\u00e7k\u00ebn e tyre; aktor\u00eb ekonomik\u00eb, politik\u00eb, apo mediatik\u00eb.\u201d- <\/em>deklaroi ai.<\/span><\/p>\n<p>&nbsp;<\/p>\n","protected":false,"gt_translate_keys":[{"key":"rendered","format":"html"}]},"excerpt":{"rendered":"<p>Kryetari i Partis\u00eb Demokratike Lulzim Basha n\u00eb konferenc\u00ebn e sotme me gazetar\u00eb p\u00ebrmendi tre instumente p\u00ebr pastrimin e politik\u00ebs: reforma e thell\u00eb zgjedhore, duke p\u00ebrfshir\u00eb dhe Kushtetut\u00ebn; drejt\u00ebsia t\u00eb b\u00ebj\u00eb p\u00ebrpara dhe vettingu n\u00eb politik\u00eb. \u00a0\u201cPastrimi i politik\u00ebs kryhet p\u00ebrmes tre instrumenteve. Patronazhist\u00ebt, nj\u00eb konfirmim i partis\u00eb-shtet, u konfirmua nga afera e incenerator\u00ebve.\u00a0 S\u00eb pari [&hellip;]<\/p>\n","protected":false,"gt_translate_keys":[{"key":"rendered","format":"html"}]},"author":30,"featured_media":494892,"comment_status":"closed","ping_status":"closed","sticky":false,"template":"","format":"standard","meta":{"footnotes":""},"categories":[65,13],"tags":[],"class_list":["post-494891","post","type-post","status-publish","format-standard","has-post-thumbnail","hentry","category-lajme","category-te-fundit"],"gt_translate_keys":[{"key":"link","format":"url"}],"_links":{"self":[{"href":"https:\/\/www.hashtag.al\/index.php\/wp-json\/wp\/v2\/posts\/494891","targetHints":{"allow":["GET"]}}],"collection":[{"href":"https:\/\/www.hashtag.al\/index.php\/wp-json\/wp\/v2\/posts"}],"about":[{"href":"https:\/\/www.hashtag.al\/index.php\/wp-json\/wp\/v2\/types\/post"}],"author":[{"embeddable":true,"href":"https:\/\/www.hashtag.al\/index.php\/wp-json\/wp\/v2\/users\/30"}],"replies":[{"embeddable":true,"href":"https:\/\/www.hashtag.al\/index.php\/wp-json\/wp\/v2\/comments?post=494891"}],"version-history":[{"count":0,"href":"https:\/\/www.hashtag.al\/index.php\/wp-json\/wp\/v2\/posts\/494891\/revisions"}],"wp:featuredmedia":[{"embeddable":true,"href":"https:\/\/www.hashtag.al\/index.php\/wp-json\/wp\/v2\/media\/494892"}],"wp:attachment":[{"href":"https:\/\/www.hashtag.al\/index.php\/wp-json\/wp\/v2\/media?parent=494891"}],"wp:term":[{"taxonomy":"category","embeddable":true,"href":"https:\/\/www.hashtag.al\/index.php\/wp-json\/wp\/v2\/categories?post=494891"},{"taxonomy":"post_tag","embeddable":true,"href":"https:\/\/www.hashtag.al\/index.php\/wp-json\/wp\/v2\/tags?post=494891"}],"curies":[{"name":"wp","href":"https:\/\/api.w.org\/{rel}","templated":true}]}}