{"id":494614,"date":"2021-12-29T12:44:54","date_gmt":"2021-12-29T11:44:54","guid":{"rendered":"https:\/\/www.hashtag.al\/?p=494614"},"modified":"2021-12-29T12:44:54","modified_gmt":"2021-12-29T11:44:54","slug":"berisha-shkon-ne-vlore-per-31-vjetorin-e-themelimit-te-pd-se","status":"publish","type":"post","link":"https:\/\/www.hashtag.al\/index.php\/2021\/12\/29\/berisha-shkon-ne-vlore-per-31-vjetorin-e-themelimit-te-pd-se\/","title":{"rendered":"Berisha shkon n\u00eb Vlor\u00eb p\u00ebr 31-vjetorin e themelimit t\u00eb PD-s\u00eb","gt_translate_keys":[{"key":"rendered","format":"text"}]},"content":{"rendered":"<p><span style=\"color: #000000;\"><img loading=\"lazy\" decoding=\"async\" class=\"aligncenter size-full wp-image-494615\" src=\"https:\/\/www.hashtag.al\/wp-content\/uploads\/2021\/12\/berisha3-3.jpg\" alt=\"\" width=\"1422\" height=\"608\" srcset=\"https:\/\/www.hashtag.al\/wp-content\/uploads\/2021\/12\/berisha3-3.jpg 1422w, https:\/\/www.hashtag.al\/wp-content\/uploads\/2021\/12\/berisha3-3-300x128.jpg 300w, https:\/\/www.hashtag.al\/wp-content\/uploads\/2021\/12\/berisha3-3-1024x438.jpg 1024w, https:\/\/www.hashtag.al\/wp-content\/uploads\/2021\/12\/berisha3-3-768x328.jpg 768w\" sizes=\"auto, (max-width: 1422px) 100vw, 1422px\" \/><\/span><\/p>\n<p><span style=\"color: #000000;\">Ish-kryeministri Berisha ka shkuar n\u00eb Vlor\u00eb p\u00ebr 31-vjetorin e themelimit t\u00eb PD-s\u00eb n\u00eb qytetin bregdetar. <\/span><\/p>\n<p><span style=\"color: #000000;\">Ai shoqerohet nga deputeti Bujar Leskaj si dhe kreu i deg\u00ebs, Genc Deromemaj. Dhjetra qytetar\u00eb kishin dal\u00eb t\u00eb prisnin ish-kreun e PD-s\u00eb n\u00eb Vlor\u00eb. <\/span><\/p>\n<p><span style=\"color: #000000;\">Dit\u00ebn e djeshme, Berisha ishte i pranish\u00ebm n\u00eb fest\u00ebn e organizuar n\u00eb Durr\u00ebs me rastin e 31-vjetorit t\u00eb themelimit t\u00eb PD-s\u00eb atje.<\/span><\/p>\n<p><span style=\"color: #000000;\"><img loading=\"lazy\" decoding=\"async\" class=\"aligncenter size-full wp-image-494616\" src=\"https:\/\/www.hashtag.al\/wp-content\/uploads\/2021\/12\/bverisha2.jpg\" alt=\"\" width=\"1321\" height=\"600\" srcset=\"https:\/\/www.hashtag.al\/wp-content\/uploads\/2021\/12\/bverisha2.jpg 1321w, https:\/\/www.hashtag.al\/wp-content\/uploads\/2021\/12\/bverisha2-300x136.jpg 300w, https:\/\/www.hashtag.al\/wp-content\/uploads\/2021\/12\/bverisha2-1024x465.jpg 1024w, https:\/\/www.hashtag.al\/wp-content\/uploads\/2021\/12\/bverisha2-768x349.jpg 768w\" sizes=\"auto, (max-width: 1321px) 100vw, 1321px\" \/><\/span><\/p>\n","protected":false,"gt_translate_keys":[{"key":"rendered","format":"html"}]},"excerpt":{"rendered":"<p>Ish-kryeministri Berisha ka shkuar n\u00eb Vlor\u00eb p\u00ebr 31-vjetorin e themelimit t\u00eb PD-s\u00eb n\u00eb qytetin bregdetar. Ai shoqerohet nga deputeti Bujar Leskaj si dhe kreu i deg\u00ebs, Genc Deromemaj. Dhjetra qytetar\u00eb kishin dal\u00eb t\u00eb prisnin ish-kreun e PD-s\u00eb n\u00eb Vlor\u00eb. Dit\u00ebn e djeshme, Berisha ishte i pranish\u00ebm n\u00eb fest\u00ebn e organizuar n\u00eb Durr\u00ebs me rastin e [&hellip;]<\/p>\n","protected":false,"gt_translate_keys":[{"key":"rendered","format":"html"}]},"author":51,"featured_media":494615,"comment_status":"closed","ping_status":"closed","sticky":false,"template":"","format":"standard","meta":{"footnotes":""},"categories":[65,13],"tags":[],"class_list":["post-494614","post","type-post","status-publish","format-standard","has-post-thumbnail","hentry","category-lajme","category-te-fundit"],"gt_translate_keys":[{"key":"link","format":"url"}],"_links":{"self":[{"href":"https:\/\/www.hashtag.al\/index.php\/wp-json\/wp\/v2\/posts\/494614","targetHints":{"allow":["GET"]}}],"collection":[{"href":"https:\/\/www.hashtag.al\/index.php\/wp-json\/wp\/v2\/posts"}],"about":[{"href":"https:\/\/www.hashtag.al\/index.php\/wp-json\/wp\/v2\/types\/post"}],"author":[{"embeddable":true,"href":"https:\/\/www.hashtag.al\/index.php\/wp-json\/wp\/v2\/users\/51"}],"replies":[{"embeddable":true,"href":"https:\/\/www.hashtag.al\/index.php\/wp-json\/wp\/v2\/comments?post=494614"}],"version-history":[{"count":0,"href":"https:\/\/www.hashtag.al\/index.php\/wp-json\/wp\/v2\/posts\/494614\/revisions"}],"wp:featuredmedia":[{"embeddable":true,"href":"https:\/\/www.hashtag.al\/index.php\/wp-json\/wp\/v2\/media\/494615"}],"wp:attachment":[{"href":"https:\/\/www.hashtag.al\/index.php\/wp-json\/wp\/v2\/media?parent=494614"}],"wp:term":[{"taxonomy":"category","embeddable":true,"href":"https:\/\/www.hashtag.al\/index.php\/wp-json\/wp\/v2\/categories?post=494614"},{"taxonomy":"post_tag","embeddable":true,"href":"https:\/\/www.hashtag.al\/index.php\/wp-json\/wp\/v2\/tags?post=494614"}],"curies":[{"name":"wp","href":"https:\/\/api.w.org\/{rel}","templated":true}]}}