{"id":494478,"date":"2021-12-28T17:09:59","date_gmt":"2021-12-28T16:09:59","guid":{"rendered":"https:\/\/www.hashtag.al\/?p=494478"},"modified":"2021-12-28T17:09:59","modified_gmt":"2021-12-28T16:09:59","slug":"ambasadori-turk-me-ramen-ne-kurbin-krenar-qe-e-realizuam-ne-nje-kohe-rekord-522-apartamente-per-familjet-e-prekura-nga-termeti","status":"publish","type":"post","link":"https:\/\/www.hashtag.al\/index.php\/2021\/12\/28\/ambasadori-turk-me-ramen-ne-kurbin-krenar-qe-e-realizuam-ne-nje-kohe-rekord-522-apartamente-per-familjet-e-prekura-nga-termeti\/","title":{"rendered":"Ambasadori turk me Ram\u00ebn n\u00eb Kurbin: Krenar q\u00eb e realizuam n\u00eb nj\u00eb koh\u00eb rekord, 522 apartamente p\u00ebr familjet e prekura nga t\u00ebrmeti","gt_translate_keys":[{"key":"rendered","format":"text"}]},"content":{"rendered":"<p><span style=\"color: #000000;\"><a href=\"https:\/\/www.hashtag.al\/wp-content\/uploads\/2021\/12\/Turqi-1.jpg\"><img loading=\"lazy\" decoding=\"async\" class=\"aligncenter size-full wp-image-494479\" src=\"https:\/\/www.hashtag.al\/wp-content\/uploads\/2021\/12\/Turqi-1.jpg\" alt=\"\" width=\"892\" height=\"539\" srcset=\"https:\/\/www.hashtag.al\/wp-content\/uploads\/2021\/12\/Turqi-1.jpg 892w, https:\/\/www.hashtag.al\/wp-content\/uploads\/2021\/12\/Turqi-1-300x181.jpg 300w, https:\/\/www.hashtag.al\/wp-content\/uploads\/2021\/12\/Turqi-1-768x464.jpg 768w\" sizes=\"auto, (max-width: 892px) 100vw, 892px\" \/><\/a><\/span><\/p>\n<p><span style=\"color: #000000;\">Kryeministri Edi Rama ndodhet sot n\u00eb Kurbin, p\u00ebr t\u2019u dor\u00ebzuar \u00e7el\u00ebsat e banesave t\u00eb reja mbi 500 familjeve t\u00eb d\u00ebmtuara nga t\u00ebrmeti i 26 N\u00ebntorit t\u00eb 2019-\u00ebs.<\/span><\/p>\n<p><span style=\"color: #000000;\">N\u00eb k\u00ebt\u00eb ceremoni \u00ebsht\u00eb i pranish\u00ebm edhe ambasadori i Turqis\u00eb n\u00eb Shqip\u00ebri, Murat Ahmet Y\u00f6r\u00fck.<\/span><\/p>\n<p><span style=\"color: #000000;\"><em>\u201cAty ku nga rr\u00ebnojat dhe terri i d\u00ebshp\u00ebrimit prej pabesis\u00eb s\u00eb t\u00ebrmetit, ka lindur shpresa plot drit\u00eb e nj\u00eb jete t\u00eb re p\u00ebr 500 familje, t\u00eb cilat kthehen n\u00eb banesa t\u00eb reja p\u00ebr ta g\u00ebzuar Vitin e Ri familjarisht, n\u00eb nj\u00eb streh\u00eb t\u00eb bukur e t\u00eb sigurt\u00eb, brenda nj\u00eb lagjeje t\u00eb bukur europiane.\u201d<\/em>&#8211; shkruan Rama n\u00eb videon e transmetimit t\u00eb drejtp\u00ebrdrejt\u00eb.<\/span><\/p>\n<p><span style=\"color: #000000;\">Ambasadori turk gjat\u00eb fjal\u00ebs s\u00eb tij tha se ishte krenar q\u00eb projekti i realizuar me donacionet e vendit t\u00eb tij ishte arritur n\u00eb nj\u00eb koh\u00eb rekord.<\/span><\/p>\n<p><em><span style=\"color: #000000;\">\u201cVet\u00ebm nj\u00eb vit pas ceremonis\u00eb s\u00eb hedhjes s\u00eb themeleve ka p\u00ebrfunduar ky projekt gjigant me 522 apartamente q\u00eb kan\u00eb kushtuar 42 milion\u00eb Euro.<\/span><\/em><\/p>\n<p><em><span style=\"color: #000000;\">K\u00ebshtu q\u00eb ne k\u00ebtu kemi krijuar nj\u00eb hap\u00ebsir\u00eb banimi krejt t\u00eb re, p\u00ebr nj\u00eb jet\u00eb m\u00eb t\u00eb mir\u00eb dhe shum\u00eb cl\u00ebsore n\u00eb qytetin e La\u00e7it, me apartamente, me shkolla si dhe nj\u00ebsi tregtare.<\/span><\/em><\/p>\n<p><span style=\"color: #000000;\"><em>Koha e p\u00ebrfundimit t\u00eb k\u00ebtij projekti n\u00eb fakt \u00ebsht\u00eb nj\u00eb koh\u00eb rekord e nj\u00ebjt\u00eb si spitali Turqi-Shqip\u00ebri n\u00eb Fier. \u00cbsht\u00eb krenari p\u00ebr vendin dhe kombin ton\u00eb q\u00eb nj\u00eb projekt kaq i madh dhe gjigand t\u00eb p\u00ebrfundoj\u00eb n\u00eb nj\u00eb koh\u00eb kaq t\u00eb shkurt\u00ebr, megjith\u00ebse n\u00eb kushte t\u00eb jasht\u00ebzakonshme t\u00eb epidemis\u00eb globale n\u00eb t\u00eb cil\u00ebn ndodhen t\u00eb tjer\u00eb.\u201d-<\/em> u shpreh ambasadori Murat Ahmet Y\u00f6r\u00fck.<\/span><\/p>\n","protected":false,"gt_translate_keys":[{"key":"rendered","format":"html"}]},"excerpt":{"rendered":"<p>Kryeministri Edi Rama ndodhet sot n\u00eb Kurbin, p\u00ebr t\u2019u dor\u00ebzuar \u00e7el\u00ebsat e banesave t\u00eb reja mbi 500 familjeve t\u00eb d\u00ebmtuara nga t\u00ebrmeti i 26 N\u00ebntorit t\u00eb 2019-\u00ebs. N\u00eb k\u00ebt\u00eb ceremoni \u00ebsht\u00eb i pranish\u00ebm edhe ambasadori i Turqis\u00eb n\u00eb Shqip\u00ebri, Murat Ahmet Y\u00f6r\u00fck. \u201cAty ku nga rr\u00ebnojat dhe terri i d\u00ebshp\u00ebrimit prej pabesis\u00eb s\u00eb t\u00ebrmetit, ka [&hellip;]<\/p>\n","protected":false,"gt_translate_keys":[{"key":"rendered","format":"html"}]},"author":30,"featured_media":494479,"comment_status":"closed","ping_status":"closed","sticky":false,"template":"","format":"standard","meta":{"footnotes":""},"categories":[65,13],"tags":[],"class_list":["post-494478","post","type-post","status-publish","format-standard","has-post-thumbnail","hentry","category-lajme","category-te-fundit"],"gt_translate_keys":[{"key":"link","format":"url"}],"_links":{"self":[{"href":"https:\/\/www.hashtag.al\/index.php\/wp-json\/wp\/v2\/posts\/494478","targetHints":{"allow":["GET"]}}],"collection":[{"href":"https:\/\/www.hashtag.al\/index.php\/wp-json\/wp\/v2\/posts"}],"about":[{"href":"https:\/\/www.hashtag.al\/index.php\/wp-json\/wp\/v2\/types\/post"}],"author":[{"embeddable":true,"href":"https:\/\/www.hashtag.al\/index.php\/wp-json\/wp\/v2\/users\/30"}],"replies":[{"embeddable":true,"href":"https:\/\/www.hashtag.al\/index.php\/wp-json\/wp\/v2\/comments?post=494478"}],"version-history":[{"count":0,"href":"https:\/\/www.hashtag.al\/index.php\/wp-json\/wp\/v2\/posts\/494478\/revisions"}],"wp:featuredmedia":[{"embeddable":true,"href":"https:\/\/www.hashtag.al\/index.php\/wp-json\/wp\/v2\/media\/494479"}],"wp:attachment":[{"href":"https:\/\/www.hashtag.al\/index.php\/wp-json\/wp\/v2\/media?parent=494478"}],"wp:term":[{"taxonomy":"category","embeddable":true,"href":"https:\/\/www.hashtag.al\/index.php\/wp-json\/wp\/v2\/categories?post=494478"},{"taxonomy":"post_tag","embeddable":true,"href":"https:\/\/www.hashtag.al\/index.php\/wp-json\/wp\/v2\/tags?post=494478"}],"curies":[{"name":"wp","href":"https:\/\/api.w.org\/{rel}","templated":true}]}}