{"id":493617,"date":"2021-12-24T13:31:05","date_gmt":"2021-12-24T12:31:05","guid":{"rendered":"https:\/\/www.hashtag.al\/?p=493617"},"modified":"2021-12-24T13:31:05","modified_gmt":"2021-12-24T12:31:05","slug":"rama-prezanton-nismen-e-re-keshill-kombetar-per-shqiperine-do-pyesim-qytetaret-per-ceshtje-te-rendesishme-me-pyetesor","status":"publish","type":"post","link":"https:\/\/www.hashtag.al\/index.php\/2021\/12\/24\/rama-prezanton-nismen-e-re-keshill-kombetar-per-shqiperine-do-pyesim-qytetaret-per-ceshtje-te-rendesishme-me-pyetesor\/","title":{"rendered":"Rama prezanton nism\u00ebn e re K\u00ebshill Komb\u00ebtar p\u00ebr Shqip\u00ebrin\u00eb: Do pyesim qytetar\u00ebt p\u00ebr \u00e7\u00ebshtje t\u00eb r\u00ebnd\u00ebsishme me pyet\u00ebsor","gt_translate_keys":[{"key":"rendered","format":"text"}]},"content":{"rendered":"<p><span style=\"color: #000000;\"><img loading=\"lazy\" decoding=\"async\" class=\"aligncenter size-full wp-image-493618\" src=\"https:\/\/www.hashtag.al\/wp-content\/uploads\/2021\/12\/rama-6.jpg\" alt=\"\" width=\"1022\" height=\"578\" srcset=\"https:\/\/www.hashtag.al\/wp-content\/uploads\/2021\/12\/rama-6.jpg 1022w, https:\/\/www.hashtag.al\/wp-content\/uploads\/2021\/12\/rama-6-300x170.jpg 300w, https:\/\/www.hashtag.al\/wp-content\/uploads\/2021\/12\/rama-6-768x434.jpg 768w\" sizes=\"auto, (max-width: 1022px) 100vw, 1022px\" \/><\/span><\/p>\n<p><span style=\"color: #000000;\">Kryeministri Edi Rama prezantoi dit\u00ebn e sotme nism\u00ebn e re t\u00eb K\u00ebshillimit Komb\u00ebtar p\u00ebr Shqip\u00ebrin\u00eb.<\/span><\/p>\n<p><span style=\"color: #000000;\">Nisma do ket\u00eb form\u00ebn e nj\u00eb pyet\u00ebsori dhe do jet\u00eb p\u00ebrve\u00e7 formatit elektronik edhe n\u00eb form\u00eb fizike.<\/span><\/p>\n<p><span style=\"color: #000000;\">Pyetsori do ket\u00eb tema t\u00eb ndryshme, q\u00eb nga integrimi evropian, \u201cBallkani i Hapur\u201d, ndryshime ligjore apo edhe sistemi i drejt\u00ebsis\u00eb.<\/span><\/p>\n<p><span style=\"color: #000000;\">\u201c<em>Me besimin se ne shqiptar\u00ebt kemi mund\u00ebsi t\u00eb shkojm\u00eb shum\u00eb m\u00eb shpejt p\u00ebrpara n\u00ebse e d\u00ebgjojm\u00eb m\u00eb shum\u00eb nj\u00ebri-tjetrin pa u ndar\u00eb n\u00eb llogoret e vjetra politike, q\u00eb nxisin p\u00ebr\u00e7arjen kund\u00ebr interesit t\u00eb familjeve shqiptare.<\/em><\/span><\/p>\n<p><span style=\"color: #000000;\"><em>N\u00eb prag t\u00eb nj\u00eb viti t\u00eb ri, mund\u00ebsish t\u00eb reja vjen dhe kjo nism\u00eb e re e qeveris\u00eb p\u00ebr k\u00ebshillimin komb\u00ebtar p\u00ebr Shqip\u00ebrin\u00eb.<\/em><\/span><\/p>\n<p><span style=\"color: #000000;\"><em>Ne \u00a0me nj\u00eb pyet\u00ebsor q\u00eb do t\u2019ja v\u00ebm\u00eb n\u00eb dispozicion t\u00eb gjith\u00eb shqiptar\u00ebve brenda apo jasht\u00eb vendit do ti japim jet\u00eb nj\u00eb kuvendimi popullor ku do t\u00eb thithim mendimin e tyre p\u00ebr \u00e7\u00ebshtje me r\u00ebnd\u00ebsi strategjike p\u00ebr vendin ton\u00eb.<\/em><\/span><\/p>\n<p><span style=\"color: #000000;\"><em>\u00cbsht\u00eb m\u00eb shum\u00eb se asnj\u00ebher\u00eb m\u00eb par\u00eb koha p\u00ebr ti l\u00ebn\u00eb pas llogoret e sherrit politik dhe p\u00ebr t\u00eb menduar p\u00ebr gj\u00ebrat q\u00eb na bashkojn\u00eb p\u00ebrtej shum\u00eb gjerave q\u00eb na ndajn\u00eb p\u00ebr t\u00eb hedhur hapa t\u00eb m\u00ebtejshme, duke u k\u00ebshilluar p\u00ebr vendime q\u00eb kan\u00eb impakte p\u00ebr marr\u00ebdh\u00ebniet e Shqip\u00ebris\u00eb me jasht\u00eb, n\u00eb ekonomin\u00eb e sht\u00ebpis\u00eb son\u00eb dhe n\u00eb p\u00ebrpjekjen jetike t\u00eb k\u00ebsaj sht\u00ebpie p\u00ebr t\u00eb thelluar arritjet dhe adresuar plag\u00ebt e padrejt\u00ebsis\u00eb n\u00eb funksion t\u00eb luft\u00ebs n\u00eb drejt\u00ebsi<\/em>\u201d-tha Rama.<\/span><\/p>\n<p>&nbsp;<\/p>\n","protected":false,"gt_translate_keys":[{"key":"rendered","format":"html"}]},"excerpt":{"rendered":"<p>Kryeministri Edi Rama prezantoi dit\u00ebn e sotme nism\u00ebn e re t\u00eb K\u00ebshillimit Komb\u00ebtar p\u00ebr Shqip\u00ebrin\u00eb. Nisma do ket\u00eb form\u00ebn e nj\u00eb pyet\u00ebsori dhe do jet\u00eb p\u00ebrve\u00e7 formatit elektronik edhe n\u00eb form\u00eb fizike. Pyetsori do ket\u00eb tema t\u00eb ndryshme, q\u00eb nga integrimi evropian, \u201cBallkani i Hapur\u201d, ndryshime ligjore apo edhe sistemi i drejt\u00ebsis\u00eb. \u201cMe besimin se [&hellip;]<\/p>\n","protected":false,"gt_translate_keys":[{"key":"rendered","format":"html"}]},"author":32,"featured_media":493618,"comment_status":"closed","ping_status":"closed","sticky":false,"template":"","format":"standard","meta":{"footnotes":""},"categories":[65,13],"tags":[],"class_list":["post-493617","post","type-post","status-publish","format-standard","has-post-thumbnail","hentry","category-lajme","category-te-fundit"],"gt_translate_keys":[{"key":"link","format":"url"}],"_links":{"self":[{"href":"https:\/\/www.hashtag.al\/index.php\/wp-json\/wp\/v2\/posts\/493617","targetHints":{"allow":["GET"]}}],"collection":[{"href":"https:\/\/www.hashtag.al\/index.php\/wp-json\/wp\/v2\/posts"}],"about":[{"href":"https:\/\/www.hashtag.al\/index.php\/wp-json\/wp\/v2\/types\/post"}],"author":[{"embeddable":true,"href":"https:\/\/www.hashtag.al\/index.php\/wp-json\/wp\/v2\/users\/32"}],"replies":[{"embeddable":true,"href":"https:\/\/www.hashtag.al\/index.php\/wp-json\/wp\/v2\/comments?post=493617"}],"version-history":[{"count":0,"href":"https:\/\/www.hashtag.al\/index.php\/wp-json\/wp\/v2\/posts\/493617\/revisions"}],"wp:featuredmedia":[{"embeddable":true,"href":"https:\/\/www.hashtag.al\/index.php\/wp-json\/wp\/v2\/media\/493618"}],"wp:attachment":[{"href":"https:\/\/www.hashtag.al\/index.php\/wp-json\/wp\/v2\/media?parent=493617"}],"wp:term":[{"taxonomy":"category","embeddable":true,"href":"https:\/\/www.hashtag.al\/index.php\/wp-json\/wp\/v2\/categories?post=493617"},{"taxonomy":"post_tag","embeddable":true,"href":"https:\/\/www.hashtag.al\/index.php\/wp-json\/wp\/v2\/tags?post=493617"}],"curies":[{"name":"wp","href":"https:\/\/api.w.org\/{rel}","templated":true}]}}