{"id":493418,"date":"2021-12-23T13:40:25","date_gmt":"2021-12-23T12:40:25","guid":{"rendered":"https:\/\/www.hashtag.al\/?p=493418"},"modified":"2021-12-23T13:40:25","modified_gmt":"2021-12-23T12:40:25","slug":"rama-ngre-pyetje-per-nxjerrjen-e-te-dhenave-pse-u-publikuan-tani-dhe-pse-zedhenes-te-gratanongrata-s-paralajmerojne-te-tjera","status":"publish","type":"post","link":"https:\/\/www.hashtag.al\/index.php\/2021\/12\/23\/rama-ngre-pyetje-per-nxjerrjen-e-te-dhenave-pse-u-publikuan-tani-dhe-pse-zedhenes-te-gratanongrata-s-paralajmerojne-te-tjera\/","title":{"rendered":"Rama ngre pyetje p\u00ebr nxjerrjen e t\u00eb dh\u00ebnave: Pse u publikuan tani dhe pse z\u00ebdh\u00ebn\u00ebs t\u00eb \u201cgratanongrata\u201d-s paralajm\u00ebrojn\u00eb t\u00eb tjera","gt_translate_keys":[{"key":"rendered","format":"text"}]},"content":{"rendered":"<p><span style=\"color: #000000;\"><a href=\"https:\/\/www.hashtag.al\/wp-content\/uploads\/2021\/12\/t.jpg\"><img loading=\"lazy\" decoding=\"async\" class=\"aligncenter size-full wp-image-493419\" src=\"https:\/\/www.hashtag.al\/wp-content\/uploads\/2021\/12\/t.jpg\" alt=\"\" width=\"798\" height=\"582\" srcset=\"https:\/\/www.hashtag.al\/wp-content\/uploads\/2021\/12\/t.jpg 798w, https:\/\/www.hashtag.al\/wp-content\/uploads\/2021\/12\/t-300x219.jpg 300w, https:\/\/www.hashtag.al\/wp-content\/uploads\/2021\/12\/t-768x560.jpg 768w\" sizes=\"auto, (max-width: 798px) 100vw, 798px\" \/><\/a><\/span><\/p>\n<p><span style=\"color: #000000;\">Kryeministri Edi Rama n\u00eb konferenc\u00ebn e sotme p\u00ebr mediet, ka ngritur nj\u00eb pyetje n\u00eb lidhje me skandalin e publikimit t\u00eb pagave t\u00eb mbi 637 mij\u00eb shqiptar\u00ebve, se pse kjo list\u00eb u publikua tani kur t\u00eb dh\u00ebnat kishin rrjedhur prej disa muajsh.<\/span><\/p>\n<p><span style=\"color: #000000;\">Ai hodhi dyshime edhe mbi ish-kryeministrin Sali Berisha, megjith\u00ebse nuk e p\u00ebrmendi me em\u00ebr, duke pyetur se pse \u201cz\u00ebdh\u00ebn\u00ebs t\u00eb gratanongrata paralajm\u00ebrojn\u00eb t\u00eb tjera?\u201d.<\/span><\/p>\n<p><em><span style=\"color: #000000;\">\u201cDua t\u00eb fal\u00ebnderoj t\u00eb gjitha mediat, ekranet n\u00eb m\u00ebnyr\u00eb t\u00eb posa\u00e7me q\u00eb me t\u00eb drejt\u00ebn e tyre e kan\u00eb komentuar, por nuk kan\u00eb nxjerr\u00eb t\u00eb dh\u00ebna sidoqoft\u00eb, po k\u00ebshtu dhe t\u00eb gjith\u00eb ata q\u00eb nuk kan\u00eb b\u00ebr\u00eb k\u00ebt\u00eb krim n\u00eb portalet e veta. Ata t\u00eb cil\u00ebt jan\u00eb shmangur nga mosekspozimi i t\u00eb dh\u00ebnave n\u00eb media dhe kan\u00eb p\u00ebrdorur \u00ebp, mbase e kan\u00eb pasur parasysh k\u00ebt\u00eb gj\u00eb. Edhe ky \u00ebsht\u00eb nj\u00eb fakt interesant, nuk u shmang\u00ebn her\u00ebn e par\u00eb, jan\u00eb shmangur k\u00ebt\u00eb her\u00eb. Interesante, nuk aludoj.<\/span><\/em><\/p>\n<p><span style=\"color: #000000;\"><em>Kjo baz\u00eb ka dal\u00eb n\u00eb nj\u00eb \u2018tik tok\u2019 para disa muajsh dhe nuk \u00ebsht\u00eb p\u00ebrdorur, po \u00ebsht\u00eb p\u00ebrdorur tani. Pse z\u00ebdh\u00ebn\u00ebs t\u00eb gratanongrata paralajm\u00ebrojn\u00eb t\u00eb tjera. \u00cbsht\u00eb dor\u00eb qart\u00ebsisht p\u00ebr konfuzion dhe pasiguri publike. K\u00ebtu nuk ka asnj\u00eb mund\u00ebsi tjet\u00ebr p\u00ebrve\u00e7se ne t\u00eb vazhdojm\u00eb revolucionin dixhital. Mbase k\u00ebt\u00eb e ka nxitur dhe fakti se p\u00ebr disa jav\u00eb me radh\u00eb kemi nd\u00ebrmarr\u00eb nj\u00eb tur sensibilizimi p\u00ebr t\u00eb informuar qytetar\u00ebt se do t\u00eb mbyllen sportelet dhe do jet\u00eb gjith\u00e7ka online. Ne nuk do t\u00eb na pengojn\u00eb k\u00ebta q\u00eb hedhin gurin, fshehin dor\u00ebn, nxjerrin fytyr\u00ebn. Nuk dua t\u00eb spekuloj, si\u00e7 b\u00ebjn\u00eb ata. Nuk b\u00ebj asnj\u00eb asociim me ask\u00ebnd, por them q\u00eb ky \u00ebsht\u00eb nj\u00eb rast dometh\u00ebn\u00ebse p\u00ebr deri ku mund t\u00eb shkojn\u00eb njer\u00ebz dhe forca t\u00eb caktuara kund\u00ebr qytetar\u00ebve p\u00ebr q\u00ebllimet e tyre. Nga ana jon\u00eb do t\u00eb b\u00ebjm\u00eb maksimumin q\u00eb t\u00eb forcojm\u00eb kapacitetet p\u00ebr t\u00eb krijuar mure pas mure, sepse jemi shum\u00eb t\u00eb ekspozuar.\u201d-<\/em> deklaroi Rama.<\/span><\/p>\n","protected":false,"gt_translate_keys":[{"key":"rendered","format":"html"}]},"excerpt":{"rendered":"<p>Kryeministri Edi Rama n\u00eb konferenc\u00ebn e sotme p\u00ebr mediet, ka ngritur nj\u00eb pyetje n\u00eb lidhje me skandalin e publikimit t\u00eb pagave t\u00eb mbi 637 mij\u00eb shqiptar\u00ebve, se pse kjo list\u00eb u publikua tani kur t\u00eb dh\u00ebnat kishin rrjedhur prej disa muajsh. Ai hodhi dyshime edhe mbi ish-kryeministrin Sali Berisha, megjith\u00ebse nuk e p\u00ebrmendi me em\u00ebr, [&hellip;]<\/p>\n","protected":false,"gt_translate_keys":[{"key":"rendered","format":"html"}]},"author":30,"featured_media":493419,"comment_status":"closed","ping_status":"closed","sticky":false,"template":"","format":"standard","meta":{"footnotes":""},"categories":[65,13],"tags":[],"class_list":["post-493418","post","type-post","status-publish","format-standard","has-post-thumbnail","hentry","category-lajme","category-te-fundit"],"gt_translate_keys":[{"key":"link","format":"url"}],"_links":{"self":[{"href":"https:\/\/www.hashtag.al\/index.php\/wp-json\/wp\/v2\/posts\/493418","targetHints":{"allow":["GET"]}}],"collection":[{"href":"https:\/\/www.hashtag.al\/index.php\/wp-json\/wp\/v2\/posts"}],"about":[{"href":"https:\/\/www.hashtag.al\/index.php\/wp-json\/wp\/v2\/types\/post"}],"author":[{"embeddable":true,"href":"https:\/\/www.hashtag.al\/index.php\/wp-json\/wp\/v2\/users\/30"}],"replies":[{"embeddable":true,"href":"https:\/\/www.hashtag.al\/index.php\/wp-json\/wp\/v2\/comments?post=493418"}],"version-history":[{"count":0,"href":"https:\/\/www.hashtag.al\/index.php\/wp-json\/wp\/v2\/posts\/493418\/revisions"}],"wp:featuredmedia":[{"embeddable":true,"href":"https:\/\/www.hashtag.al\/index.php\/wp-json\/wp\/v2\/media\/493419"}],"wp:attachment":[{"href":"https:\/\/www.hashtag.al\/index.php\/wp-json\/wp\/v2\/media?parent=493418"}],"wp:term":[{"taxonomy":"category","embeddable":true,"href":"https:\/\/www.hashtag.al\/index.php\/wp-json\/wp\/v2\/categories?post=493418"},{"taxonomy":"post_tag","embeddable":true,"href":"https:\/\/www.hashtag.al\/index.php\/wp-json\/wp\/v2\/tags?post=493418"}],"curies":[{"name":"wp","href":"https:\/\/api.w.org\/{rel}","templated":true}]}}