{"id":493324,"date":"2021-12-22T23:54:33","date_gmt":"2021-12-22T22:54:33","guid":{"rendered":"https:\/\/www.hashtag.al\/?p=493324"},"modified":"2021-12-22T23:55:09","modified_gmt":"2021-12-22T22:55:09","slug":"manjani-publikimi-tani-i-databazes-eshte-bere-me-qellim-ka-5-muaj-qe-qarkullon","status":"publish","type":"post","link":"https:\/\/www.hashtag.al\/index.php\/2021\/12\/22\/manjani-publikimi-tani-i-databazes-eshte-bere-me-qellim-ka-5-muaj-qe-qarkullon\/","title":{"rendered":"Manjani: Publikimi tani i databaz\u00ebs \u00ebsht\u00eb b\u00ebr\u00eb me q\u00ebllim, ka 5 muaj q\u00eb qarkullon","gt_translate_keys":[{"key":"rendered","format":"text"}]},"content":{"rendered":"<p><span style=\"color: #000000;\"><img loading=\"lazy\" decoding=\"async\" class=\"aligncenter size-full wp-image-493325\" src=\"https:\/\/www.hashtag.al\/wp-content\/uploads\/2021\/12\/manjani.jpg\" alt=\"\" width=\"852\" height=\"568\" srcset=\"https:\/\/www.hashtag.al\/wp-content\/uploads\/2021\/12\/manjani.jpg 852w, https:\/\/www.hashtag.al\/wp-content\/uploads\/2021\/12\/manjani-300x200.jpg 300w, https:\/\/www.hashtag.al\/wp-content\/uploads\/2021\/12\/manjani-768x512.jpg 768w\" sizes=\"auto, (max-width: 852px) 100vw, 852px\" \/><\/span><\/p>\n<p><span style=\"color: #000000;\">Ish-Ministri i Drejt\u00ebsis\u00eb Ylli Manjani deklaroi n\u00eb emisionin \u201cOpinion\u201d se shp\u00ebrndarja e databaz\u00ebs me rrogat e mbi 600 mij\u00eb shqiptar\u00ebve n\u00eb k\u00ebt\u00eb moment \u00ebsht\u00eb b\u00ebr\u00eb me q\u00ebllim.<\/span><\/p>\n<p><span style=\"color: #000000;\">\u00a0Ai tha se n\u00eb fakt k\u00ebto lista kan\u00eb 5 muaj q\u00eb qarkullojn\u00eb, por dalja e tyre tani \u00ebsht\u00eb b\u00ebr\u00eb me q\u00ebllim largimin e v\u00ebmendjes nga ngjarjet politike.<\/span><\/p>\n<p><span style=\"color: #000000;\">\u201c<em>Q\u00eb t\u00eb jemi realist q\u00eb k\u00ebto jan\u00eb b\u00ebr\u00eb me q\u00ebllim, jan\u00eb me q\u00ebllim. K\u00ebto kan\u00eb 5 muaj q\u00eb qarkullojn\u00eb n\u00eb telefonat e njer\u00ebzve. P\u00ebrse kan\u00eb dal\u00eb tani? Largimin nga v\u00ebmendja politike<\/em>\u201d, tha Manjani.<\/span><\/p>\n<p>&nbsp;<\/p>\n","protected":false,"gt_translate_keys":[{"key":"rendered","format":"html"}]},"excerpt":{"rendered":"<p>Ish-Ministri i Drejt\u00ebsis\u00eb Ylli Manjani deklaroi n\u00eb emisionin \u201cOpinion\u201d se shp\u00ebrndarja e databaz\u00ebs me rrogat e mbi 600 mij\u00eb shqiptar\u00ebve n\u00eb k\u00ebt\u00eb moment \u00ebsht\u00eb b\u00ebr\u00eb me q\u00ebllim. \u00a0Ai tha se n\u00eb fakt k\u00ebto lista kan\u00eb 5 muaj q\u00eb qarkullojn\u00eb, por dalja e tyre tani \u00ebsht\u00eb b\u00ebr\u00eb me q\u00ebllim largimin e v\u00ebmendjes nga ngjarjet politike. \u201cQ\u00eb [&hellip;]<\/p>\n","protected":false,"gt_translate_keys":[{"key":"rendered","format":"html"}]},"author":32,"featured_media":493325,"comment_status":"closed","ping_status":"closed","sticky":false,"template":"","format":"standard","meta":{"footnotes":""},"categories":[65,13],"tags":[],"class_list":["post-493324","post","type-post","status-publish","format-standard","has-post-thumbnail","hentry","category-lajme","category-te-fundit"],"gt_translate_keys":[{"key":"link","format":"url"}],"_links":{"self":[{"href":"https:\/\/www.hashtag.al\/index.php\/wp-json\/wp\/v2\/posts\/493324","targetHints":{"allow":["GET"]}}],"collection":[{"href":"https:\/\/www.hashtag.al\/index.php\/wp-json\/wp\/v2\/posts"}],"about":[{"href":"https:\/\/www.hashtag.al\/index.php\/wp-json\/wp\/v2\/types\/post"}],"author":[{"embeddable":true,"href":"https:\/\/www.hashtag.al\/index.php\/wp-json\/wp\/v2\/users\/32"}],"replies":[{"embeddable":true,"href":"https:\/\/www.hashtag.al\/index.php\/wp-json\/wp\/v2\/comments?post=493324"}],"version-history":[{"count":0,"href":"https:\/\/www.hashtag.al\/index.php\/wp-json\/wp\/v2\/posts\/493324\/revisions"}],"wp:featuredmedia":[{"embeddable":true,"href":"https:\/\/www.hashtag.al\/index.php\/wp-json\/wp\/v2\/media\/493325"}],"wp:attachment":[{"href":"https:\/\/www.hashtag.al\/index.php\/wp-json\/wp\/v2\/media?parent=493324"}],"wp:term":[{"taxonomy":"category","embeddable":true,"href":"https:\/\/www.hashtag.al\/index.php\/wp-json\/wp\/v2\/categories?post=493324"},{"taxonomy":"post_tag","embeddable":true,"href":"https:\/\/www.hashtag.al\/index.php\/wp-json\/wp\/v2\/tags?post=493324"}],"curies":[{"name":"wp","href":"https:\/\/api.w.org\/{rel}","templated":true}]}}