{"id":493124,"date":"2021-12-22T10:29:13","date_gmt":"2021-12-22T09:29:13","guid":{"rendered":"https:\/\/www.hashtag.al\/?p=493124"},"modified":"2021-12-22T10:29:13","modified_gmt":"2021-12-22T09:29:13","slug":"cudia-ne-bjellorusi-hapet-dyqani-i-klubit-te-tifozeve-te-lukashenkos","status":"publish","type":"post","link":"https:\/\/www.hashtag.al\/index.php\/2021\/12\/22\/cudia-ne-bjellorusi-hapet-dyqani-i-klubit-te-tifozeve-te-lukashenkos\/","title":{"rendered":"\u00c7udia n\u00eb Bjellorusi, hapet &#8216;dyqani i klubit t\u00eb tifoz\u00ebve&#8217; t\u00eb Lukashenkos","gt_translate_keys":[{"key":"rendered","format":"text"}]},"content":{"rendered":"<p><span style=\"color: #000000;\"><img loading=\"lazy\" decoding=\"async\" class=\"aligncenter size-full wp-image-493125\" src=\"https:\/\/www.hashtag.al\/wp-content\/uploads\/2021\/12\/lukashenko-1.jpg\" alt=\"\" width=\"980\" height=\"551\" srcset=\"https:\/\/www.hashtag.al\/wp-content\/uploads\/2021\/12\/lukashenko-1.jpg 980w, https:\/\/www.hashtag.al\/wp-content\/uploads\/2021\/12\/lukashenko-1-300x169.jpg 300w, https:\/\/www.hashtag.al\/wp-content\/uploads\/2021\/12\/lukashenko-1-768x432.jpg 768w\" sizes=\"auto, (max-width: 980px) 100vw, 980px\" \/><\/span><\/p>\n<p><span style=\"color: #000000;\">Nj\u00eb dyqan q\u00eb shet mallra me pamjen e mesazhet e liderit bjellorus Alexander Lukashenko ka hapur dyert e tij n\u00eb Minsk. Koncepti pason protestat masive t\u00eb vitit 2020 pas nj\u00eb zgjedhjeje t\u00eb diskutueshme.<\/span><\/p>\n<p><span style=\"color: #000000;\">Hapja e butikut u kap n\u00eb video fundjav\u00ebn e kaluar nga nj\u00eb kanal Telegram i drejtuar nga fansat e vet\u00ebp\u00ebrshkruar t\u00eb liderit, i cili ka sunduar kombin e Evrop\u00ebs Lindore q\u00eb nga viti 1994. Pamjet dukej se shfaqnin klient\u00ebt q\u00eb hynin brenda dyqanit, t\u00eb etur p\u00ebr t\u00eb bler\u00eb mallrat e ndrysh\u00ebm.<\/span><\/p>\n<p><span style=\"color: #000000;\">Dyqani, i quajtur Perviy (\u2018I pari\u2019), duke iu referuar statusit t\u00eb Lukashenkos si lideri i vendit pas pavar\u00ebsis\u00eb, shet nj\u00eb s\u00ebr\u00eb kapu\u00e7esh dhe bluzash t\u00eb zbukuruara me nj\u00eb s\u00ebr\u00eb th\u00ebniesh t\u00eb paharrueshme t\u00eb presidentit, duke p\u00ebrfshir\u00eb nj\u00eb q\u00eb mban slogani \u2018Nuk b\u00ebhesh dot president, \u200b\u200blind president\u2019.<\/span><\/p>\n<p><span style=\"color: #000000;\">Sipas medias shtet\u00ebrore Belta, Lukashenkos iu d\u00ebrguan nj\u00eb s\u00ebr\u00eb bluzash t\u00eb printuara me citimet e tij si dhurat\u00eb p\u00ebr dit\u00eblindje n\u00eb fillim t\u00eb k\u00ebtij viti. Frym\u00ebzuar nga kjo nism\u00eb, Perviy nisi linj\u00ebn e vet t\u00eb mallrave.<\/span><\/p>\n<p><img loading=\"lazy\" decoding=\"async\" class=\"aligncenter size-full wp-image-493126\" src=\"https:\/\/www.hashtag.al\/wp-content\/uploads\/2021\/12\/lukashenko.jpg2_.jpg\" alt=\"\" width=\"1240\" height=\"876\" srcset=\"https:\/\/www.hashtag.al\/wp-content\/uploads\/2021\/12\/lukashenko.jpg2_.jpg 1240w, https:\/\/www.hashtag.al\/wp-content\/uploads\/2021\/12\/lukashenko.jpg2_-300x212.jpg 300w, https:\/\/www.hashtag.al\/wp-content\/uploads\/2021\/12\/lukashenko.jpg2_-1024x723.jpg 1024w, https:\/\/www.hashtag.al\/wp-content\/uploads\/2021\/12\/lukashenko.jpg2_-768x543.jpg 768w\" sizes=\"auto, (max-width: 1240px) 100vw, 1240px\" \/><\/p>\n","protected":false,"gt_translate_keys":[{"key":"rendered","format":"html"}]},"excerpt":{"rendered":"<p>Nj\u00eb dyqan q\u00eb shet mallra me pamjen e mesazhet e liderit bjellorus Alexander Lukashenko ka hapur dyert e tij n\u00eb Minsk. Koncepti pason protestat masive t\u00eb vitit 2020 pas nj\u00eb zgjedhjeje t\u00eb diskutueshme. Hapja e butikut u kap n\u00eb video fundjav\u00ebn e kaluar nga nj\u00eb kanal Telegram i drejtuar nga fansat e vet\u00ebp\u00ebrshkruar t\u00eb liderit, [&hellip;]<\/p>\n","protected":false,"gt_translate_keys":[{"key":"rendered","format":"html"}]},"author":51,"featured_media":493125,"comment_status":"closed","ping_status":"closed","sticky":false,"template":"","format":"standard","meta":{"footnotes":""},"categories":[53],"tags":[],"class_list":["post-493124","post","type-post","status-publish","format-standard","has-post-thumbnail","hentry","category-fast-foodi"],"gt_translate_keys":[{"key":"link","format":"url"}],"_links":{"self":[{"href":"https:\/\/www.hashtag.al\/index.php\/wp-json\/wp\/v2\/posts\/493124","targetHints":{"allow":["GET"]}}],"collection":[{"href":"https:\/\/www.hashtag.al\/index.php\/wp-json\/wp\/v2\/posts"}],"about":[{"href":"https:\/\/www.hashtag.al\/index.php\/wp-json\/wp\/v2\/types\/post"}],"author":[{"embeddable":true,"href":"https:\/\/www.hashtag.al\/index.php\/wp-json\/wp\/v2\/users\/51"}],"replies":[{"embeddable":true,"href":"https:\/\/www.hashtag.al\/index.php\/wp-json\/wp\/v2\/comments?post=493124"}],"version-history":[{"count":0,"href":"https:\/\/www.hashtag.al\/index.php\/wp-json\/wp\/v2\/posts\/493124\/revisions"}],"wp:featuredmedia":[{"embeddable":true,"href":"https:\/\/www.hashtag.al\/index.php\/wp-json\/wp\/v2\/media\/493125"}],"wp:attachment":[{"href":"https:\/\/www.hashtag.al\/index.php\/wp-json\/wp\/v2\/media?parent=493124"}],"wp:term":[{"taxonomy":"category","embeddable":true,"href":"https:\/\/www.hashtag.al\/index.php\/wp-json\/wp\/v2\/categories?post=493124"},{"taxonomy":"post_tag","embeddable":true,"href":"https:\/\/www.hashtag.al\/index.php\/wp-json\/wp\/v2\/tags?post=493124"}],"curies":[{"name":"wp","href":"https:\/\/api.w.org\/{rel}","templated":true}]}}