{"id":492885,"date":"2021-12-21T09:47:44","date_gmt":"2021-12-21T08:47:44","guid":{"rendered":"https:\/\/www.hashtag.al\/?p=492885"},"modified":"2021-12-21T09:47:44","modified_gmt":"2021-12-21T08:47:44","slug":"rama-eshte-nje-fillese-krejt-e-re-marreveshjet-qe-do-nenshkruajme-percaktojne-nje-hap-tejet-te-rendesishem","status":"publish","type":"post","link":"https:\/\/www.hashtag.al\/index.php\/2021\/12\/21\/rama-eshte-nje-fillese-krejt-e-re-marreveshjet-qe-do-nenshkruajme-percaktojne-nje-hap-tejet-te-rendesishem\/","title":{"rendered":"Rama: \u00cbsht\u00eb nj\u00eb filles\u00eb krejt e re, marr\u00ebveshjet q\u00eb do n\u00ebnshkruajm\u00eb p\u00ebrcaktojn\u00eb nj\u00eb hap tejet t\u00eb r\u00ebnd\u00ebsish\u00ebm","gt_translate_keys":[{"key":"rendered","format":"text"}]},"content":{"rendered":"<p><span style=\"color: #000000;\"><img loading=\"lazy\" decoding=\"async\" class=\"aligncenter size-full wp-image-492886\" src=\"https:\/\/www.hashtag.al\/wp-content\/uploads\/2021\/12\/ramaedi-1.jpg\" alt=\"\" width=\"1416\" height=\"776\" srcset=\"https:\/\/www.hashtag.al\/wp-content\/uploads\/2021\/12\/ramaedi-1.jpg 1416w, https:\/\/www.hashtag.al\/wp-content\/uploads\/2021\/12\/ramaedi-1-300x164.jpg 300w, https:\/\/www.hashtag.al\/wp-content\/uploads\/2021\/12\/ramaedi-1-1024x561.jpg 1024w, https:\/\/www.hashtag.al\/wp-content\/uploads\/2021\/12\/ramaedi-1-768x421.jpg 768w\" sizes=\"auto, (max-width: 1416px) 100vw, 1416px\" \/><\/span><\/p>\n<p><span style=\"color: #000000;\">Kryeministri Rama ka th\u00ebn\u00eb n\u00eb fjal\u00ebn e hapjes n\u00eb takimin e nism\u00ebs s\u00eb Ballkanit t\u00eb Hapur q\u00eb po zhvillohet n\u00eb Tiran\u00eb se sot do n\u00ebnshkruhen nj\u00eb s\u00ebr\u00eb marr\u00ebveshjes mes vendeve, q\u00eb do leht\u00ebsojn\u00eb l\u00ebvizjen e lir\u00eb t\u00eb mallrave, njer\u00ebzve e sh\u00ebrbimeve.<\/span><\/p>\n<p><span style=\"color: #000000;\"><em>\u201c\u00cbsht\u00eb nj\u00eb moment ky\u00e7 i procesit ton\u00eb sepse marr\u00ebveshjet q\u00eb do t\u00eb n\u00ebnshkruhen do t\u00eb p\u00ebrcaktojn\u00eb nj\u00eb hap shum\u00eb t\u00eb r\u00ebnd\u00ebsish\u00ebm para drejt objektivit ton\u00eb q\u00eb \u00ebsht\u00eb t\u00eb garantojm\u00eb lirin\u00eb e plot\u00eb t\u00eb l\u00ebvizjes s\u00eb njer\u00ebzve mallrave, kapitaleve e sh\u00ebrbimeve. M\u00eb lini t\u00eb kaloj n\u00ebp\u00ebr secil\u00ebn shtyll\u00eb t\u00eb Ballkanit t\u00eb Hapur, duke p\u00ebrs\u00ebritur thirrjen se Ballkanin i Hapur \u00ebsht\u00eb nj\u00eb nism\u00eb t\u00ebr\u00ebsisht p\u00ebrfshir\u00ebse dhe duke inkurajuar t\u00eb tjet\u00ebr t\u00eb\u00a0 jen\u00eb e k\u00ebsaj p\u00ebrpjekje, por ne duhet t\u00eb ecim para pasi kjo \u00ebsht\u00eb nevoj\u00eb t\u00eb ecim para. Kjo marr\u00ebveshje do jet\u00eb nj\u00eb filles\u00eb krejt e re p\u00ebr vendet.\u201d<\/em> &#8211; tha Rama.<\/span><\/p>\n","protected":false,"gt_translate_keys":[{"key":"rendered","format":"html"}]},"excerpt":{"rendered":"<p>Kryeministri Rama ka th\u00ebn\u00eb n\u00eb fjal\u00ebn e hapjes n\u00eb takimin e nism\u00ebs s\u00eb Ballkanit t\u00eb Hapur q\u00eb po zhvillohet n\u00eb Tiran\u00eb se sot do n\u00ebnshkruhen nj\u00eb s\u00ebr\u00eb marr\u00ebveshjes mes vendeve, q\u00eb do leht\u00ebsojn\u00eb l\u00ebvizjen e lir\u00eb t\u00eb mallrave, njer\u00ebzve e sh\u00ebrbimeve. \u201c\u00cbsht\u00eb nj\u00eb moment ky\u00e7 i procesit ton\u00eb sepse marr\u00ebveshjet q\u00eb do t\u00eb n\u00ebnshkruhen do [&hellip;]<\/p>\n","protected":false,"gt_translate_keys":[{"key":"rendered","format":"html"}]},"author":51,"featured_media":492886,"comment_status":"closed","ping_status":"closed","sticky":false,"template":"","format":"standard","meta":{"footnotes":""},"categories":[65,13],"tags":[],"class_list":["post-492885","post","type-post","status-publish","format-standard","has-post-thumbnail","hentry","category-lajme","category-te-fundit"],"gt_translate_keys":[{"key":"link","format":"url"}],"_links":{"self":[{"href":"https:\/\/www.hashtag.al\/index.php\/wp-json\/wp\/v2\/posts\/492885","targetHints":{"allow":["GET"]}}],"collection":[{"href":"https:\/\/www.hashtag.al\/index.php\/wp-json\/wp\/v2\/posts"}],"about":[{"href":"https:\/\/www.hashtag.al\/index.php\/wp-json\/wp\/v2\/types\/post"}],"author":[{"embeddable":true,"href":"https:\/\/www.hashtag.al\/index.php\/wp-json\/wp\/v2\/users\/51"}],"replies":[{"embeddable":true,"href":"https:\/\/www.hashtag.al\/index.php\/wp-json\/wp\/v2\/comments?post=492885"}],"version-history":[{"count":0,"href":"https:\/\/www.hashtag.al\/index.php\/wp-json\/wp\/v2\/posts\/492885\/revisions"}],"wp:featuredmedia":[{"embeddable":true,"href":"https:\/\/www.hashtag.al\/index.php\/wp-json\/wp\/v2\/media\/492886"}],"wp:attachment":[{"href":"https:\/\/www.hashtag.al\/index.php\/wp-json\/wp\/v2\/media?parent=492885"}],"wp:term":[{"taxonomy":"category","embeddable":true,"href":"https:\/\/www.hashtag.al\/index.php\/wp-json\/wp\/v2\/categories?post=492885"},{"taxonomy":"post_tag","embeddable":true,"href":"https:\/\/www.hashtag.al\/index.php\/wp-json\/wp\/v2\/tags?post=492885"}],"curies":[{"name":"wp","href":"https:\/\/api.w.org\/{rel}","templated":true}]}}