{"id":492877,"date":"2021-12-21T09:12:19","date_gmt":"2021-12-21T08:12:19","guid":{"rendered":"https:\/\/www.hashtag.al\/?p=492877"},"modified":"2021-12-21T09:12:19","modified_gmt":"2021-12-21T08:12:19","slug":"kryeministrja-serbe-protesta-ne-tirane-pati-mbeshtetje-edhe-nga-beogradi-ka-njerez-te-se-shkuares-qe-e-ndertojne-politiken-mbi-konflikt","status":"publish","type":"post","link":"https:\/\/www.hashtag.al\/index.php\/2021\/12\/21\/kryeministrja-serbe-protesta-ne-tirane-pati-mbeshtetje-edhe-nga-beogradi-ka-njerez-te-se-shkuares-qe-e-ndertojne-politiken-mbi-konflikt\/","title":{"rendered":"Kryeministrja serbe: Protesta n\u00eb Tiran\u00eb pati mb\u00ebshtetje edhe nga Beogradi, ka njer\u00ebz t\u00eb s\u00eb shkuar\u00ebs q\u00eb e nd\u00ebrtojn\u00eb politik\u00ebn mbi konflikt","gt_translate_keys":[{"key":"rendered","format":"text"}]},"content":{"rendered":"<p><span style=\"color: #000000;\"><img loading=\"lazy\" decoding=\"async\" class=\"aligncenter size-full wp-image-492878\" src=\"https:\/\/www.hashtag.al\/wp-content\/uploads\/2021\/12\/brnabic.jpg\" alt=\"\" width=\"900\" height=\"506\" srcset=\"https:\/\/www.hashtag.al\/wp-content\/uploads\/2021\/12\/brnabic.jpg 900w, https:\/\/www.hashtag.al\/wp-content\/uploads\/2021\/12\/brnabic-300x169.jpg 300w, https:\/\/www.hashtag.al\/wp-content\/uploads\/2021\/12\/brnabic-768x432.jpg 768w\" sizes=\"auto, (max-width: 900px) 100vw, 900px\" \/><\/span><\/p>\n<p><span style=\"color: #000000;\">Kryeministrja e Serbis\u00eb e ka quajtur ish-kryeministrin Berisha politikan t\u00eb s\u00eb shkuar\u00ebs q\u00eb e nd\u00ebrtojn\u00eb politik\u00ebn e tyre me konflikt. <\/span><\/p>\n<p><span style=\"color: #000000;\">Reagimi i saj vjen nj\u00eb dit\u00eb pas protest\u00ebs s\u00eb organizuar n\u00eb Tiran\u00eb kund\u00ebr nism\u00ebs s\u00eb Ballkanit t\u00eb Hapur teksa presidenti serb Vu\u00e7i\u00e7 e kryeministri i Maqedonis\u00eb s\u00eb Veriut Zaev ndodhen n\u00eb Tiran\u00eb.<\/span><\/p>\n<p><span style=\"color: #000000;\"><em>&#8220;Protestat padyshim q\u00eb pat\u00ebn mb\u00ebshtetje nga Beogradi.&#8221; &#8211;<\/em> tha Brnabi\u00e7 n\u00eb nj\u00eb talk sho\u00eb n\u00eb televizionin Happy TV pa p\u00ebrmendur specifikisht ask\u00ebnd.<\/span><\/p>\n<p><span style=\"color: #000000;\"><em>&#8220;Ka njer\u00ebz q\u00eb t\u00ebrhiqen nga forcat e s\u00eb shkuar\u00ebs e t\u00eb tjer\u00eb q\u00eb t\u00ebrhiqen drejt s\u00eb ardhmes, sepse disa njer\u00ebz thjesht nuk mund t\u00eb imagjinojn\u00eb nj\u00eb t\u00eb ardhme t\u00eb ndryshme nga e kaluara e rajonit,&#8221;<\/em> shtoi ajo, shkruan <span style=\"color: #0000ff;\"><a style=\"color: #0000ff;\" href=\"https:\/\/rs.n1info.com\/english\/news\/serbian-pm-says-protest-in-tirana-had-support-from-belgrade\/\">N1<\/a><\/span>.<\/span><\/p>\n<p><span style=\"color: #000000;\">Sipas saj, nisma e Open Balkan kund\u00ebrshtohet nga njer\u00ebz \u2018t\u00eb ngecur n\u00eb disa stereotipe nga t\u00eb cilat nuk mund t\u00eb dalin\u2019 dhe shtoi se ka njer\u00ebz q\u00eb kan\u00eb frik\u00eb se nisma do t\u00eb zbuloj\u00eb t\u00eb gjitha dob\u00ebsit\u00eb e tyre.<\/span><\/p>\n<p><span style=\"color: #000000;\"><em>&#8220;Politika e tyre e vetme \u00ebsht\u00eb politika e konfliktit, jo e bashk\u00ebpunimit. Shum\u00eb politikan\u00eb n\u00eb fakt jan\u00eb politikan\u00eb t\u00eb s\u00eb shkuar\u00ebs q\u00eb duan t\u00eb nd\u00ebrtojn\u00eb politik\u00ebn e tyre me konflikt.\u201d<\/em><\/span><\/p>\n","protected":false,"gt_translate_keys":[{"key":"rendered","format":"html"}]},"excerpt":{"rendered":"<p>Kryeministrja e Serbis\u00eb e ka quajtur ish-kryeministrin Berisha politikan t\u00eb s\u00eb shkuar\u00ebs q\u00eb e nd\u00ebrtojn\u00eb politik\u00ebn e tyre me konflikt. Reagimi i saj vjen nj\u00eb dit\u00eb pas protest\u00ebs s\u00eb organizuar n\u00eb Tiran\u00eb kund\u00ebr nism\u00ebs s\u00eb Ballkanit t\u00eb Hapur teksa presidenti serb Vu\u00e7i\u00e7 e kryeministri i Maqedonis\u00eb s\u00eb Veriut Zaev ndodhen n\u00eb Tiran\u00eb. &#8220;Protestat padyshim q\u00eb [&hellip;]<\/p>\n","protected":false,"gt_translate_keys":[{"key":"rendered","format":"html"}]},"author":51,"featured_media":492878,"comment_status":"closed","ping_status":"closed","sticky":false,"template":"","format":"standard","meta":{"footnotes":""},"categories":[149],"tags":[],"class_list":["post-492877","post","type-post","status-publish","format-standard","has-post-thumbnail","hentry","category-kosoverajon"],"gt_translate_keys":[{"key":"link","format":"url"}],"_links":{"self":[{"href":"https:\/\/www.hashtag.al\/index.php\/wp-json\/wp\/v2\/posts\/492877","targetHints":{"allow":["GET"]}}],"collection":[{"href":"https:\/\/www.hashtag.al\/index.php\/wp-json\/wp\/v2\/posts"}],"about":[{"href":"https:\/\/www.hashtag.al\/index.php\/wp-json\/wp\/v2\/types\/post"}],"author":[{"embeddable":true,"href":"https:\/\/www.hashtag.al\/index.php\/wp-json\/wp\/v2\/users\/51"}],"replies":[{"embeddable":true,"href":"https:\/\/www.hashtag.al\/index.php\/wp-json\/wp\/v2\/comments?post=492877"}],"version-history":[{"count":0,"href":"https:\/\/www.hashtag.al\/index.php\/wp-json\/wp\/v2\/posts\/492877\/revisions"}],"wp:featuredmedia":[{"embeddable":true,"href":"https:\/\/www.hashtag.al\/index.php\/wp-json\/wp\/v2\/media\/492878"}],"wp:attachment":[{"href":"https:\/\/www.hashtag.al\/index.php\/wp-json\/wp\/v2\/media?parent=492877"}],"wp:term":[{"taxonomy":"category","embeddable":true,"href":"https:\/\/www.hashtag.al\/index.php\/wp-json\/wp\/v2\/categories?post=492877"},{"taxonomy":"post_tag","embeddable":true,"href":"https:\/\/www.hashtag.al\/index.php\/wp-json\/wp\/v2\/tags?post=492877"}],"curies":[{"name":"wp","href":"https:\/\/api.w.org\/{rel}","templated":true}]}}