{"id":492875,"date":"2021-12-21T08:48:36","date_gmt":"2021-12-21T07:48:36","guid":{"rendered":"https:\/\/www.hashtag.al\/?p=492875"},"modified":"2021-12-21T08:48:36","modified_gmt":"2021-12-21T07:48:36","slug":"dogjen-kater-flamuj-te-serbise-gjate-protestes-arrestohen-dy-persona-e-procedohen-gjashte-te-tjere","status":"publish","type":"post","link":"https:\/\/www.hashtag.al\/index.php\/2021\/12\/21\/dogjen-kater-flamuj-te-serbise-gjate-protestes-arrestohen-dy-persona-e-procedohen-gjashte-te-tjere\/","title":{"rendered":"Dogj\u00ebn kat\u00ebr flamuj t\u00eb Serbis\u00eb gjat\u00eb protest\u00ebs, arrestohen dy persona e procedohen gjasht\u00eb t\u00eb tjer\u00eb","gt_translate_keys":[{"key":"rendered","format":"text"}]},"content":{"rendered":"<p><span style=\"color: #000000;\"><img loading=\"lazy\" decoding=\"async\" class=\"aligncenter size-full wp-image-492856\" src=\"https:\/\/www.hashtag.al\/wp-content\/uploads\/2021\/12\/flamuriserb.jpg\" alt=\"\" width=\"877\" height=\"562\" srcset=\"https:\/\/www.hashtag.al\/wp-content\/uploads\/2021\/12\/flamuriserb.jpg 877w, https:\/\/www.hashtag.al\/wp-content\/uploads\/2021\/12\/flamuriserb-300x192.jpg 300w, https:\/\/www.hashtag.al\/wp-content\/uploads\/2021\/12\/flamuriserb-768x492.jpg 768w\" sizes=\"auto, (max-width: 877px) 100vw, 877px\" \/><\/span><\/p>\n<p><span style=\"color: #000000;\">Dy persona jan\u00eb arrestuar pasi akuzohen se kan\u00eb djegur kat\u00ebr flamuj t\u00eb Serbis\u00eb gjat\u00eb protest\u00ebs s\u00eb djeshme n\u00eb Tiran\u00eb nd\u00ebrsa gjasht\u00eb t\u00eb tjer\u00eb jan\u00eb proceduar n\u00eb gjendje t\u00eb lir\u00eb.<\/span><\/p>\n<p><span style=\"color: #000000;\"> N\u00eb pranga kan\u00eb p\u00ebrfunduar 41-vje\u00e7ari me iniciale A.C. banues n\u00eb Tiran\u00eb e 56-vje\u00e7ari me iniciale B.B. banues n\u00eb Kruj\u00eb.<\/span><\/p>\n<p><span style=\"color: #000000;\"> Nd\u00ebrsa t\u00eb proceduarit penalisht n\u00eb gjendje t\u00eb lir\u00eb ja\u00eb gjasht\u00eb t\u00eb mitur t\u00eb moshave 15-16 vje\u00e7. <\/span><\/p>\n<p><span style=\"color: #000000;\">Sipas policis\u00eb, personat n\u00eb fjal\u00eb kan\u00eb djegur pasditen e djeshme kat\u00ebr flamuj t\u00eb Serbis\u00eb n\u00eb protest\u00ebn e zhvilluar para kryeministris\u00eb e n\u00eb Bulevardin D\u00ebshmor\u00ebt e Kombit.<\/span><\/p>\n<p><span style=\"color: #000000;\"><strong>Njoftimi<\/strong><\/span><\/p>\n<p><span style=\"color: #000000;\"><em>\u201cTiran\u00eb\/Dogj\u00ebn 4 flamuj komb\u00ebtar t\u00eb Serbis\u00eb, vihen n\u00eb pranga 2 shtetas, procedohen penalisht n\u00eb gjendje t\u00eb lir\u00eb 6 t\u00eb tjer\u00eb. Strukturat e Policis\u00eb s\u00eb Shtetit, pas provave t\u00eb grumbulluara, b\u00ebn\u00eb kapjen dhe shoq\u00ebrimin e 8 personave q\u00eb u p\u00ebrfshin\u00eb n\u00eb veprimtari t\u00eb kund\u00ebrligjshme gjat\u00eb zhvillimit t\u00eb protest\u00ebs n\u00eb bulevardin \u201cD\u00ebshmor\u00ebt e Kombit\u201d. N\u00eb p\u00ebrfundim t\u00eb veprimeve t\u00eb kryera nga strukturat hetimore t\u00eb Policis\u00eb u b\u00eb arrestimi n\u00eb flagranc\u00eb i shtetasve:\u00a0 A. C., 41 vje\u00e7, banues n\u00eb Tiran\u00eb dhe B. B., 56 vje\u00e7, banues n\u00eb Kruj\u00eb.<\/em><\/span><\/p>\n<p><span style=\"color: #000000;\"><em>Gjithashtu u proceduan penalisht n\u00eb gjendje t\u00eb lir\u00eb 6 shtetas t\u00eb mitur t\u00eb mosh\u00ebs 15 e 16 vje\u00e7, banues n\u00eb Tiran\u00eb dhe n\u00eb Durr\u00ebs. \u00a0K\u00ebta shtetas, gjat\u00eb zhvillimit t\u00eb protest\u00ebs pasditen e djeshme, n\u00eb bulevardin \u201cD\u00ebshmor\u00ebt e Kombit\u201d, para Kryeministris\u00eb, kan\u00eb djegur kat\u00ebr flamuj komb\u00ebtar t\u00eb Serbis\u00eb. Materialet procedurale u referuan n\u00eb Prokuroris\u00eb pran\u00eb Gjykat\u00ebs s\u00eb Shkall\u00ebs s\u00eb Par\u00eb Tiran\u00eb, p\u00ebr veprime t\u00eb m\u00ebtejshme, p\u00ebr veprat penale \u201cNxitja e urrejtjes ose grindjeve\u201d dhe \u201cPosht\u00ebrimi i Republik\u00ebs dhe i simboleve t\u00eb saj\u201d.\u201d<\/em><\/span><\/p>\n","protected":false,"gt_translate_keys":[{"key":"rendered","format":"html"}]},"excerpt":{"rendered":"<p>Dy persona jan\u00eb arrestuar pasi akuzohen se kan\u00eb djegur kat\u00ebr flamuj t\u00eb Serbis\u00eb gjat\u00eb protest\u00ebs s\u00eb djeshme n\u00eb Tiran\u00eb nd\u00ebrsa gjasht\u00eb t\u00eb tjer\u00eb jan\u00eb proceduar n\u00eb gjendje t\u00eb lir\u00eb. N\u00eb pranga kan\u00eb p\u00ebrfunduar 41-vje\u00e7ari me iniciale A.C. banues n\u00eb Tiran\u00eb e 56-vje\u00e7ari me iniciale B.B. banues n\u00eb Kruj\u00eb. Nd\u00ebrsa t\u00eb proceduarit penalisht n\u00eb gjendje t\u00eb [&hellip;]<\/p>\n","protected":false,"gt_translate_keys":[{"key":"rendered","format":"html"}]},"author":51,"featured_media":492856,"comment_status":"closed","ping_status":"closed","sticky":false,"template":"","format":"standard","meta":{"footnotes":""},"categories":[65,13],"tags":[],"class_list":["post-492875","post","type-post","status-publish","format-standard","has-post-thumbnail","hentry","category-lajme","category-te-fundit"],"gt_translate_keys":[{"key":"link","format":"url"}],"_links":{"self":[{"href":"https:\/\/www.hashtag.al\/index.php\/wp-json\/wp\/v2\/posts\/492875","targetHints":{"allow":["GET"]}}],"collection":[{"href":"https:\/\/www.hashtag.al\/index.php\/wp-json\/wp\/v2\/posts"}],"about":[{"href":"https:\/\/www.hashtag.al\/index.php\/wp-json\/wp\/v2\/types\/post"}],"author":[{"embeddable":true,"href":"https:\/\/www.hashtag.al\/index.php\/wp-json\/wp\/v2\/users\/51"}],"replies":[{"embeddable":true,"href":"https:\/\/www.hashtag.al\/index.php\/wp-json\/wp\/v2\/comments?post=492875"}],"version-history":[{"count":0,"href":"https:\/\/www.hashtag.al\/index.php\/wp-json\/wp\/v2\/posts\/492875\/revisions"}],"wp:featuredmedia":[{"embeddable":true,"href":"https:\/\/www.hashtag.al\/index.php\/wp-json\/wp\/v2\/media\/492856"}],"wp:attachment":[{"href":"https:\/\/www.hashtag.al\/index.php\/wp-json\/wp\/v2\/media?parent=492875"}],"wp:term":[{"taxonomy":"category","embeddable":true,"href":"https:\/\/www.hashtag.al\/index.php\/wp-json\/wp\/v2\/categories?post=492875"},{"taxonomy":"post_tag","embeddable":true,"href":"https:\/\/www.hashtag.al\/index.php\/wp-json\/wp\/v2\/tags?post=492875"}],"curies":[{"name":"wp","href":"https:\/\/api.w.org\/{rel}","templated":true}]}}