{"id":492783,"date":"2021-12-20T17:55:04","date_gmt":"2021-12-20T16:55:04","guid":{"rendered":"https:\/\/www.hashtag.al\/?p=492783"},"modified":"2021-12-20T17:55:04","modified_gmt":"2021-12-20T16:55:04","slug":"berisha-thirrje-per-shba-ne-ndaloni-cdo-veprimtari-qe-dublon-politiken-e-jashtme-amerikane-ne-ballkan-te-sorosit","status":"publish","type":"post","link":"https:\/\/www.hashtag.al\/index.php\/2021\/12\/20\/berisha-thirrje-per-shba-ne-ndaloni-cdo-veprimtari-qe-dublon-politiken-e-jashtme-amerikane-ne-ballkan-te-sorosit\/","title":{"rendered":"Berisha thirrje p\u00ebr SHBA-n\u00eb: Ndaloni \u00e7do veprimtari q\u00eb dublon politik\u00ebn e jashtme amerikane n\u00eb Ballkan t\u00eb Sorosit","gt_translate_keys":[{"key":"rendered","format":"text"}]},"content":{"rendered":"<p><span style=\"color: #000000;\"><strong><a href=\"https:\/\/www.hashtag.al\/wp-content\/uploads\/2021\/12\/sala-1.jpg\"><img loading=\"lazy\" decoding=\"async\" class=\"aligncenter size-full wp-image-492784\" src=\"https:\/\/www.hashtag.al\/wp-content\/uploads\/2021\/12\/sala-1.jpg\" alt=\"\" width=\"825\" height=\"415\" srcset=\"https:\/\/www.hashtag.al\/wp-content\/uploads\/2021\/12\/sala-1.jpg 825w, https:\/\/www.hashtag.al\/wp-content\/uploads\/2021\/12\/sala-1-300x151.jpg 300w, https:\/\/www.hashtag.al\/wp-content\/uploads\/2021\/12\/sala-1-768x386.jpg 768w\" sizes=\"auto, (max-width: 825px) 100vw, 825px\" \/><\/a><\/strong><\/span><\/p>\n<p><span style=\"color: #000000;\">\u00a0N\u00eb fjalimin e tij para demokrat\u00ebve, ish-kryeministri Sali Berisha ka p\u00ebrcjell\u00eb nj\u00eb mesazh edhe p\u00ebr Shtetet e Bashkuara t\u00eb Amerik\u00ebs.<\/span><\/p>\n<p><span style=\"color: #000000;\">Ai i b\u00ebri thirrje SHBA-ve t\u00eb ndalojn\u00eb \u00e7do veprimtari politike q\u00eb dublon politik\u00ebn e jashtme t\u00eb SHBA-ve n\u00eb Ballkan t\u00eb miliarderit George Soros.<\/span><\/p>\n<p><span style=\"color: #000000;\">K\u00ebt\u00eb t\u00eb fundit Berisha e konsideron \u201ckumbar\u201d t\u00eb nism\u00ebs p\u00ebr Ballkanin e Hapur.<\/span><\/p>\n<p><span style=\"color: #000000;\">Gjat\u00eb fjal\u00ebs s\u00eb tij, Berisha u shpreh se kjo protest\u00eb \u00ebsht\u00eb p\u00ebr\u00a0vokacionin per\u00ebndimor t\u00eb Kombit.<\/span><\/p>\n<p><em><span style=\"color: #000000;\">\u201cProtesta jon\u00eb \u00ebsht\u00eb nj\u00eb protest\u00eb p\u00ebr vokacionin per\u00ebndimor t\u00eb Kombit shqiptar. Vucic ka ardhur k\u00ebtu, si udh\u00ebheq\u00ebsi i Ballkanit t\u00eb Hapur. I till\u00eb si udh\u00ebheq\u00ebs i Beograd Shkup Tiran\u00eb, i till\u00eb nuk do jesh zot\u00ebri kurr\u00eb i mir\u00ebpritur n\u00eb Tiran\u00eb. Jo dhe jo sepse nordi yt, \u00ebsht\u00eb Moska. Pas nism\u00ebs t\u00ebnde \u00ebsht\u00eb ideja e serbomavise, p\u00ebrpjekja p\u00ebr t\u00eb shnd\u00ebrruar k\u00ebt\u00eb zon\u00eb n\u00eb zon\u00eb influence t\u00eb Putinit. Sot Sebia e Vu\u00e7i\u00e7it edhe m\u00eb shum\u00eb se ajo e Miloshevicit \u00ebsht\u00eb shnd\u00ebrruar n\u00eb Rusia e vog\u00ebl. N\u00eb t\u00eb v\u00ebrtet\u00eb Rusia e Vog\u00ebl, \u00ebsht\u00eb rrezik p\u00ebr paqen stabilitetin e rajonit.<\/span><\/em><\/p>\n<p><em><span style=\"color: #000000;\">Protesta jon\u00eb sot, \u00ebsht\u00eb protesta e mbar\u00eb njer\u00ebzve t\u00eb qytet\u00ebruar n\u00eb Europ\u00eb dhe n\u00eb Bot\u00eb, q\u00eb nuk pajtohen kurr\u00eb me gjenocidin dhe presin nga Beogradi t\u00eb k\u00ebrkoj\u00eb falje publike dhe jo t\u00eb mohoj\u00eb Srebrecin\u00ebs. Ata q\u00eb mohojn\u00eb gjenocidet nuk duhet t\u00eb ken\u00eb vend n\u00eb bot\u00ebn e qytetar\u00ebuar.<\/span><\/em><\/p>\n<p><em><span style=\"color: #000000;\">Ndaj dhe kjo protest\u00eb ka dimensione t\u00eb shumta, n\u00eb em\u00ebr tuaj dua t\u00eb deklaroj sot se Ballkani i hapur do t\u00eb hidhet posht\u00eb, me t\u00eb gjitha aktet sapo PD t\u00eb jet\u00eb n\u00eb pushtet. Ballkanin e Hapur treshja Vucic dhe vasal\u00ebt e tij, p\u00ebrpiqen ta paraqesin edhe si politik\u00eb q\u00eb e mb\u00ebshtesin SHBA. Ky \u00ebsht\u00eb nj\u00eb mashtrim,. SHBA kan\u00eb qen\u00eb faktor paqe stabiliteti n\u00eb Ballkan dhe jan\u00eb, por dua t\u00eb them Ballkani i Hapur ka nj\u00eb kumbar dhe ai \u00ebsht\u00eb Soros.<\/span><\/em><\/p>\n<p><span style=\"color: #000000;\"><em>Me k\u00ebt\u00eb rast, m\u00eb lejoni t\u2019i thirrje SHBA-ve t\u00eb ndaloje \u00e7do veprimtari politike q\u00eb dublon politik\u00ebn e jashtme t\u00eb SHBA n\u00eb Ballkan t\u00eb Soros.<\/em>\u201d- u shpreh Berisha.<\/span><\/p>\n","protected":false,"gt_translate_keys":[{"key":"rendered","format":"html"}]},"excerpt":{"rendered":"<p>\u00a0N\u00eb fjalimin e tij para demokrat\u00ebve, ish-kryeministri Sali Berisha ka p\u00ebrcjell\u00eb nj\u00eb mesazh edhe p\u00ebr Shtetet e Bashkuara t\u00eb Amerik\u00ebs. Ai i b\u00ebri thirrje SHBA-ve t\u00eb ndalojn\u00eb \u00e7do veprimtari politike q\u00eb dublon politik\u00ebn e jashtme t\u00eb SHBA-ve n\u00eb Ballkan t\u00eb miliarderit George Soros. K\u00ebt\u00eb t\u00eb fundit Berisha e konsideron \u201ckumbar\u201d t\u00eb nism\u00ebs p\u00ebr Ballkanin e [&hellip;]<\/p>\n","protected":false,"gt_translate_keys":[{"key":"rendered","format":"html"}]},"author":30,"featured_media":492784,"comment_status":"closed","ping_status":"closed","sticky":false,"template":"","format":"standard","meta":{"footnotes":""},"categories":[65,13],"tags":[],"class_list":["post-492783","post","type-post","status-publish","format-standard","has-post-thumbnail","hentry","category-lajme","category-te-fundit"],"gt_translate_keys":[{"key":"link","format":"url"}],"_links":{"self":[{"href":"https:\/\/www.hashtag.al\/index.php\/wp-json\/wp\/v2\/posts\/492783","targetHints":{"allow":["GET"]}}],"collection":[{"href":"https:\/\/www.hashtag.al\/index.php\/wp-json\/wp\/v2\/posts"}],"about":[{"href":"https:\/\/www.hashtag.al\/index.php\/wp-json\/wp\/v2\/types\/post"}],"author":[{"embeddable":true,"href":"https:\/\/www.hashtag.al\/index.php\/wp-json\/wp\/v2\/users\/30"}],"replies":[{"embeddable":true,"href":"https:\/\/www.hashtag.al\/index.php\/wp-json\/wp\/v2\/comments?post=492783"}],"version-history":[{"count":0,"href":"https:\/\/www.hashtag.al\/index.php\/wp-json\/wp\/v2\/posts\/492783\/revisions"}],"wp:featuredmedia":[{"embeddable":true,"href":"https:\/\/www.hashtag.al\/index.php\/wp-json\/wp\/v2\/media\/492784"}],"wp:attachment":[{"href":"https:\/\/www.hashtag.al\/index.php\/wp-json\/wp\/v2\/media?parent=492783"}],"wp:term":[{"taxonomy":"category","embeddable":true,"href":"https:\/\/www.hashtag.al\/index.php\/wp-json\/wp\/v2\/categories?post=492783"},{"taxonomy":"post_tag","embeddable":true,"href":"https:\/\/www.hashtag.al\/index.php\/wp-json\/wp\/v2\/tags?post=492783"}],"curies":[{"name":"wp","href":"https:\/\/api.w.org\/{rel}","templated":true}]}}