{"id":491865,"date":"2021-12-16T13:26:15","date_gmt":"2021-12-16T12:26:15","guid":{"rendered":"https:\/\/www.hashtag.al\/?p=491865"},"modified":"2021-12-16T13:29:06","modified_gmt":"2021-12-16T12:29:06","slug":"gjkko-vendos-arrest-me-burg-per-lefter-koken","status":"publish","type":"post","link":"https:\/\/www.hashtag.al\/index.php\/2021\/12\/16\/gjkko-vendos-arrest-me-burg-per-lefter-koken\/","title":{"rendered":"GJKKO vendos &#8220;arrest me burg&#8221; p\u00ebr Lefter Kok\u00ebn","gt_translate_keys":[{"key":"rendered","format":"text"}]},"content":{"rendered":"<p><span style=\"color: #000000;\"><a style=\"color: #000000;\" href=\"https:\/\/www.hashtag.al\/wp-content\/uploads\/2021\/12\/LEFTER-KOKA-1.jpg\"><img loading=\"lazy\" decoding=\"async\" class=\"aligncenter size-full wp-image-491776\" src=\"https:\/\/www.hashtag.al\/wp-content\/uploads\/2021\/12\/LEFTER-KOKA-1.jpg\" alt=\"\" width=\"796\" height=\"476\" srcset=\"https:\/\/www.hashtag.al\/wp-content\/uploads\/2021\/12\/LEFTER-KOKA-1.jpg 796w, https:\/\/www.hashtag.al\/wp-content\/uploads\/2021\/12\/LEFTER-KOKA-1-300x179.jpg 300w, https:\/\/www.hashtag.al\/wp-content\/uploads\/2021\/12\/LEFTER-KOKA-1-768x459.jpg 768w\" sizes=\"auto, (max-width: 796px) 100vw, 796px\" \/><\/a><\/span><\/p>\n<p><span style=\"color: #000000;\">GjKKO ka vendosur mas\u00ebn e siguris\u00eb \u201carrest me burg\u201d p\u00ebr ish-ministrin e Mjedisit Lefter Koka liidhur me at\u00eb q\u00eb quhet si afera me inceneratorin e Elbasanit.<\/span><\/p>\n<p><span style=\"color: #000000;\">Kjo seanc\u00eb u zhvillua me dyer t\u00eb mbyllura.<\/span><\/p>\n<p class=\"selectionShareable\"><span style=\"color: #000000;\">Ish-ministri Koka u paraqit sot n\u00eb Gjykat\u00ebn e Posa\u00e7me kund\u00ebr Krimit t\u00eb Organizuar dhe Korrupsionit n\u00ebn masa t\u00eb rrepa sigurie, dy dit\u00eb pas arrestimit nga SPAK.<\/span><\/p>\n<p class=\"selectionShareable\"><span style=\"color: #000000;\">N\u00eb seanc\u00ebn gjyq\u00ebsore, Koka ka mbajtur nj\u00eb q\u00ebndrim mohues ndaj 3 akuzave q\u00eb r\u00ebndojn\u00eb ndaj tij n\u00eb lidhje me \u00e7\u00ebshtjen e abuzimit me incenerator\u00ebt. Ai\u00a0ka deklaruar para togave t\u00eb zeza se ka zbatuar vet\u00ebm ligjin.<\/span><\/p>\n<p class=\"selectionShareable\"><span style=\"color: #000000;\"><em>\u201cKam zbatuar ligjin\u201d-<\/em>\u00a0\u00ebsht\u00eb shprehur Koka.<\/span><\/p>\n<p class=\"selectionShareable\"><span style=\"color: #000000;\">Ish-ministri i Mjedisit Lefter Koka, u arrestua dy dit\u00eb m\u00eb par\u00eb lidhur me afer\u00ebn e incenerator\u00ebve.<\/span><\/p>\n<p class=\"selectionShareable\"><span style=\"color: #000000;\">Ai akuzohet p\u00ebr veprat penale<em>\u00a0\u201cShp\u00ebrdorimi i detyr\u00ebs\u201d,<span style=\"color: #000000;\"> \u201cKorrupsioni aktiv i funksionar\u00ebve t\u00eb lart\u00eb shtet\u00ebror\u00eb ose i t\u00eb zgjedhurve vendor\u00eb\u201d, \u201cKorrupsioni pasiv i funksionar\u00ebve t\u00eb lart\u00eb shtet\u00ebror\u00eb ose i t\u00eb zgjedhurve vendor\u00eb\u201d\u00a0<\/span><\/em>dhe\u00a0<em>\u201cPastrimi i produkteve t\u00eb vepr\u00ebs penale apo i veprimtaris\u00eb kriminale\u201d.<\/em><\/span><\/p>\n<p class=\"selectionShareable\"><span style=\"color: #000000;\">SPAK thot\u00eb se ka provuar q\u00eb procedura e dh\u00ebnies se koncesionit dhe lidhja e kontrat\u00ebs p\u00ebr inceneratorin e Elbasanit ka qen\u00eb n\u00eb shkelje t\u00eb ligjit si dhe n\u00eb kund\u00ebrshtim me sugjerimet e Ministris\u00eb s\u00eb Financave dhe Agjencis\u00eb s\u00eb Prokurimit Publik.<\/span><\/p>\n<p class=\"selectionShareable\"><span style=\"color: #000000;\">Po ashtu, n\u00eb koh\u00ebn q\u00eb ka qen\u00eb minist\u00ebr Koka thuhet se<em> \u201cka p\u00ebrfituar shumat monetare 368.672.760 lek\u00eb dhe 91.963.141 lek\u00eb, q\u00eb iu jan\u00eb faturuar shoq\u00ebrive \u2018Albtek Energy\u2019 sh.p.k. dhe \u2018Integrated Technology Services\u2019 sh.p.k\u201d. <\/em>SPAK ka shpallur n\u00eb k\u00ebrkim edhe biznesmen\u00ebt Klodian Zoto dhe Stela Gugallja.<\/span><\/p>\n","protected":false,"gt_translate_keys":[{"key":"rendered","format":"html"}]},"excerpt":{"rendered":"<p>GjKKO ka vendosur mas\u00ebn e siguris\u00eb \u201carrest me burg\u201d p\u00ebr ish-ministrin e Mjedisit Lefter Koka liidhur me at\u00eb q\u00eb quhet si afera me inceneratorin e Elbasanit. Kjo seanc\u00eb u zhvillua me dyer t\u00eb mbyllura. Ish-ministri Koka u paraqit sot n\u00eb Gjykat\u00ebn e Posa\u00e7me kund\u00ebr Krimit t\u00eb Organizuar dhe Korrupsionit n\u00ebn masa t\u00eb rrepa sigurie, dy [&hellip;]<\/p>\n","protected":false,"gt_translate_keys":[{"key":"rendered","format":"html"}]},"author":30,"featured_media":491776,"comment_status":"closed","ping_status":"closed","sticky":false,"template":"","format":"standard","meta":{"footnotes":""},"categories":[22,65,13],"tags":[],"class_list":["post-491865","post","type-post","status-publish","format-standard","has-post-thumbnail","hentry","category-ballina","category-lajme","category-te-fundit"],"gt_translate_keys":[{"key":"link","format":"url"}],"_links":{"self":[{"href":"https:\/\/www.hashtag.al\/index.php\/wp-json\/wp\/v2\/posts\/491865","targetHints":{"allow":["GET"]}}],"collection":[{"href":"https:\/\/www.hashtag.al\/index.php\/wp-json\/wp\/v2\/posts"}],"about":[{"href":"https:\/\/www.hashtag.al\/index.php\/wp-json\/wp\/v2\/types\/post"}],"author":[{"embeddable":true,"href":"https:\/\/www.hashtag.al\/index.php\/wp-json\/wp\/v2\/users\/30"}],"replies":[{"embeddable":true,"href":"https:\/\/www.hashtag.al\/index.php\/wp-json\/wp\/v2\/comments?post=491865"}],"version-history":[{"count":0,"href":"https:\/\/www.hashtag.al\/index.php\/wp-json\/wp\/v2\/posts\/491865\/revisions"}],"wp:featuredmedia":[{"embeddable":true,"href":"https:\/\/www.hashtag.al\/index.php\/wp-json\/wp\/v2\/media\/491776"}],"wp:attachment":[{"href":"https:\/\/www.hashtag.al\/index.php\/wp-json\/wp\/v2\/media?parent=491865"}],"wp:term":[{"taxonomy":"category","embeddable":true,"href":"https:\/\/www.hashtag.al\/index.php\/wp-json\/wp\/v2\/categories?post=491865"},{"taxonomy":"post_tag","embeddable":true,"href":"https:\/\/www.hashtag.al\/index.php\/wp-json\/wp\/v2\/tags?post=491865"}],"curies":[{"name":"wp","href":"https:\/\/api.w.org\/{rel}","templated":true}]}}