{"id":491858,"date":"2021-12-16T13:04:31","date_gmt":"2021-12-16T12:04:31","guid":{"rendered":"https:\/\/www.hashtag.al\/?p=491858"},"modified":"2021-12-16T14:29:04","modified_gmt":"2021-12-16T13:29:04","slug":"jep-doreheqjen-drejtori-i-pergjithshem-i-gjendjes-civile-bledar-doracaj","status":"publish","type":"post","link":"https:\/\/www.hashtag.al\/index.php\/2021\/12\/16\/jep-doreheqjen-drejtori-i-pergjithshem-i-gjendjes-civile-bledar-doracaj\/","title":{"rendered":"Jep dor\u00ebheqjen drejtori i P\u00ebrgjithsh\u00ebm i Gjendjes Civile, Bledar Doracaj","gt_translate_keys":[{"key":"rendered","format":"text"}]},"content":{"rendered":"<p><span style=\"color: #000000;\"><a href=\"https:\/\/www.hashtag.al\/wp-content\/uploads\/2021\/12\/Bledar-Doracaj.jpg\"><img loading=\"lazy\" decoding=\"async\" class=\"aligncenter size-full wp-image-491859\" src=\"https:\/\/www.hashtag.al\/wp-content\/uploads\/2021\/12\/Bledar-Doracaj.jpg\" alt=\"\" width=\"656\" height=\"375\" srcset=\"https:\/\/www.hashtag.al\/wp-content\/uploads\/2021\/12\/Bledar-Doracaj.jpg 656w, https:\/\/www.hashtag.al\/wp-content\/uploads\/2021\/12\/Bledar-Doracaj-300x171.jpg 300w\" sizes=\"auto, (max-width: 656px) 100vw, 656px\" \/><\/a><\/span><\/p>\n<p><span style=\"color: #000000;\">Largohet nga detyra drejtori i P\u00ebrgjithsh\u00ebm i Gjendjes Civile, Bledar Doracaj. Lajmin e ka b\u00ebr\u00eb t\u00eb ditur vet\u00eb Doracaj n\u00eb nj\u00eb postim n\u00eb &#8220;Facebook&#8221;, ku shkruan ka dh\u00ebn\u00eb dor\u00ebheqjen nga detyra.<\/span><\/p>\n<p><span style=\"color: #000000;\"><em>\u201cKoleg\u00eb, n\u00eb rradh\u00eb t\u00eb par\u00eb uroj t\u00eb jeni mir\u00eb me sh\u00ebndet!<\/em><\/span><\/p>\n<p><span style=\"color: #000000;\"><em>M\u00eb lejoni t\u00eb ndaj me Ju, vendimin tim q\u00eb pas 7.5 vitesh n\u00eb DPGJC t\u00eb largohem nga kjo detyr\u00eb me ballin lart dhe plot arritje, t\u00eb cilat jua dedikoj secilit nga Ju!<\/em><\/span><\/p>\n<p><span style=\"color: #000000;\"><em>Duke Ju uruar sh\u00ebndet familjarisht dhe suksese n\u00eb pun\u00ebn Tuaj, flm nga zemra Edi Ram\u00ebs edhe Ministrit \u00c7u\u00e7i q\u00eb besuan k\u00ebt\u00eb detyr\u00eb te une deri sot! N\u00eb 30 vite, s\u00ebbashku ja dol\u00ebm t\u00eb b\u00ebjm\u00eb listat m\u00eb t\u00eb mira, t\u00eb certifikuara edhe nga misioni i OSCE\/ODHIR!\u201d-<\/em> shkruan ai.<\/span><\/p>\n<p><span style=\"color: #000000;\">Doracaj pritet t\u00eb em\u00ebrohet n\u00eb nj\u00eb tjet\u00ebr detyr\u00eb n\u00eb K\u00ebshillin e Lart\u00eb t\u00eb Shtetit.<\/span><\/p>\n<p><span style=\"color: #000000;\">Kujtojm\u00eb se Bledar Doracaj me profesion jurist, \u00ebsht\u00eb em\u00ebruar n\u00eb k\u00ebt\u00eb detyr\u00eb rreth 8 vite m\u00eb par\u00eb nga ish-ministri i Brendsh\u00ebm Saimir Tahiri.<\/span><\/p>\n<p><span style=\"color: #000000;\">P\u00ebrpara se t\u00eb em\u00ebrohej n\u00eb krye t\u00eb Gjendjes Civile, Doracaj garoi p\u00ebr deputet n\u00eb Tiran\u00eb n\u00ebn sigl\u00ebn e PS-s\u00eb, por nuk ka arritur ta fitoj\u00eb mandatin.<\/span><\/p>\n","protected":false,"gt_translate_keys":[{"key":"rendered","format":"html"}]},"excerpt":{"rendered":"<p>Largohet nga detyra drejtori i P\u00ebrgjithsh\u00ebm i Gjendjes Civile, Bledar Doracaj. Lajmin e ka b\u00ebr\u00eb t\u00eb ditur vet\u00eb Doracaj n\u00eb nj\u00eb postim n\u00eb &#8220;Facebook&#8221;, ku shkruan ka dh\u00ebn\u00eb dor\u00ebheqjen nga detyra. \u201cKoleg\u00eb, n\u00eb rradh\u00eb t\u00eb par\u00eb uroj t\u00eb jeni mir\u00eb me sh\u00ebndet! M\u00eb lejoni t\u00eb ndaj me Ju, vendimin tim q\u00eb pas 7.5 vitesh n\u00eb [&hellip;]<\/p>\n","protected":false,"gt_translate_keys":[{"key":"rendered","format":"html"}]},"author":30,"featured_media":491859,"comment_status":"closed","ping_status":"closed","sticky":false,"template":"","format":"standard","meta":{"footnotes":""},"categories":[65,13],"tags":[],"class_list":["post-491858","post","type-post","status-publish","format-standard","has-post-thumbnail","hentry","category-lajme","category-te-fundit"],"gt_translate_keys":[{"key":"link","format":"url"}],"_links":{"self":[{"href":"https:\/\/www.hashtag.al\/index.php\/wp-json\/wp\/v2\/posts\/491858","targetHints":{"allow":["GET"]}}],"collection":[{"href":"https:\/\/www.hashtag.al\/index.php\/wp-json\/wp\/v2\/posts"}],"about":[{"href":"https:\/\/www.hashtag.al\/index.php\/wp-json\/wp\/v2\/types\/post"}],"author":[{"embeddable":true,"href":"https:\/\/www.hashtag.al\/index.php\/wp-json\/wp\/v2\/users\/30"}],"replies":[{"embeddable":true,"href":"https:\/\/www.hashtag.al\/index.php\/wp-json\/wp\/v2\/comments?post=491858"}],"version-history":[{"count":0,"href":"https:\/\/www.hashtag.al\/index.php\/wp-json\/wp\/v2\/posts\/491858\/revisions"}],"wp:featuredmedia":[{"embeddable":true,"href":"https:\/\/www.hashtag.al\/index.php\/wp-json\/wp\/v2\/media\/491859"}],"wp:attachment":[{"href":"https:\/\/www.hashtag.al\/index.php\/wp-json\/wp\/v2\/media?parent=491858"}],"wp:term":[{"taxonomy":"category","embeddable":true,"href":"https:\/\/www.hashtag.al\/index.php\/wp-json\/wp\/v2\/categories?post=491858"},{"taxonomy":"post_tag","embeddable":true,"href":"https:\/\/www.hashtag.al\/index.php\/wp-json\/wp\/v2\/tags?post=491858"}],"curies":[{"name":"wp","href":"https:\/\/api.w.org\/{rel}","templated":true}]}}