{"id":491775,"date":"2021-12-16T09:02:51","date_gmt":"2021-12-16T08:02:51","guid":{"rendered":"https:\/\/www.hashtag.al\/?p=491775"},"modified":"2021-12-16T09:02:51","modified_gmt":"2021-12-16T08:02:51","slug":"gjykata-vendos-sot-masen-e-sigurise-per-ish-ministrin-lefter-koka","status":"publish","type":"post","link":"https:\/\/www.hashtag.al\/index.php\/2021\/12\/16\/gjykata-vendos-sot-masen-e-sigurise-per-ish-ministrin-lefter-koka\/","title":{"rendered":"Gjykata vendos sot mas\u00ebn e siguris\u00eb p\u00ebr ish-ministrin Lefter Koka","gt_translate_keys":[{"key":"rendered","format":"text"}]},"content":{"rendered":"<p><span style=\"color: #000000;\"><a href=\"https:\/\/www.hashtag.al\/wp-content\/uploads\/2021\/12\/LEFTER-KOKA-1.jpg\"><img loading=\"lazy\" decoding=\"async\" class=\"aligncenter size-full wp-image-491776\" src=\"https:\/\/www.hashtag.al\/wp-content\/uploads\/2021\/12\/LEFTER-KOKA-1.jpg\" alt=\"\" width=\"796\" height=\"476\" srcset=\"https:\/\/www.hashtag.al\/wp-content\/uploads\/2021\/12\/LEFTER-KOKA-1.jpg 796w, https:\/\/www.hashtag.al\/wp-content\/uploads\/2021\/12\/LEFTER-KOKA-1-300x179.jpg 300w, https:\/\/www.hashtag.al\/wp-content\/uploads\/2021\/12\/LEFTER-KOKA-1-768x459.jpg 768w\" sizes=\"auto, (max-width: 796px) 100vw, 796px\" \/><\/a><\/span><\/p>\n<p><span style=\"color: #000000;\">Paraditen e sotme Gjykata e Posa\u00e7me Kund\u00ebr Korrupsionit do t\u00eb marr\u00eb vendimin p\u00ebr t\u00eb mas\u00ebn e siguris\u00eb q\u00eb do t\u00eb caktohetn p\u00ebr ish-ministrin e Mjedisit, Lefter Koka.<\/span><\/p>\n<p><span style=\"color: #000000;\">Seanca do t\u00eb mbahet sot n\u00eb or\u00ebn 11:15.<\/span><\/p>\n<p><span style=\"color: #000000;\">Dit\u00ebn e djeshme avokati i Kok\u00ebs, Fatmir Braka, \u00ebsht\u00eb shprehur se klienti i tij nuk ka dh\u00ebn\u00eb asnj\u00eb deponim dhe se do t\u00eb flas\u00eb sot para gjykat\u00ebs p\u00ebr arrestimin e tij.<\/span><\/p>\n<p><span style=\"color: #000000;\">Sipas avokatit, ish-ministri do t\u00eb tregoj\u00eb gjith\u00e7ka di p\u00ebr afer\u00ebn e incenerator\u00ebve n\u00eb gjykat\u00eb.<\/span><\/p>\n<p><span style=\"color: #000000;\">Q\u00eb prej dit\u00ebs s\u00eb mart\u00eb, Lefter Koka mbahet n\u00eb qelit\u00eb e paraburgimit, pas aksionit t\u00eb SPAK-ut p\u00ebr arrestimin e tij dhe t\u00eb Klodian Zotos e Stela Gugalljas si pronar\u00eb t\u00eb incenerator\u00ebve.<\/span><\/p>\n<p><span style=\"color: #000000;\">Por k\u00ebta dy t\u00eb fundit nuk jan\u00eb arrestuar ende.<\/span><\/p>\n<p><span style=\"color: #000000;\">Akuzat e ngritura ndaj ish-ministrit Koka jan\u00eb p\u00ebr <em>\u201cshp\u00ebrdorim detyre, pastrim parash e korrupsion<\/em>\u201d lidhur me afer\u00ebn p\u00ebr inceneratorin e Elbasanit.<\/span><\/p>\n<p><span style=\"color: #000000;\">SPAK thot\u00eb se ka provuar q\u00eb procedura e dh\u00ebnies se koncesionit dhe lidhja e kontrat\u00ebs p\u00ebr inceneratorin e Elbasanit ka qen\u00eb n\u00eb shkelje t\u00eb ligjit si dhe n\u00eb kund\u00ebrshtim me sugjerimet e Ministris\u00eb s\u00eb Financave dhe Agjencis\u00eb s\u00eb Prokurimit Publik.<\/span><\/p>\n<p><span style=\"color: #000000;\">Po ashtu, n\u00eb koh\u00ebn q\u00eb ka qen\u00eb minist\u00ebr Koka thuhet se<em> \u201cka p\u00ebrfituar shumat monetare 368.672.760 lek\u00eb dhe 91.963.141 lek\u00eb, q\u00eb iu jan\u00eb faturuar shoq\u00ebrive \u2018Albtek Energy\u2019 sh.p.k. dhe \u2018Integrated Technology Services\u2019 sh.p.k\u201d.<\/em><\/span><\/p>\n","protected":false,"gt_translate_keys":[{"key":"rendered","format":"html"}]},"excerpt":{"rendered":"<p>Paraditen e sotme Gjykata e Posa\u00e7me Kund\u00ebr Korrupsionit do t\u00eb marr\u00eb vendimin p\u00ebr t\u00eb mas\u00ebn e siguris\u00eb q\u00eb do t\u00eb caktohetn p\u00ebr ish-ministrin e Mjedisit, Lefter Koka. Seanca do t\u00eb mbahet sot n\u00eb or\u00ebn 11:15. Dit\u00ebn e djeshme avokati i Kok\u00ebs, Fatmir Braka, \u00ebsht\u00eb shprehur se klienti i tij nuk ka dh\u00ebn\u00eb asnj\u00eb deponim dhe [&hellip;]<\/p>\n","protected":false,"gt_translate_keys":[{"key":"rendered","format":"html"}]},"author":30,"featured_media":491776,"comment_status":"closed","ping_status":"closed","sticky":false,"template":"","format":"standard","meta":{"footnotes":""},"categories":[65,13],"tags":[],"class_list":["post-491775","post","type-post","status-publish","format-standard","has-post-thumbnail","hentry","category-lajme","category-te-fundit"],"gt_translate_keys":[{"key":"link","format":"url"}],"_links":{"self":[{"href":"https:\/\/www.hashtag.al\/index.php\/wp-json\/wp\/v2\/posts\/491775","targetHints":{"allow":["GET"]}}],"collection":[{"href":"https:\/\/www.hashtag.al\/index.php\/wp-json\/wp\/v2\/posts"}],"about":[{"href":"https:\/\/www.hashtag.al\/index.php\/wp-json\/wp\/v2\/types\/post"}],"author":[{"embeddable":true,"href":"https:\/\/www.hashtag.al\/index.php\/wp-json\/wp\/v2\/users\/30"}],"replies":[{"embeddable":true,"href":"https:\/\/www.hashtag.al\/index.php\/wp-json\/wp\/v2\/comments?post=491775"}],"version-history":[{"count":0,"href":"https:\/\/www.hashtag.al\/index.php\/wp-json\/wp\/v2\/posts\/491775\/revisions"}],"wp:featuredmedia":[{"embeddable":true,"href":"https:\/\/www.hashtag.al\/index.php\/wp-json\/wp\/v2\/media\/491776"}],"wp:attachment":[{"href":"https:\/\/www.hashtag.al\/index.php\/wp-json\/wp\/v2\/media?parent=491775"}],"wp:term":[{"taxonomy":"category","embeddable":true,"href":"https:\/\/www.hashtag.al\/index.php\/wp-json\/wp\/v2\/categories?post=491775"},{"taxonomy":"post_tag","embeddable":true,"href":"https:\/\/www.hashtag.al\/index.php\/wp-json\/wp\/v2\/tags?post=491775"}],"curies":[{"name":"wp","href":"https:\/\/api.w.org\/{rel}","templated":true}]}}