{"id":491685,"date":"2021-12-15T17:31:09","date_gmt":"2021-12-15T16:31:09","guid":{"rendered":"https:\/\/www.hashtag.al\/?p=491685"},"modified":"2021-12-15T17:52:47","modified_gmt":"2021-12-15T16:52:47","slug":"aksioni-i-spak-ut-per-incineratorin-e-elbasanit-shoferi-i-arben-ahmetajt-dyshohet-se-dekonspiroi-arrestimet","status":"publish","type":"post","link":"https:\/\/www.hashtag.al\/index.php\/2021\/12\/15\/aksioni-i-spak-ut-per-incineratorin-e-elbasanit-shoferi-i-arben-ahmetajt-dyshohet-se-dekonspiroi-arrestimet\/","title":{"rendered":"Aksioni i SPAK-ut p\u00ebr incineratorin e Elbasanit, shoferi i Arben Ahmetajt dyshohet se dekonspiroi arrestimet","gt_translate_keys":[{"key":"rendered","format":"text"}]},"content":{"rendered":"<p><span style=\"color: #000000;\"><img loading=\"lazy\" decoding=\"async\" class=\"aligncenter size-full wp-image-491693\" src=\"https:\/\/www.hashtag.al\/wp-content\/uploads\/2021\/12\/WhatsApp-Image-2021-12-15-at-17.49.32.jpeg\" alt=\"\" width=\"1024\" height=\"615\" srcset=\"https:\/\/www.hashtag.al\/wp-content\/uploads\/2021\/12\/WhatsApp-Image-2021-12-15-at-17.49.32.jpeg 1024w, https:\/\/www.hashtag.al\/wp-content\/uploads\/2021\/12\/WhatsApp-Image-2021-12-15-at-17.49.32-300x180.jpeg 300w, https:\/\/www.hashtag.al\/wp-content\/uploads\/2021\/12\/WhatsApp-Image-2021-12-15-at-17.49.32-768x461.jpeg 768w\" sizes=\"auto, (max-width: 1024px) 100vw, 1024px\" \/><\/span><\/p>\n<p><span style=\"color: #000000;\">Dit\u00ebn e djeshme ish-ministri Lefter Koka u arrestua me urdh\u00ebr t\u00eb SPAK-ut, lidhur me hetimet p\u00ebr incineratorin e Elbasanit.<\/span><\/p>\n<p><span style=\"color: #000000;\"> Koka ishte vet\u00ebm nj\u00ebri nga personat p\u00ebr t\u00eb cil\u00ebt ishte prer\u00eb urdh\u00ebrarresti, nd\u00ebrsa Klodian Zoto e Stela Gugallja, jan\u00eb shpallur n\u00eb k\u00ebrkim pasi nuk jan\u00eb gjetur ende nga policia.<\/span><\/p>\n<p><span style=\"color: #000000;\"> Sipas gazetares Klodiana Lala, dyshohet se aksioni i SPAK-ut \u00ebsht\u00eb dekonspiruar pasi Zoto e Gugallja kan\u00eb mundur t\u00eb largohen n\u00eb koh\u00eb. <\/span><\/p>\n<p><span style=\"color: #000000;\">P\u00ebr m\u00eb tep\u00ebr q\u00eb policia i ka pasur n\u00ebn mbik\u00ebqyrje Zoton e Gugalljan dhe \u00ebsht\u00eb mister fakti se si t\u00eb dy kan\u00eb mundur t\u00eb largohen. Persona t\u00eb af\u00ebrt me nj\u00eb ish-minist\u00ebr jan\u00eb par\u00eb t\u00eb shkojn\u00eb n\u00eb zyr\u00ebn e nj\u00eb ish-ministri tha ajo, pa e specifikuar se p\u00ebr k\u00eb b\u00ebhej fjal\u00eb, e pas k\u00ebsaj Zoto e ka mbyllur zyr\u00ebn dhe \u00ebsht\u00eb larguar.<\/span><\/p>\n<p><span style=\"color: #000000;\">Hashtag.al \u00ebsht\u00eb interesuar p\u00ebr t\u00eb marr\u00eb vesh personin q\u00eb ka qen\u00eb n\u00eb zyr\u00ebn e Zot\u00ebs e m\u00ebsoi se b\u00ebhet fjal\u00eb p\u00ebr shoferin e zv.kryeministrit Ahmetaj, asokohe, minist\u00ebr i Financave.<\/span><\/p>\n<p><span style=\"color: #000000;\"> Shoferi i Ahmetajt \u00ebsht\u00eb pikasur edhe nga sh\u00ebrbimet policore q\u00eb kan\u00eb pasur n\u00ebn mbik\u00ebqyrje Zoton e Gugalljan. Dyshohet se \u00ebsht\u00eb ai personi q\u00eb ka mbajtur n\u00eb dijeni e kontakt Zoton p\u00ebr aksionin e SPAK-ut.<\/span><\/p>\n","protected":false,"gt_translate_keys":[{"key":"rendered","format":"html"}]},"excerpt":{"rendered":"<p>Dit\u00ebn e djeshme ish-ministri Lefter Koka u arrestua me urdh\u00ebr t\u00eb SPAK-ut, lidhur me hetimet p\u00ebr incineratorin e Elbasanit. Koka ishte vet\u00ebm nj\u00ebri nga personat p\u00ebr t\u00eb cil\u00ebt ishte prer\u00eb urdh\u00ebrarresti, nd\u00ebrsa Klodian Zoto e Stela Gugallja, jan\u00eb shpallur n\u00eb k\u00ebrkim pasi nuk jan\u00eb gjetur ende nga policia. Sipas gazetares Klodiana Lala, dyshohet se aksioni [&hellip;]<\/p>\n","protected":false,"gt_translate_keys":[{"key":"rendered","format":"html"}]},"author":51,"featured_media":491693,"comment_status":"closed","ping_status":"closed","sticky":false,"template":"","format":"standard","meta":{"footnotes":""},"categories":[22,65,13],"tags":[],"class_list":["post-491685","post","type-post","status-publish","format-standard","has-post-thumbnail","hentry","category-ballina","category-lajme","category-te-fundit"],"gt_translate_keys":[{"key":"link","format":"url"}],"_links":{"self":[{"href":"https:\/\/www.hashtag.al\/index.php\/wp-json\/wp\/v2\/posts\/491685","targetHints":{"allow":["GET"]}}],"collection":[{"href":"https:\/\/www.hashtag.al\/index.php\/wp-json\/wp\/v2\/posts"}],"about":[{"href":"https:\/\/www.hashtag.al\/index.php\/wp-json\/wp\/v2\/types\/post"}],"author":[{"embeddable":true,"href":"https:\/\/www.hashtag.al\/index.php\/wp-json\/wp\/v2\/users\/51"}],"replies":[{"embeddable":true,"href":"https:\/\/www.hashtag.al\/index.php\/wp-json\/wp\/v2\/comments?post=491685"}],"version-history":[{"count":0,"href":"https:\/\/www.hashtag.al\/index.php\/wp-json\/wp\/v2\/posts\/491685\/revisions"}],"wp:featuredmedia":[{"embeddable":true,"href":"https:\/\/www.hashtag.al\/index.php\/wp-json\/wp\/v2\/media\/491693"}],"wp:attachment":[{"href":"https:\/\/www.hashtag.al\/index.php\/wp-json\/wp\/v2\/media?parent=491685"}],"wp:term":[{"taxonomy":"category","embeddable":true,"href":"https:\/\/www.hashtag.al\/index.php\/wp-json\/wp\/v2\/categories?post=491685"},{"taxonomy":"post_tag","embeddable":true,"href":"https:\/\/www.hashtag.al\/index.php\/wp-json\/wp\/v2\/tags?post=491685"}],"curies":[{"name":"wp","href":"https:\/\/api.w.org\/{rel}","templated":true}]}}