{"id":491591,"date":"2021-12-15T12:12:33","date_gmt":"2021-12-15T11:12:33","guid":{"rendered":"https:\/\/www.hashtag.al\/?p=491591"},"modified":"2021-12-15T12:15:03","modified_gmt":"2021-12-15T11:15:03","slug":"kthimi-ne-kuvend-i-ligjit-per-bashkeqeverisjen-komisioni-i-ligjeve-rrezon-dekretin-e-metes","status":"publish","type":"post","link":"https:\/\/www.hashtag.al\/index.php\/2021\/12\/15\/kthimi-ne-kuvend-i-ligjit-per-bashkeqeverisjen-komisioni-i-ligjeve-rrezon-dekretin-e-metes\/","title":{"rendered":"Kthimi n\u00eb Kuvend i ligjit p\u00ebr &#8220;Bashk\u00ebqeverisjen&#8221;, Komisioni i Ligjeve rr\u00ebzon dekretin e Met\u00ebs","gt_translate_keys":[{"key":"rendered","format":"text"}]},"content":{"rendered":"<p><span style=\"color: #000000;\"><a href=\"https:\/\/www.hashtag.al\/wp-content\/uploads\/2021\/12\/k-1.jpg\"><img loading=\"lazy\" decoding=\"async\" class=\"aligncenter size-full wp-image-491592\" src=\"https:\/\/www.hashtag.al\/wp-content\/uploads\/2021\/12\/k-1.jpg\" alt=\"\" width=\"886\" height=\"521\" srcset=\"https:\/\/www.hashtag.al\/wp-content\/uploads\/2021\/12\/k-1.jpg 886w, https:\/\/www.hashtag.al\/wp-content\/uploads\/2021\/12\/k-1-300x176.jpg 300w, https:\/\/www.hashtag.al\/wp-content\/uploads\/2021\/12\/k-1-768x452.jpg 768w\" sizes=\"auto, (max-width: 886px) 100vw, 886px\" \/><\/a><\/span><\/p>\n<p><span style=\"color: #000000;\">Komisioni i \u00c7\u00ebshtjeve Ligjore Administrat\u00ebn Publike dhe t\u00eb Drejtat e Njeriut, ka rr\u00ebzuar n\u00eb mbledhjen e sotme dekretin e Presidentit Ilir Meta, p\u00ebr kthimin e ligjit n\u00eb Kuvend t\u00eb ligjit <em>\u201cP\u00ebr bashk\u00ebqeverisjen\u201d.<\/em><\/span><\/p>\n<p><span style=\"color: #000000;\">Dekreti i Met\u00ebs mori 3 vota pro dhe 11 kund\u00ebr n\u00eb Komision dhe tanim\u00eb do t&#8217;i shkoj\u00eb Kuvendit p\u00ebr t&#8217;u votuar.<\/span><\/p>\n<p><span style=\"color: #000000;\">Lidhur me k\u00ebt\u00eb projektligj pati shum\u00eb debate n\u00eb Komision, mes d<\/span><span style=\"color: #000000;\">eputet\u00ebve t\u00eb maxhoranc\u00ebs, atyre t\u00eb opozit\u00ebs dhe <\/span><span style=\"color: #000000;\">k\u00ebshilltarit ligjor t\u00eb Presidentit Meta, Bledar Dervishaj.<\/span><\/p>\n<p><span style=\"color: #000000;\">Sipas Dervishajt, problemi i k\u00ebtij projektligji q\u00ebndron tek mbivendosja e kompetencave dhe centralizimi i pushtetit.<\/span><\/p>\n","protected":false,"gt_translate_keys":[{"key":"rendered","format":"html"}]},"excerpt":{"rendered":"<p>Komisioni i \u00c7\u00ebshtjeve Ligjore Administrat\u00ebn Publike dhe t\u00eb Drejtat e Njeriut, ka rr\u00ebzuar n\u00eb mbledhjen e sotme dekretin e Presidentit Ilir Meta, p\u00ebr kthimin e ligjit n\u00eb Kuvend t\u00eb ligjit \u201cP\u00ebr bashk\u00ebqeverisjen\u201d. Dekreti i Met\u00ebs mori 3 vota pro dhe 11 kund\u00ebr n\u00eb Komision dhe tanim\u00eb do t&#8217;i shkoj\u00eb Kuvendit p\u00ebr t&#8217;u votuar. Lidhur me [&hellip;]<\/p>\n","protected":false,"gt_translate_keys":[{"key":"rendered","format":"html"}]},"author":30,"featured_media":491592,"comment_status":"closed","ping_status":"closed","sticky":false,"template":"","format":"standard","meta":{"footnotes":""},"categories":[65,13],"tags":[],"class_list":["post-491591","post","type-post","status-publish","format-standard","has-post-thumbnail","hentry","category-lajme","category-te-fundit"],"gt_translate_keys":[{"key":"link","format":"url"}],"_links":{"self":[{"href":"https:\/\/www.hashtag.al\/index.php\/wp-json\/wp\/v2\/posts\/491591","targetHints":{"allow":["GET"]}}],"collection":[{"href":"https:\/\/www.hashtag.al\/index.php\/wp-json\/wp\/v2\/posts"}],"about":[{"href":"https:\/\/www.hashtag.al\/index.php\/wp-json\/wp\/v2\/types\/post"}],"author":[{"embeddable":true,"href":"https:\/\/www.hashtag.al\/index.php\/wp-json\/wp\/v2\/users\/30"}],"replies":[{"embeddable":true,"href":"https:\/\/www.hashtag.al\/index.php\/wp-json\/wp\/v2\/comments?post=491591"}],"version-history":[{"count":0,"href":"https:\/\/www.hashtag.al\/index.php\/wp-json\/wp\/v2\/posts\/491591\/revisions"}],"wp:featuredmedia":[{"embeddable":true,"href":"https:\/\/www.hashtag.al\/index.php\/wp-json\/wp\/v2\/media\/491592"}],"wp:attachment":[{"href":"https:\/\/www.hashtag.al\/index.php\/wp-json\/wp\/v2\/media?parent=491591"}],"wp:term":[{"taxonomy":"category","embeddable":true,"href":"https:\/\/www.hashtag.al\/index.php\/wp-json\/wp\/v2\/categories?post=491591"},{"taxonomy":"post_tag","embeddable":true,"href":"https:\/\/www.hashtag.al\/index.php\/wp-json\/wp\/v2\/tags?post=491591"}],"curies":[{"name":"wp","href":"https:\/\/api.w.org\/{rel}","templated":true}]}}