{"id":491573,"date":"2021-12-15T10:44:44","date_gmt":"2021-12-15T09:44:44","guid":{"rendered":"https:\/\/www.hashtag.al\/?p=491573"},"modified":"2021-12-15T10:44:44","modified_gmt":"2021-12-15T09:44:44","slug":"vrasja-e-te-riut-pas-sherrit-ne-market-arrestohet-miku-i-viktimes","status":"publish","type":"post","link":"https:\/\/www.hashtag.al\/index.php\/2021\/12\/15\/vrasja-e-te-riut-pas-sherrit-ne-market-arrestohet-miku-i-viktimes\/","title":{"rendered":"Vrasja e t\u00eb riut pas sherrit n\u00eb market, arrestohet miku i viktim\u00ebs","gt_translate_keys":[{"key":"rendered","format":"text"}]},"content":{"rendered":"<p><span style=\"color: #000000;\"><a href=\"https:\/\/www.hashtag.al\/wp-content\/uploads\/2021\/12\/DUKA.jpg\"><img loading=\"lazy\" decoding=\"async\" class=\"aligncenter size-full wp-image-491574\" src=\"https:\/\/www.hashtag.al\/wp-content\/uploads\/2021\/12\/DUKA.jpg\" alt=\"\" width=\"512\" height=\"288\" srcset=\"https:\/\/www.hashtag.al\/wp-content\/uploads\/2021\/12\/DUKA.jpg 512w, https:\/\/www.hashtag.al\/wp-content\/uploads\/2021\/12\/DUKA-300x169.jpg 300w\" sizes=\"auto, (max-width: 512px) 100vw, 512px\" \/><\/a><\/span><\/p>\n<p><span style=\"color: #000000;\">Pas sherrit t\u00eb djesh\u00ebm n\u00eb nj\u00eb market n\u00eb Tiran\u00eb ku mbeti i vrar\u00eb 29-vje\u00e7ari Jurgen Duka, policia ka arrestuar nj\u00eb prej personave t\u00eb p\u00ebrfshir\u00eb.<\/span><\/p>\n<p><span style=\"color: #000000;\">B\u00ebhet fjal\u00eb p\u00ebr mikun e viktim\u00ebs, 36-vje\u00e7arin Orgest Drazhi, i cili ka qen\u00eb i pranish\u00ebm kur ka ndodhur konflikti, por nuk e ka kall\u00ebzuar krimin tek uniformat blu.<\/span><\/p>\n<p><span style=\"color: #000000;\"><em>\u00a0\u201cSpecialist\u00ebt e Seksionit p\u00ebr Hetimin e Krimeve n\u00eb Komisariatin e Policis\u00eb Nr. 2 b\u00ebn\u00eb arrestimin n\u00eb flagranc\u00eb t\u00eb shtetasit O. D., 36 vje\u00e7, pasi n\u00eb rrug\u00ebn \u2018Irfan Tomini\u2019, duke qen\u00eb prezent n\u00eb konfliktin e \u00e7astit ku humbi jet\u00ebn shtetasi J. D., nuk ka kall\u00ebzuar krimin. <\/em><\/span><\/p>\n<p><span style=\"color: #000000;\"><em>Nd\u00ebrkoh\u00eb nga sh\u00ebrbimet e Policis\u00eb, vijon puna intensive p\u00ebr kapjen dhe v\u00ebnien para p\u00ebrgjegj\u00ebsis\u00eb t\u00eb autorit t\u00eb krimit, shtetasit A. S.\u201d-<\/em> thuhet n\u00eb njoftimin e policis\u00eb.<\/span><\/p>\n","protected":false,"gt_translate_keys":[{"key":"rendered","format":"html"}]},"excerpt":{"rendered":"<p>Pas sherrit t\u00eb djesh\u00ebm n\u00eb nj\u00eb market n\u00eb Tiran\u00eb ku mbeti i vrar\u00eb 29-vje\u00e7ari Jurgen Duka, policia ka arrestuar nj\u00eb prej personave t\u00eb p\u00ebrfshir\u00eb. B\u00ebhet fjal\u00eb p\u00ebr mikun e viktim\u00ebs, 36-vje\u00e7arin Orgest Drazhi, i cili ka qen\u00eb i pranish\u00ebm kur ka ndodhur konflikti, por nuk e ka kall\u00ebzuar krimin tek uniformat blu. \u00a0\u201cSpecialist\u00ebt e Seksionit [&hellip;]<\/p>\n","protected":false,"gt_translate_keys":[{"key":"rendered","format":"html"}]},"author":30,"featured_media":491574,"comment_status":"closed","ping_status":"closed","sticky":false,"template":"","format":"standard","meta":{"footnotes":""},"categories":[65,13],"tags":[],"class_list":["post-491573","post","type-post","status-publish","format-standard","has-post-thumbnail","hentry","category-lajme","category-te-fundit"],"gt_translate_keys":[{"key":"link","format":"url"}],"_links":{"self":[{"href":"https:\/\/www.hashtag.al\/index.php\/wp-json\/wp\/v2\/posts\/491573","targetHints":{"allow":["GET"]}}],"collection":[{"href":"https:\/\/www.hashtag.al\/index.php\/wp-json\/wp\/v2\/posts"}],"about":[{"href":"https:\/\/www.hashtag.al\/index.php\/wp-json\/wp\/v2\/types\/post"}],"author":[{"embeddable":true,"href":"https:\/\/www.hashtag.al\/index.php\/wp-json\/wp\/v2\/users\/30"}],"replies":[{"embeddable":true,"href":"https:\/\/www.hashtag.al\/index.php\/wp-json\/wp\/v2\/comments?post=491573"}],"version-history":[{"count":0,"href":"https:\/\/www.hashtag.al\/index.php\/wp-json\/wp\/v2\/posts\/491573\/revisions"}],"wp:featuredmedia":[{"embeddable":true,"href":"https:\/\/www.hashtag.al\/index.php\/wp-json\/wp\/v2\/media\/491574"}],"wp:attachment":[{"href":"https:\/\/www.hashtag.al\/index.php\/wp-json\/wp\/v2\/media?parent=491573"}],"wp:term":[{"taxonomy":"category","embeddable":true,"href":"https:\/\/www.hashtag.al\/index.php\/wp-json\/wp\/v2\/categories?post=491573"},{"taxonomy":"post_tag","embeddable":true,"href":"https:\/\/www.hashtag.al\/index.php\/wp-json\/wp\/v2\/tags?post=491573"}],"curies":[{"name":"wp","href":"https:\/\/api.w.org\/{rel}","templated":true}]}}