{"id":491520,"date":"2021-12-14T23:17:56","date_gmt":"2021-12-14T22:17:56","guid":{"rendered":"https:\/\/www.hashtag.al\/?p=491520"},"modified":"2021-12-14T23:17:56","modified_gmt":"2021-12-14T22:17:56","slug":"lala-per-inceneratoret-jane-ne-prag-arrestimi-deputete-edhe-ministra-te-tjere","status":"publish","type":"post","link":"https:\/\/www.hashtag.al\/index.php\/2021\/12\/14\/lala-per-inceneratoret-jane-ne-prag-arrestimi-deputete-edhe-ministra-te-tjere\/","title":{"rendered":"Lala: P\u00ebr incenerator\u00ebt jan\u00eb n\u00eb prag arrestimi deputet\u00eb edhe ministra t\u00eb tjer\u00eb","gt_translate_keys":[{"key":"rendered","format":"text"}]},"content":{"rendered":"<p><span style=\"color: #000000;\"><img loading=\"lazy\" decoding=\"async\" class=\"aligncenter size-full wp-image-444992\" src=\"https:\/\/www.hashtag.al\/wp-content\/uploads\/2021\/04\/klodiana-lala.jpg\" alt=\"\" width=\"817\" height=\"491\" srcset=\"https:\/\/www.hashtag.al\/wp-content\/uploads\/2021\/04\/klodiana-lala.jpg 817w, https:\/\/www.hashtag.al\/wp-content\/uploads\/2021\/04\/klodiana-lala-300x180.jpg 300w, https:\/\/www.hashtag.al\/wp-content\/uploads\/2021\/04\/klodiana-lala-768x462.jpg 768w\" sizes=\"auto, (max-width: 817px) 100vw, 817px\" \/><\/span><\/p>\n<p><span style=\"color: #000000;\">Gazetarja Klodiana Lala deklaroi se SPAK ka n\u00eb prag t\u00eb arrestimit jan\u00eb edhe zyrtar\u00eb t\u00eb tjer\u00eb, n\u00eb nivel ministrash dhe deputet\u00ebsh.<\/span><\/p>\n<p><span style=\"color: #000000;\">Lala tha n\u00eb emisionin \u201cOpinion\u201d se kjo ndodh p\u00ebr shkak t\u00eb faktit se ka incenerator\u00eb t\u00eb tjer\u00eb q\u00eb nuk jan\u00eb prekur.<\/span><\/p>\n<p><span style=\"color: #000000;\">Ka nj\u00eb vendim, mas\u00eb sigurie t\u00eb marr\u00eb lidhur me Lefter Kok\u00ebn. Dit\u00ebn e djeshme \u00ebsht\u00eb b\u00ebr\u00eb sekuestrimi i inceneneratorit t\u00eb Klodian Zotos dhe inceneratorit t\u00eb Elbasanit ku \u00ebsht\u00eb Stela Gugallia.<\/span><\/p>\n<p><span style=\"color: #000000;\">\u201c<em>Sigurisht zoti Koka nuk ka patur interes t\u00eb largohet . Ai do t\u00eb dal\u00eb pas 2 dit\u00ebsh n\u00eb gjykat\u00eb. SPAK ka n\u00eb hetim edhe zyrtar\u00eb dhe ish-zyrtar\u00eb t\u00eb tjer\u00eb, por q\u00eb sipas t\u00eb dh\u00ebnave t\u00eb SPAK jan\u00eb n\u00eb prag t\u00eb arrestimit. N\u00eb ministrash dhe deputet\u00ebsh, sepse jan\u00eb dhe incenerator\u00eb t\u00eb tjer\u00eb q\u00eb nuk jan\u00eb prekur dhe jan\u00eb duke u hetuar. Po t\u00eb shikosh vart\u00ebsit e zotit Koka jan\u00eb deputet\u00eb t\u00eb Kuvendit<\/em>\u201d-deklaroi Lala.<\/span><\/p>\n<p>&nbsp;<\/p>\n","protected":false,"gt_translate_keys":[{"key":"rendered","format":"html"}]},"excerpt":{"rendered":"<p>Gazetarja Klodiana Lala deklaroi se SPAK ka n\u00eb prag t\u00eb arrestimit jan\u00eb edhe zyrtar\u00eb t\u00eb tjer\u00eb, n\u00eb nivel ministrash dhe deputet\u00ebsh. Lala tha n\u00eb emisionin \u201cOpinion\u201d se kjo ndodh p\u00ebr shkak t\u00eb faktit se ka incenerator\u00eb t\u00eb tjer\u00eb q\u00eb nuk jan\u00eb prekur. Ka nj\u00eb vendim, mas\u00eb sigurie t\u00eb marr\u00eb lidhur me Lefter Kok\u00ebn. Dit\u00ebn e [&hellip;]<\/p>\n","protected":false,"gt_translate_keys":[{"key":"rendered","format":"html"}]},"author":32,"featured_media":489568,"comment_status":"closed","ping_status":"closed","sticky":false,"template":"","format":"standard","meta":{"footnotes":""},"categories":[65,13],"tags":[],"class_list":["post-491520","post","type-post","status-publish","format-standard","has-post-thumbnail","hentry","category-lajme","category-te-fundit"],"gt_translate_keys":[{"key":"link","format":"url"}],"_links":{"self":[{"href":"https:\/\/www.hashtag.al\/index.php\/wp-json\/wp\/v2\/posts\/491520","targetHints":{"allow":["GET"]}}],"collection":[{"href":"https:\/\/www.hashtag.al\/index.php\/wp-json\/wp\/v2\/posts"}],"about":[{"href":"https:\/\/www.hashtag.al\/index.php\/wp-json\/wp\/v2\/types\/post"}],"author":[{"embeddable":true,"href":"https:\/\/www.hashtag.al\/index.php\/wp-json\/wp\/v2\/users\/32"}],"replies":[{"embeddable":true,"href":"https:\/\/www.hashtag.al\/index.php\/wp-json\/wp\/v2\/comments?post=491520"}],"version-history":[{"count":0,"href":"https:\/\/www.hashtag.al\/index.php\/wp-json\/wp\/v2\/posts\/491520\/revisions"}],"wp:featuredmedia":[{"embeddable":true,"href":"https:\/\/www.hashtag.al\/index.php\/wp-json\/wp\/v2\/media\/489568"}],"wp:attachment":[{"href":"https:\/\/www.hashtag.al\/index.php\/wp-json\/wp\/v2\/media?parent=491520"}],"wp:term":[{"taxonomy":"category","embeddable":true,"href":"https:\/\/www.hashtag.al\/index.php\/wp-json\/wp\/v2\/categories?post=491520"},{"taxonomy":"post_tag","embeddable":true,"href":"https:\/\/www.hashtag.al\/index.php\/wp-json\/wp\/v2\/tags?post=491520"}],"curies":[{"name":"wp","href":"https:\/\/api.w.org\/{rel}","templated":true}]}}