{"id":491393,"date":"2021-12-14T14:04:30","date_gmt":"2021-12-14T13:04:30","guid":{"rendered":"https:\/\/www.hashtag.al\/?p=491393"},"modified":"2021-12-14T15:10:41","modified_gmt":"2021-12-14T14:10:41","slug":"basha-pas-arrestimit-te-kokes-nuk-eshte-ai-peshku-i-madh-drejtesia-nuk-eshte-e-plote","status":"publish","type":"post","link":"https:\/\/www.hashtag.al\/index.php\/2021\/12\/14\/basha-pas-arrestimit-te-kokes-nuk-eshte-ai-peshku-i-madh-drejtesia-nuk-eshte-e-plote\/","title":{"rendered":"Basha pas arrestimit t\u00eb Kok\u00ebs: Nuk \u00ebsht\u00eb ai \u201cpeshku i madh\u201d, por Rama dhe Gjiknuri","gt_translate_keys":[{"key":"rendered","format":"text"}]},"content":{"rendered":"<p><span style=\"color: #000000;\"><a href=\"https:\/\/www.hashtag.al\/wp-content\/uploads\/2021\/12\/Lul-Basha.jpg\"><img loading=\"lazy\" decoding=\"async\" class=\"aligncenter size-full wp-image-491392\" src=\"https:\/\/www.hashtag.al\/wp-content\/uploads\/2021\/12\/Lul-Basha.jpg\" alt=\"\" width=\"835\" height=\"465\" srcset=\"https:\/\/www.hashtag.al\/wp-content\/uploads\/2021\/12\/Lul-Basha.jpg 835w, https:\/\/www.hashtag.al\/wp-content\/uploads\/2021\/12\/Lul-Basha-300x167.jpg 300w, https:\/\/www.hashtag.al\/wp-content\/uploads\/2021\/12\/Lul-Basha-768x428.jpg 768w\" sizes=\"auto, (max-width: 835px) 100vw, 835px\" \/><\/a><\/span><\/p>\n<p><span style=\"color: #000000;\">Kryetari i Partis\u00eb Demokratike Lulzim Basha ka reaguar pas arrestimit t\u00eb ish-ministrit t\u00eb Mjedisit Lefter Koka nga SPAK, lidhur me \u00e7\u00ebshtjen e incenerator\u00ebve.<\/span><\/p>\n<p><span style=\"color: #000000;\">Basha thot\u00eb se ky arrestim tregon se akuzat e vazhdueshme t\u00eb PD-s\u00eb kan\u00eb qen\u00eb t\u00eb drejta, por nuk e quan drejt\u00ebsi t\u00eb plot\u00eb arrestimin vet\u00ebm t\u00eb Kok\u00ebs p\u00ebr k\u00ebt\u00eb \u00e7\u00ebshtje. Kjo pasi sipas tij nuk \u00ebsht\u00eb Koka \u201cpeshku i madh\u201d p\u00ebr k\u00ebt\u00eb afer\u00eb.<\/span><\/p>\n<p><em><span style=\"color: #000000;\">\u201cArrestimi i sot\u00ebm i ish-ministrit t\u00eb Edi Ram\u00ebs, Lefter Koka \u00ebsht\u00eb nj\u00eb tjet\u00ebr prov\u00eb q\u00eb fakton drejt\u00ebsin\u00eb e denoncimeve t\u00eb PD-s\u00eb. Sot \u00ebsht\u00eb dita t\u00eb kujtojm\u00eb se ishte PD ajo q\u00eb n\u00eb shkurt t\u00eb 2018-\u00ebs nisi procesin e denoncimeve dhe t\u00eb interpelancave parlamentare, p\u00ebrkund\u00ebr gjith\u00eb zhurmnaj\u00ebs, blerjes s\u00eb heshtjes publike duke p\u00ebrfshir\u00eb edhe influencimin p\u00ebrmes parave t\u00eb incenerator\u00ebve t\u00eb pothuajse t\u00eb gjitha medieve shqiptare p\u00ebr 400 milion\u00eb Euro q\u00eb u jan\u00eb zhvatur taksapaguesve shqiptar\u00eb. E pra sot, arrestimi i ministrit t\u00eb Ram\u00ebs provon se akuzat tona kan\u00eb qen\u00eb t\u00eb drejta, se denoncimet tona kan\u00eb qen\u00eb t\u00eb bazuara.<\/span><\/em><\/p>\n<p><em><span style=\"color: #000000;\">Th\u00ebn\u00eb kjo, nuk ka qytetar shqiptar ta besoj\u00eb se ky \u00ebsht\u00eb \u2018peshku i madh\u2019. E din\u00eb t\u00eb gjith\u00eb q\u00eb 17 vendime qeverie brenda dite nuk i nxirrte dot nj\u00eb minist\u00ebr, kushdo qoft\u00eb ky.<\/span><\/em><\/p>\n<p><em><span style=\"color: #000000;\">Emrat e v\u00ebrtet\u00eb q\u00eb q\u00ebndrojn\u00eb pas k\u00ebsaj afere me 400 milion\u00eb Euro jan\u00eb ato t\u00eb Edi Ram\u00ebs, Damian Gjiknurit, Erion Veliajt, Klodian M\u00ebrtirit, Arben Ahmetajt dhe surrogat\u00ebve t\u00eb tjer\u00eb, dy kryetar\u00ebve t\u00eb tjer\u00eb t\u00eb bashkive t\u00eb tjera.<\/span><\/em><\/p>\n<p><span style=\"color: #000000;\"><em>Dhe sa koh\u00eb nuk ka veprim t\u00eb plot\u00eb, nuk ka drejt\u00ebsi t\u00eb plot\u00eb p\u00ebr k\u00ebt\u00eb afer\u00eb t\u00eb tmerrshme korruptive q\u00eb ka varf\u00ebruar edhe m\u00eb shum\u00eb xhepat e shqiptar\u00ebve.<\/em><\/span><\/p>\n<p><em><span style=\"color: #000000;\">Ndaj nuk mund t\u00eb themi se sot \u00ebsht\u00eb nj\u00eb dit\u00eb triumfi, p\u00ebr drejt\u00ebsin\u00eb. \u00cbsht\u00eb ndoshta fillimi i nj\u00eb procesi, por q\u00eb nuk mund t\u00eb p\u00ebrfundoj\u00eb pa i dh\u00ebn\u00eb p\u00ebrgjigje pyetjeve se \u00e7far\u00eb b\u00ebhet me kokat e k\u00ebsaj afere, me kreun e qeveris\u00eb q\u00eb kaloi 17 vendime qeverie brenda nj\u00eb dite. Parat\u00eb e kujt po pastronte ministri i Ram\u00ebs q\u00eb \u00ebsht\u00eb arrestuar sot?<\/span><\/em><\/p>\n<p><em><span style=\"color: #000000;\">Kjo d\u00ebshmon edhe nj\u00ebher\u00eb r\u00ebnd\u00ebsin\u00eb q\u00eb ka komisioni hetimor p\u00ebr incenerator\u00ebt, d\u00ebshmon edhe nj\u00ebher\u00eb rezistenc\u00ebn, arsyet p\u00ebr rezistenc\u00eb q\u00eb iu b\u00eb\u00a0 ngritje s\u00eb k\u00ebtij komisioni dhe rikthen v\u00ebmendjen e qytetar\u00ebve faktin q\u00eb ne, Partia Demokratike po e b\u00ebjm\u00eb k\u00ebt\u00eb betej\u00eb p\u00ebr interesat e shqiptar\u00ebve, p\u00ebr xhepat e shqiptar\u00ebve, n\u00eb krahun e shqiptar\u00ebve, por po tregohet qart\u00eb q\u00eb me refuzimin p\u00ebr t\u2019ju p\u00ebrgjigjur n\u00eb koh\u00eb me dokumentacionin e k\u00ebrkuar dhe me d\u00ebshmitar\u00ebt e k\u00ebrkuar fajtor\u00ebt jan\u00eb vet\u00ebzbuluar para opinionit publik.<\/span><\/em><\/p>\n<p><em><span style=\"color: #000000;\">Ky \u00ebsht\u00eb momenti p\u00ebr t\u2019i th\u00ebn\u00eb \u00e7do shqiptari q\u00eb Komisioni Hetimor p\u00ebr Incenerator\u00ebt dhe beteja e nisur q\u00eb n\u00eb shkurt t\u00eb vitit 2018, madje q\u00eb n\u00eb 2017 p\u00ebr denoncimin e k\u00ebsaj skeme mafioze, kjo betej\u00eb do t\u00eb\u00a0 vazhdoj\u00eb dhe se pavar\u00ebsisht prej vullnetit t\u00eb plot\u00eb apo jo t\u00eb drejt\u00ebsis\u00eb t\u00eb cil\u00ebs i k\u00ebrkoj sot t\u00eb veproj\u00eb pa hezitim p\u00ebr\u00a0 t\u00eb v\u00ebn\u00eb para p\u00ebrgjegj\u00ebsis\u00eb t\u00eb gjith\u00eb duke filluar nga kokat dhe jo duke u k\u00ebnaqur vet\u00ebm me 1, 2 apo 3 pjes\u00ebmarr\u00ebs n\u00eb k\u00ebt\u00eb skem\u00eb gjigande korrupsioni. Pavar\u00ebsisht nga gjith\u00eb kjo Partia Demokratike, deputet\u00ebt tan\u00eb n\u00eb komisionin e hetimit p\u00ebr incenerator\u00ebt do t\u00eb vijojn\u00eb betej\u00ebn ton\u00eb p\u00ebr transparenc\u00ebn pik\u00ebrisht n\u00eb funksion t\u00eb zbardhjes\u00a0 s\u00eb k\u00ebsaj\u00a0 skeme gjigande kriminale q\u00eb nga nj\u00ebra an\u00eb ka r\u00ebnduar qytetar\u00ebt sepse ju t\u00eb gjith\u00eb e dini q\u00eb\u00a0 qytetar\u00ebve dhe bizneseve, taksat e pastrimit u jan\u00eb rritur e ju jan\u00eb shtuar. E dini fare mir\u00eb se kjo nuk ka sjell\u00eb as cil\u00ebsi m\u00eb t\u00eb mir\u00eb ajri, asnj\u00eb higjen\u00eb m\u00eb t\u00eb madhe n\u00eb qytetet tona.<\/span><\/em><\/p>\n<p><em><span style=\"color: #000000;\">P\u00ebrkundrazi, ka sjell\u00eb ndotje m\u00eb t\u00eb m\u00ebdha sepse e gjith\u00eb skema e incenerator\u00ebve \u00ebsht\u00eb nj\u00eb skem\u00eb mafioze e nd\u00ebrtuar p\u00ebr t\u00eb vjedhur shqiptar\u00ebt dhe\u00a0 p\u00ebr t\u00eb d\u00ebmtuar sh\u00ebndetin e tyre. Nuk mund t\u00eb mos e shpreh se ky hap i par\u00eb i nd\u00ebrmarr\u00eb sot padiskutim \u00ebsht\u00eb i mir\u00ebpritur, por nga ana tjet\u00ebr dua ta them fare qart\u00eb n\u00eb em\u00ebr\u00a0 t\u00eb Partis\u00eb Demokratike se pa shkuar tek peshqit e m\u00ebdhenj t\u00eb k\u00ebsaj afere, gjith\u00e7ka do t\u00eb mbetet nj\u00eb fars\u00eb dhe n\u00eb vend q\u00eb t\u00eb nd\u00ebrtoj\u00eb rrezikon q\u00eb t\u00eb rr\u00ebnoj\u00eb besimin e drejt\u00ebsis\u00eb. Ndaj, e nxis drejt\u00ebsin\u00eb n\u00eb k\u00ebt\u00eb dit\u00eb kur ka hedhur k\u00ebt\u00eb hap t\u00eb marr\u00eb t\u00eb mos ndalet me kaq, mos ta fus\u00eb p\u00ebr kalendar greke si\u00e7 i thon\u00eb procesin e hetimit, por\u00a0 t\u00eb shkoj\u00eb menj\u00ebher\u00eb tek autor\u00ebt q\u00eb e kan\u00eb b\u00ebr\u00eb t\u00eb mundur si\u00e7 e thash\u00eb firmosjen e 17 akteve qeveritare\u00a0 me nj\u00eb dit\u00eb.\u00a0<\/span><\/em><\/p>\n<p><em><span style=\"color: #000000;\">Sot \u00ebsht\u00eb dita kur Lefter Koka \u00ebsht\u00eb arrestuar, q\u00eb Edi Rama, \u00cbngj\u00ebll Aga\u00e7i, Damian Gjiknuri, Srben Ahmetaj, s\u00eb bashku me Klodian M\u00ebrtirin, Erion Veliajn dhe kryetar\u00ebt e dy bashkive t\u00eb tjera t\u00eb th\u00ebrriten dhe t\u00eb merren urgjentisht sipas ligjit, t\u00eb procedohen sipas ligjit, sepse pa ta Lefter Koka, sigurisht q\u00eb nuk do t\u00eb arrinte dot t\u00eb kryente k\u00ebt\u00eb vep\u00ebr monstruoze dhe k\u00ebt\u00eb krim t\u00eb r\u00ebnd\u00eb mbi xhepat e shqiptar\u00ebve.<\/span><\/em><span style=\"color: #000000;\"><em>\u201d<\/em>&#8211; deklaroi Basha.<\/span><\/p>\n<p><span style=\"color: #000000;\">Ky reagim i Bash\u00ebs vjen pasi ish-ministri i Mjedisit Lefter Koka \u00ebsht\u00eb arrestuar paraditen e sotme nga policia pas urdhrit t\u00eb SPAK.\u00a0 Arrestimi i tij ka t\u00eb b\u00ebj\u00eb me \u00e7\u00ebshtjen e incinerator\u00ebve.<\/span><\/p>\n<p><span style=\"color: #000000;\">Urdhri p\u00ebr arrestimin e Kok\u00ebs \u00ebsht\u00eb firmosur nga prokurori Klodian Braho e \u00ebsht\u00eb firmosur nga gjykat\u00ebsi Erion Bani. Ish-ministri akuzohet p\u00ebr\u00a0\u201cshp\u00ebrdorim detyre, pastrim parash e korrupsion\u201d.<\/span><\/p>\n","protected":false,"gt_translate_keys":[{"key":"rendered","format":"html"}]},"excerpt":{"rendered":"<p>Kryetari i Partis\u00eb Demokratike Lulzim Basha ka reaguar pas arrestimit t\u00eb ish-ministrit t\u00eb Mjedisit Lefter Koka nga SPAK, lidhur me \u00e7\u00ebshtjen e incenerator\u00ebve. Basha thot\u00eb se ky arrestim tregon se akuzat e vazhdueshme t\u00eb PD-s\u00eb kan\u00eb qen\u00eb t\u00eb drejta, por nuk e quan drejt\u00ebsi t\u00eb plot\u00eb arrestimin vet\u00ebm t\u00eb Kok\u00ebs p\u00ebr k\u00ebt\u00eb \u00e7\u00ebshtje. Kjo pasi [&hellip;]<\/p>\n","protected":false,"gt_translate_keys":[{"key":"rendered","format":"html"}]},"author":30,"featured_media":491392,"comment_status":"closed","ping_status":"closed","sticky":false,"template":"","format":"standard","meta":{"footnotes":""},"categories":[65,13],"tags":[],"class_list":["post-491393","post","type-post","status-publish","format-standard","has-post-thumbnail","hentry","category-lajme","category-te-fundit"],"gt_translate_keys":[{"key":"link","format":"url"}],"_links":{"self":[{"href":"https:\/\/www.hashtag.al\/index.php\/wp-json\/wp\/v2\/posts\/491393","targetHints":{"allow":["GET"]}}],"collection":[{"href":"https:\/\/www.hashtag.al\/index.php\/wp-json\/wp\/v2\/posts"}],"about":[{"href":"https:\/\/www.hashtag.al\/index.php\/wp-json\/wp\/v2\/types\/post"}],"author":[{"embeddable":true,"href":"https:\/\/www.hashtag.al\/index.php\/wp-json\/wp\/v2\/users\/30"}],"replies":[{"embeddable":true,"href":"https:\/\/www.hashtag.al\/index.php\/wp-json\/wp\/v2\/comments?post=491393"}],"version-history":[{"count":0,"href":"https:\/\/www.hashtag.al\/index.php\/wp-json\/wp\/v2\/posts\/491393\/revisions"}],"wp:featuredmedia":[{"embeddable":true,"href":"https:\/\/www.hashtag.al\/index.php\/wp-json\/wp\/v2\/media\/491392"}],"wp:attachment":[{"href":"https:\/\/www.hashtag.al\/index.php\/wp-json\/wp\/v2\/media?parent=491393"}],"wp:term":[{"taxonomy":"category","embeddable":true,"href":"https:\/\/www.hashtag.al\/index.php\/wp-json\/wp\/v2\/categories?post=491393"},{"taxonomy":"post_tag","embeddable":true,"href":"https:\/\/www.hashtag.al\/index.php\/wp-json\/wp\/v2\/tags?post=491393"}],"curies":[{"name":"wp","href":"https:\/\/api.w.org\/{rel}","templated":true}]}}