{"id":490593,"date":"2021-12-11T15:09:56","date_gmt":"2021-12-11T14:09:56","guid":{"rendered":"https:\/\/www.hashtag.al\/?p=490593"},"modified":"2021-12-11T15:09:56","modified_gmt":"2021-12-11T14:09:56","slug":"fatbardh-kadilli-edhe-basha-edhe-berisha-duhet-te-perjashtohen-nga-e-drejta-qe-te-zgjidhen-kryetare-partie","status":"publish","type":"post","link":"https:\/\/www.hashtag.al\/index.php\/2021\/12\/11\/fatbardh-kadilli-edhe-basha-edhe-berisha-duhet-te-perjashtohen-nga-e-drejta-qe-te-zgjidhen-kryetare-partie\/","title":{"rendered":"Fatbardh Kadilli: Edhe Basha, edhe Berisha duhet t\u00eb p\u00ebrjashtohen nga e drejta q\u00eb t\u00eb zgjidhen kryetar\u00eb partie","gt_translate_keys":[{"key":"rendered","format":"text"}]},"content":{"rendered":"<p><span style=\"color: #000000;\"><a style=\"color: #000000;\" href=\"https:\/\/www.hashtag.al\/wp-content\/uploads\/2021\/12\/Kadilli.jpg\"><img loading=\"lazy\" decoding=\"async\" class=\"aligncenter size-full wp-image-490594\" src=\"https:\/\/www.hashtag.al\/wp-content\/uploads\/2021\/12\/Kadilli.jpg\" alt=\"\" width=\"679\" height=\"347\" srcset=\"https:\/\/www.hashtag.al\/wp-content\/uploads\/2021\/12\/Kadilli.jpg 679w, https:\/\/www.hashtag.al\/wp-content\/uploads\/2021\/12\/Kadilli-300x153.jpg 300w, https:\/\/www.hashtag.al\/wp-content\/uploads\/2021\/12\/Kadilli-568x290.jpg 568w\" sizes=\"auto, (max-width: 679px) 100vw, 679px\" \/><\/a><\/span><\/p>\n<p><span style=\"color: #000000;\">Fatbardh Kadilli i cili kandidoi p\u00ebrball\u00eb Lulzim Bash\u00ebs n\u00eb zgjedhjet e 13 qershorit p\u00ebr drejtimin e PD-s\u00eb, mbajti nj\u00eb fjalim para demokrat\u00ebve n\u00eb Kuvendin e thirrur sot, pavar\u00ebsisht se ai vet\u00eb nuk ishte nj\u00eb nga firm\u00ebtar\u00ebt.<\/span><\/p>\n<p><span style=\"color: #000000;\">N\u00eb fjal\u00ebn e tij, Kadilli tha se vet\u00ebm n\u00ebse p\u00ebrjashtohet edhe Sali Berisha nga gara ky Kuvend do t\u00eb jet\u00eb vertet rruga e re e Partis\u00eb Demokratike.<\/span><\/p>\n<p><span style=\"color: #000000;\"><em>&#8220;Ne q\u00eb m\u00eb 26 prill duhet t\u00eb kishim reflektuar. Ndaj un\u00eb k\u00ebrkova dor\u00ebheqjen e Lulzim Bash\u00ebs. Un\u00eb garova p\u00ebr kryetar, edhe pse e dija q\u00eb kisha shum\u00eb pak shanse p\u00ebr t\u00eb fituar. Beteja ime p\u00ebr t\u00eb sfiduar kryetarin ishte e vetmuar. N\u00eb PD askush nuk donte gar\u00eb. Un\u00eb, Harxhi dhe Shehaj ndesh\u00ebm pengesa t\u00eb paimagjinueshme. Me ndihm\u00ebn tuaj, Basha fitoi nj\u00eb gar\u00eb q\u00eb nuk ishte e till\u00eb.<\/em><\/span><\/p>\n<p><span style=\"color: #000000;\"><em>Nuk e tregova k\u00ebt\u00eb histori se dua t\u00eb dukem trimfues tani q\u00eb sapo votuat nj\u00eb p\u00ebr nj\u00eb t\u00eb gjitha propozimet e mia q\u00eb i shp\u00ebrfillet disa muaj m\u00eb par\u00eb. Un\u00eb k\u00ebrkoj ndryshim t\u00eb mend\u00ebsis\u00eb ton\u00eb. Jemi ne me mend\u00ebsin\u00eb ton\u00eb q\u00eb ia lam\u00eb Lulzim Bash\u00ebs partin\u00eb ta kontrollonte totalisht.<\/em><\/span><\/p>\n<p><span style=\"color: #000000;\"><em>Ne na mungon kultura e liris\u00eb dhe e demokracis\u00eb. <\/em><\/span><\/p>\n<p><span style=\"color: #000000;\"><em>Nuk ka statut partie q\u00eb ndalon kontrollin e partis\u00eb nga kryetari \u00ebsht\u00eb kot n\u00ebse ne lejojm\u00eb t\u00eb kontrollohemi. Kjo \u00ebsht\u00eb prova e v\u00ebrtet\u00eb q\u00eb ne kemi sot n\u00eb k\u00ebt\u00eb parti.<\/em><\/span><\/p>\n<p><span style=\"color: #000000;\"><em>Sfida e v\u00ebrtet\u00eb e neve sot \u00ebsht\u00eb q\u00eb edhe Sali Berisha nuk mund t\u00eb zgjidhet kryetar partie. Vet\u00ebm n\u00ebse edhe Basha, edhe Berisha p\u00ebrjashtohen nga e drejta q\u00eb t\u00eb zgjidhen kryetar\u00eb partie vet\u00ebm at\u00ebher\u00eb ne hedhim hapa para. Vet\u00ebm n\u00ebse ndalemi nga mesjetizmi ne nisim nj\u00eb rrug\u00eb t\u00eb re. <\/em><\/span><\/p>\n<p><span style=\"color: #000000;\"><em>Prej njer\u00ebzve me vizion dhe ideale duhet t\u00eb dalin udh\u00ebheq\u00ebsit e rinj t\u00eb PD. Nuk kemi nevoj\u00eb p\u00ebr liderin historik apo at\u00eb evropianin fals, por nj\u00eb brez t\u00eb ri politikan\u00ebsh.&#8221;-<\/em> tha Kadilli, i vetmi z\u00eb kund\u00ebr Berish\u00ebs n\u00eb k\u00ebt\u00eb Kuvend.<\/span><\/p>\n","protected":false,"gt_translate_keys":[{"key":"rendered","format":"html"}]},"excerpt":{"rendered":"<p>Fatbardh Kadilli i cili kandidoi p\u00ebrball\u00eb Lulzim Bash\u00ebs n\u00eb zgjedhjet e 13 qershorit p\u00ebr drejtimin e PD-s\u00eb, mbajti nj\u00eb fjalim para demokrat\u00ebve n\u00eb Kuvendin e thirrur sot, pavar\u00ebsisht se ai vet\u00eb nuk ishte nj\u00eb nga firm\u00ebtar\u00ebt. N\u00eb fjal\u00ebn e tij, Kadilli tha se vet\u00ebm n\u00ebse p\u00ebrjashtohet edhe Sali Berisha nga gara ky Kuvend do t\u00eb [&hellip;]<\/p>\n","protected":false,"gt_translate_keys":[{"key":"rendered","format":"html"}]},"author":30,"featured_media":490594,"comment_status":"closed","ping_status":"closed","sticky":false,"template":"","format":"standard","meta":{"footnotes":""},"categories":[65,13],"tags":[],"class_list":["post-490593","post","type-post","status-publish","format-standard","has-post-thumbnail","hentry","category-lajme","category-te-fundit"],"gt_translate_keys":[{"key":"link","format":"url"}],"_links":{"self":[{"href":"https:\/\/www.hashtag.al\/index.php\/wp-json\/wp\/v2\/posts\/490593","targetHints":{"allow":["GET"]}}],"collection":[{"href":"https:\/\/www.hashtag.al\/index.php\/wp-json\/wp\/v2\/posts"}],"about":[{"href":"https:\/\/www.hashtag.al\/index.php\/wp-json\/wp\/v2\/types\/post"}],"author":[{"embeddable":true,"href":"https:\/\/www.hashtag.al\/index.php\/wp-json\/wp\/v2\/users\/30"}],"replies":[{"embeddable":true,"href":"https:\/\/www.hashtag.al\/index.php\/wp-json\/wp\/v2\/comments?post=490593"}],"version-history":[{"count":0,"href":"https:\/\/www.hashtag.al\/index.php\/wp-json\/wp\/v2\/posts\/490593\/revisions"}],"wp:featuredmedia":[{"embeddable":true,"href":"https:\/\/www.hashtag.al\/index.php\/wp-json\/wp\/v2\/media\/490594"}],"wp:attachment":[{"href":"https:\/\/www.hashtag.al\/index.php\/wp-json\/wp\/v2\/media?parent=490593"}],"wp:term":[{"taxonomy":"category","embeddable":true,"href":"https:\/\/www.hashtag.al\/index.php\/wp-json\/wp\/v2\/categories?post=490593"},{"taxonomy":"post_tag","embeddable":true,"href":"https:\/\/www.hashtag.al\/index.php\/wp-json\/wp\/v2\/tags?post=490593"}],"curies":[{"name":"wp","href":"https:\/\/api.w.org\/{rel}","templated":true}]}}