{"id":490542,"date":"2021-12-11T13:07:53","date_gmt":"2021-12-11T12:07:53","guid":{"rendered":"https:\/\/www.hashtag.al\/?p=490542"},"modified":"2021-12-11T13:07:53","modified_gmt":"2021-12-11T12:07:53","slug":"kuvendi-i-berishes-zhben-strukturat-drejtuese-te-pd-se-dhe-anulon-kuvendin-e-18-dhjetorit-te-bashes","status":"publish","type":"post","link":"https:\/\/www.hashtag.al\/index.php\/2021\/12\/11\/kuvendi-i-berishes-zhben-strukturat-drejtuese-te-pd-se-dhe-anulon-kuvendin-e-18-dhjetorit-te-bashes\/","title":{"rendered":"Kuvendi i Berish\u00ebs zhb\u00ebn strukturat drejtuese t\u00eb PD-s\u00eb dhe anulon Kuvendin e 18 Dhjetorit t\u00eb Bash\u00ebs","gt_translate_keys":[{"key":"rendered","format":"text"}]},"content":{"rendered":"<p><span style=\"color: #000000;\"><a href=\"https:\/\/www.hashtag.al\/wp-content\/uploads\/2021\/12\/PDd.jpg\"><img loading=\"lazy\" decoding=\"async\" class=\"aligncenter size-full wp-image-490544\" src=\"https:\/\/www.hashtag.al\/wp-content\/uploads\/2021\/12\/PDd.jpg\" alt=\"\" width=\"896\" height=\"507\" srcset=\"https:\/\/www.hashtag.al\/wp-content\/uploads\/2021\/12\/PDd.jpg 896w, https:\/\/www.hashtag.al\/wp-content\/uploads\/2021\/12\/PDd-300x170.jpg 300w, https:\/\/www.hashtag.al\/wp-content\/uploads\/2021\/12\/PDd-768x435.jpg 768w\" sizes=\"auto, (max-width: 896px) 100vw, 896px\" \/><\/a><\/span><\/p>\n<p><span style=\"color: #000000;\">Kuvendi i sot\u00ebm i Partis\u00eb Demokratike i thirrur nga Sali Berisha pas miratimit t\u00eb ndryshimeve n\u00eb Statut, ka zhb\u00ebr\u00eb disa struktura drejtuese t\u00eb PD-s\u00eb zyrtare.<\/span><\/p>\n<p><span style=\"color: #000000;\">Po ashtu edhe Kuvendin e thirrur m\u00eb 18 Dhjetor nga kryetari Lulzim Basha.<\/span><\/p>\n<p><span style=\"color: #000000;\"><em>&#8220;Pavlefshm\u00ebri absolute t\u00eb mbledhjes s\u00eb Kryesis\u00eb s\u00eb PD p\u00ebr shkak t\u00eb mbledhjes s\u00eb saj t\u00eb personave t\u00eb paautorizuar. Anulimin e thirrjes publike dhe t\u00eb njoftimit t\u00eb deg\u00ebve t\u00eb partis\u00eb Demokratike p\u00ebr mbajtjen e Kuvendin e 18 dhjetorit.&#8221;- <\/em>tha Belind K\u00eblli\u00e7i.<\/span><\/p>\n<p><span style=\"color: #000000;\">Po ashtu, n\u00eb nenin 66 t\u00eb statut t\u00eb ri, legjitimohet anulimi i vendimit p\u00ebr shkarkimin e Berish\u00ebs nga grupi parlamentar pasi u shpall \u201cnon grata\u201d nga SHBA.<\/span><\/p>\n<p><span style=\"color: #000000;\">Po ashtu, n\u00eb Kuvendin Komb\u00ebtar \u00ebsht\u00eb zgjedhur Komisioni i Rithemelimit me 27 an\u00ebtar\u00eb. M\u00eb 22 Mars, do t\u00eb mblidhet p\u00ebrs\u00ebri Kuvendi p\u00ebr t\u00eb zgjedhur strukturat e reja t\u00eb PD-s\u00eb.<\/span><\/p>\n<p><span style=\"color: #000000;\"><strong>An\u00ebtar\u00ebt e k\u00ebtij Komisioni do t\u00eb jen\u00eb: <\/strong><\/span><\/p>\n<p><span style=\"color: #000000;\">Agron Shehaj, Albana Vokshi, Aldo Bum\u00e7i, Arben Ristani., Belind K\u00ebllici, Blendi Him\u00e7i, Bujar Nishani, \u00c7lirim Gjata, Edith Harxhi, Edi Paloka, Edmond Spaho, Eno Bozdo, Ervin Minarolli, Flamur Noka, Genc Deromemaj, Genc Pollo, Gent Strazimiri, Rigels Mu\u00e7ollari, Ivi Kaso, Keltis Kruja, Klevis Balliu, Ledina Mandija, Luan Ba\u00e7i, Lorenc Luka, Mimoza Hajdarmataj, Oerd Bylykbashi, Sali Berisha.<\/span><\/p>\n","protected":false,"gt_translate_keys":[{"key":"rendered","format":"html"}]},"excerpt":{"rendered":"<p>Kuvendi i sot\u00ebm i Partis\u00eb Demokratike i thirrur nga Sali Berisha pas miratimit t\u00eb ndryshimeve n\u00eb Statut, ka zhb\u00ebr\u00eb disa struktura drejtuese t\u00eb PD-s\u00eb zyrtare. Po ashtu edhe Kuvendin e thirrur m\u00eb 18 Dhjetor nga kryetari Lulzim Basha. &#8220;Pavlefshm\u00ebri absolute t\u00eb mbledhjes s\u00eb Kryesis\u00eb s\u00eb PD p\u00ebr shkak t\u00eb mbledhjes s\u00eb saj t\u00eb personave t\u00eb [&hellip;]<\/p>\n","protected":false,"gt_translate_keys":[{"key":"rendered","format":"html"}]},"author":30,"featured_media":490544,"comment_status":"closed","ping_status":"closed","sticky":false,"template":"","format":"standard","meta":{"footnotes":""},"categories":[22,65,13],"tags":[],"class_list":["post-490542","post","type-post","status-publish","format-standard","has-post-thumbnail","hentry","category-ballina","category-lajme","category-te-fundit"],"gt_translate_keys":[{"key":"link","format":"url"}],"_links":{"self":[{"href":"https:\/\/www.hashtag.al\/index.php\/wp-json\/wp\/v2\/posts\/490542","targetHints":{"allow":["GET"]}}],"collection":[{"href":"https:\/\/www.hashtag.al\/index.php\/wp-json\/wp\/v2\/posts"}],"about":[{"href":"https:\/\/www.hashtag.al\/index.php\/wp-json\/wp\/v2\/types\/post"}],"author":[{"embeddable":true,"href":"https:\/\/www.hashtag.al\/index.php\/wp-json\/wp\/v2\/users\/30"}],"replies":[{"embeddable":true,"href":"https:\/\/www.hashtag.al\/index.php\/wp-json\/wp\/v2\/comments?post=490542"}],"version-history":[{"count":0,"href":"https:\/\/www.hashtag.al\/index.php\/wp-json\/wp\/v2\/posts\/490542\/revisions"}],"wp:featuredmedia":[{"embeddable":true,"href":"https:\/\/www.hashtag.al\/index.php\/wp-json\/wp\/v2\/media\/490544"}],"wp:attachment":[{"href":"https:\/\/www.hashtag.al\/index.php\/wp-json\/wp\/v2\/media?parent=490542"}],"wp:term":[{"taxonomy":"category","embeddable":true,"href":"https:\/\/www.hashtag.al\/index.php\/wp-json\/wp\/v2\/categories?post=490542"},{"taxonomy":"post_tag","embeddable":true,"href":"https:\/\/www.hashtag.al\/index.php\/wp-json\/wp\/v2\/tags?post=490542"}],"curies":[{"name":"wp","href":"https:\/\/api.w.org\/{rel}","templated":true}]}}