{"id":490539,"date":"2021-12-11T13:04:32","date_gmt":"2021-12-11T12:04:32","guid":{"rendered":"https:\/\/www.hashtag.al\/?p=490539"},"modified":"2021-12-11T13:04:32","modified_gmt":"2021-12-11T12:04:32","slug":"basha-pd-parti-proamerikane-hijet-e-se-shkuares-sdo-e-turbullojne-me-e-kemi-zemren-e-hapur-per-kedo-qe-ka-gabuar","status":"publish","type":"post","link":"https:\/\/www.hashtag.al\/index.php\/2021\/12\/11\/basha-pd-parti-proamerikane-hijet-e-se-shkuares-sdo-e-turbullojne-me-e-kemi-zemren-e-hapur-per-kedo-qe-ka-gabuar\/","title":{"rendered":"Basha: PD parti proamerikane, hijet e s\u00eb shkuar\u00ebs s\u2019do e turbullojn\u00eb m\u00eb, e kemi zemr\u00ebn e hapur p\u00ebr k\u00ebdo q\u00eb ka gabuar","gt_translate_keys":[{"key":"rendered","format":"text"}]},"content":{"rendered":"<p><span style=\"color: #000000;\"><img loading=\"lazy\" decoding=\"async\" class=\"aligncenter size-full wp-image-490540\" src=\"https:\/\/www.hashtag.al\/wp-content\/uploads\/2021\/12\/basha123-1.jpg\" alt=\"\" width=\"1138\" height=\"595\" srcset=\"https:\/\/www.hashtag.al\/wp-content\/uploads\/2021\/12\/basha123-1.jpg 1138w, https:\/\/www.hashtag.al\/wp-content\/uploads\/2021\/12\/basha123-1-300x157.jpg 300w, https:\/\/www.hashtag.al\/wp-content\/uploads\/2021\/12\/basha123-1-1024x535.jpg 1024w, https:\/\/www.hashtag.al\/wp-content\/uploads\/2021\/12\/basha123-1-768x402.jpg 768w\" sizes=\"auto, (max-width: 1138px) 100vw, 1138px\" \/><\/span><\/p>\n<p><span style=\"color: #000000;\">Kreu i PD-s\u00eb, Basha, ka theksuar sot nga selia blu se interesat e demokrat\u00ebve jan\u00eb m\u00eb t\u00eb shenjta \u00e7do \u00e7do gj\u00eb tjet\u00ebr. <\/span><\/p>\n<p><span style=\"color: #000000;\">N\u00eb 31-vjetorin e themelimit t\u00eb partis\u00eb, kryedemokrati tha se PD-ja \u00ebsht\u00eb parti pro-amerikane dhe hijet e s\u00eb kaluar\u00ebs nuk do e turbullojn\u00eb m\u00eb. <\/span><\/p>\n<p><span style=\"color: #000000;\">Po k\u00ebshtu ai theksoi se e shkuara nuk do mundet ta pengoj\u00eb m\u00eb misionin e demokrat\u00ebve. <\/span><\/p>\n<p><span style=\"color: #000000;\">N\u00eb fund ai ftoi t\u00eb gjith\u00eb demokrat\u00ebt q\u00eb sipas tij kan\u00eb gabuar por kan\u00eb motive t\u00eb pastra q\u00eb t\u00eb vijn\u00eb n\u00eb Kuvendin Komb\u00ebtar t\u00eb 18 Dhjetorit.<\/span><\/p>\n<p><span style=\"color: #000000;\"><em>&#8220;Interesat e demokrat\u00ebve jan\u00eb m\u00eb t\u00eb shenjta se \u00e7dokush dhe gjith\u00e7ka tjet\u00ebr. Hijet e s\u00eb kaluar\u00ebs nuk duhet tju turbullojn\u00eb. Ne jemi PD e Shqip\u00ebris\u00eb pro amerikane, e vlerave t\u00eb per\u00ebndimit. \u00c7do p\u00ebrpjekje p\u00ebr t\u00eb na ndalur n\u00eb k\u00ebt\u00eb rrug\u00eb, p\u00ebr t\u00eb na t\u00ebrhequr nga p\u00ebrballja frontale q\u00eb paraqet regjimi grabitqar i lindur nga masakra e 25 prillit \u00ebsht\u00eb dhe duhet t\u00eb jet\u00eb e shkuara. Ne jemi k\u00ebtu dhe un\u00eb jam k\u00ebtu p\u00ebr t\u00eb konfirmuar n\u00eb nderin tuaj dhe gjith\u00eb demokrat\u00ebve se e shkuara nuk mund dhe nuk do na pengoj\u00eb n\u00eb misionin ton\u00eb. Duke nisur nga ky moment e deri n\u00eb realizimin e objektivit ton\u00eb par\u00ebsor p\u00ebr t\u00eb \u00e7elur rrug\u00ebn europiane Shqip\u00ebris\u00eb, ne t\u00eb gjith\u00eb bashk\u00eb do vazhdojm\u00eb p\u00ebrpara. T\u00eb shtun\u00ebn m\u00eb 18 dhjetor tek Pallati i Kongreseve n\u00eb Tiran\u00eb. Le mos t&#8217;i lejojm\u00eb at\u00eb dit\u00eb. \u00cbsht\u00eb nj\u00eb dit\u00eblindje e thyer p\u00ebr shkak t\u00eb shkelmimit t\u00eb nj\u00eb vlere, vendosjen e interesit personal mbi at\u00eb t\u00eb demokrat\u00ebve, por e dim\u00eb q\u00eb jo \u00e7do dit\u00eblindje shkon si\u00e7 e duam, por ne m\u00ebsojm\u00eb dhe ecim p\u00ebrpara, me zemr\u00ebn e hapur p\u00ebr k\u00ebdo q\u00eb ka gabuar, por ka motive t\u00eb pastra, me vendosm\u00ebrin\u00eb p\u00ebr t&#8217;i th\u00ebn\u00eb kujtdo q\u00eb duan PD t\u00eb p\u00ebr\u00e7ar\u00eb, nuk do ja dilni ne jemi e do vardojm\u00eb t\u00eb bashkuar.<\/em>&#8221; &#8211; tha nd\u00ebr t\u00eb tjera Basha.<\/span><\/p>\n","protected":false,"gt_translate_keys":[{"key":"rendered","format":"html"}]},"excerpt":{"rendered":"<p>Kreu i PD-s\u00eb, Basha, ka theksuar sot nga selia blu se interesat e demokrat\u00ebve jan\u00eb m\u00eb t\u00eb shenjta \u00e7do \u00e7do gj\u00eb tjet\u00ebr. N\u00eb 31-vjetorin e themelimit t\u00eb partis\u00eb, kryedemokrati tha se PD-ja \u00ebsht\u00eb parti pro-amerikane dhe hijet e s\u00eb kaluar\u00ebs nuk do e turbullojn\u00eb m\u00eb. Po k\u00ebshtu ai theksoi se e shkuara nuk do mundet [&hellip;]<\/p>\n","protected":false,"gt_translate_keys":[{"key":"rendered","format":"html"}]},"author":51,"featured_media":490540,"comment_status":"closed","ping_status":"closed","sticky":false,"template":"","format":"standard","meta":{"footnotes":""},"categories":[65,13],"tags":[],"class_list":["post-490539","post","type-post","status-publish","format-standard","has-post-thumbnail","hentry","category-lajme","category-te-fundit"],"gt_translate_keys":[{"key":"link","format":"url"}],"_links":{"self":[{"href":"https:\/\/www.hashtag.al\/index.php\/wp-json\/wp\/v2\/posts\/490539","targetHints":{"allow":["GET"]}}],"collection":[{"href":"https:\/\/www.hashtag.al\/index.php\/wp-json\/wp\/v2\/posts"}],"about":[{"href":"https:\/\/www.hashtag.al\/index.php\/wp-json\/wp\/v2\/types\/post"}],"author":[{"embeddable":true,"href":"https:\/\/www.hashtag.al\/index.php\/wp-json\/wp\/v2\/users\/51"}],"replies":[{"embeddable":true,"href":"https:\/\/www.hashtag.al\/index.php\/wp-json\/wp\/v2\/comments?post=490539"}],"version-history":[{"count":0,"href":"https:\/\/www.hashtag.al\/index.php\/wp-json\/wp\/v2\/posts\/490539\/revisions"}],"wp:featuredmedia":[{"embeddable":true,"href":"https:\/\/www.hashtag.al\/index.php\/wp-json\/wp\/v2\/media\/490540"}],"wp:attachment":[{"href":"https:\/\/www.hashtag.al\/index.php\/wp-json\/wp\/v2\/media?parent=490539"}],"wp:term":[{"taxonomy":"category","embeddable":true,"href":"https:\/\/www.hashtag.al\/index.php\/wp-json\/wp\/v2\/categories?post=490539"},{"taxonomy":"post_tag","embeddable":true,"href":"https:\/\/www.hashtag.al\/index.php\/wp-json\/wp\/v2\/tags?post=490539"}],"curies":[{"name":"wp","href":"https:\/\/api.w.org\/{rel}","templated":true}]}}