{"id":490497,"date":"2021-12-11T11:14:22","date_gmt":"2021-12-11T10:14:22","guid":{"rendered":"https:\/\/www.hashtag.al\/?p=490497"},"modified":"2021-12-11T11:14:22","modified_gmt":"2021-12-11T10:14:22","slug":"berisha-fton-bashen-ne-kuvend-selia-eshte-e-pd-se-ai-eshte-i-ftuar-sot-rithemelojme-pd-ne","status":"publish","type":"post","link":"https:\/\/www.hashtag.al\/index.php\/2021\/12\/11\/berisha-fton-bashen-ne-kuvend-selia-eshte-e-pd-se-ai-eshte-i-ftuar-sot-rithemelojme-pd-ne\/","title":{"rendered":"Berisha fton Bash\u00ebn n\u00eb Kuvend: Selia \u00ebsht\u00eb e PD-s\u00eb, ai \u00ebsht\u00eb i ftuar, sot rithemelojm\u00eb PD-n\u00eb","gt_translate_keys":[{"key":"rendered","format":"text"}]},"content":{"rendered":"<p><span style=\"color: #000000;\"><img loading=\"lazy\" decoding=\"async\" class=\"aligncenter size-full wp-image-490498\" src=\"https:\/\/www.hashtag.al\/wp-content\/uploads\/2021\/12\/berisha1.png\" alt=\"\" width=\"1075\" height=\"585\" srcset=\"https:\/\/www.hashtag.al\/wp-content\/uploads\/2021\/12\/berisha1.png 1075w, https:\/\/www.hashtag.al\/wp-content\/uploads\/2021\/12\/berisha1-300x163.png 300w, https:\/\/www.hashtag.al\/wp-content\/uploads\/2021\/12\/berisha1-1024x557.png 1024w, https:\/\/www.hashtag.al\/wp-content\/uploads\/2021\/12\/berisha1-768x418.png 768w\" sizes=\"auto, (max-width: 1075px) 100vw, 1075px\" \/><\/span><\/p>\n<p><span style=\"color: #000000;\">Ish-kryeministri Berisha ka ftuar s\u00ebrish kreun e PD-s\u00eb Basha n\u00eb Kuvend. Pak para hyrjes n\u00eb stadiumin \u2018Air Albania\u2019, ai theksoi se kjo dit\u00eb \u00ebsht\u00eb e jasht\u00ebzakonshme n\u00eb historin\u00eb e demokracis\u00eb shqiptare. <\/span><\/p>\n<p><span style=\"color: #000000;\">Ai theksoi se asgj\u00eb nuk i ndalon dot qytetar\u00ebt n\u00eb rithemelimin\u00a0 e PD-s\u00eb dhe pluralizmit shqiptar.<\/span><\/p>\n<p><span style=\"color: #000000;\"><em>\u201cE jasht\u00ebzakonshme dita, n\u00eb historin\u00eb e demokracis\u00eb shqiptare kjo sh\u00ebnon nj\u00eb nga ngjarjet m\u00eb t\u00eb m\u00ebdha. Kjo sh\u00ebnon mrekullin\u00eb e dyt\u00eb m\u00eb t\u00eb madhe n\u00eb historin\u00eb e liris\u00eb s\u00eb k\u00ebtij kombi, triumfi i revolucionit paq\u00ebsor n\u00eb momentet m\u00eb dramatike t\u00eb vendit. Asgj\u00eb, si\u00e7 e shihni nuk pengoi dhe nuk pengon djemt\u00eb dhe vajzat, burrat dhe grat\u00eb e liris\u00eb p\u00ebr t\u2019u bashkuar sot n\u00eb rithemelimin e PD dhe t\u00eb pluralizmit shqiptar. Mesazh m\u00eb i bukur, m\u00eb i madh, m\u00eb i fuqish\u00ebm q\u00eb i d\u00ebrgojn\u00eb sot shqiptar\u00ebve n\u00eb mbar\u00eb vendin, jasht\u00eb dhe n\u00eb diaspor\u00eb. Iu d\u00ebrgojn\u00eb mesazh miqve tan\u00eb. Besoj se ai \u00ebsht\u00eb prej koh\u00ebsh nj\u00eb i pakallur, por Kuvendi merr vendimet e veta. Mesazhet jan\u00eb histori turpi dhe mor\u00ebn p\u00ebrgjigjen m\u00eb t\u00eb shk\u00eblqyer nga demokrat\u00ebt dhe nga m\u00eb t\u00eb mir\u00ebt e shqiptar\u00ebve. Mirupafshim! Ata q\u00eb s\u2019kan\u00eb mend nuk i bind dot. \u00cbsht\u00eb i ftuar n\u00eb Kuvend. Selia \u00ebsht\u00eb e PD-s\u00eb.\u201d<\/em> &#8211; tha Berisha.<\/span><\/p>\n","protected":false,"gt_translate_keys":[{"key":"rendered","format":"html"}]},"excerpt":{"rendered":"<p>Ish-kryeministri Berisha ka ftuar s\u00ebrish kreun e PD-s\u00eb Basha n\u00eb Kuvend. Pak para hyrjes n\u00eb stadiumin \u2018Air Albania\u2019, ai theksoi se kjo dit\u00eb \u00ebsht\u00eb e jasht\u00ebzakonshme n\u00eb historin\u00eb e demokracis\u00eb shqiptare. Ai theksoi se asgj\u00eb nuk i ndalon dot qytetar\u00ebt n\u00eb rithemelimin\u00a0 e PD-s\u00eb dhe pluralizmit shqiptar. \u201cE jasht\u00ebzakonshme dita, n\u00eb historin\u00eb e demokracis\u00eb shqiptare [&hellip;]<\/p>\n","protected":false,"gt_translate_keys":[{"key":"rendered","format":"html"}]},"author":51,"featured_media":490498,"comment_status":"closed","ping_status":"closed","sticky":false,"template":"","format":"standard","meta":{"footnotes":""},"categories":[65,13],"tags":[],"class_list":["post-490497","post","type-post","status-publish","format-standard","has-post-thumbnail","hentry","category-lajme","category-te-fundit"],"gt_translate_keys":[{"key":"link","format":"url"}],"_links":{"self":[{"href":"https:\/\/www.hashtag.al\/index.php\/wp-json\/wp\/v2\/posts\/490497","targetHints":{"allow":["GET"]}}],"collection":[{"href":"https:\/\/www.hashtag.al\/index.php\/wp-json\/wp\/v2\/posts"}],"about":[{"href":"https:\/\/www.hashtag.al\/index.php\/wp-json\/wp\/v2\/types\/post"}],"author":[{"embeddable":true,"href":"https:\/\/www.hashtag.al\/index.php\/wp-json\/wp\/v2\/users\/51"}],"replies":[{"embeddable":true,"href":"https:\/\/www.hashtag.al\/index.php\/wp-json\/wp\/v2\/comments?post=490497"}],"version-history":[{"count":0,"href":"https:\/\/www.hashtag.al\/index.php\/wp-json\/wp\/v2\/posts\/490497\/revisions"}],"wp:featuredmedia":[{"embeddable":true,"href":"https:\/\/www.hashtag.al\/index.php\/wp-json\/wp\/v2\/media\/490498"}],"wp:attachment":[{"href":"https:\/\/www.hashtag.al\/index.php\/wp-json\/wp\/v2\/media?parent=490497"}],"wp:term":[{"taxonomy":"category","embeddable":true,"href":"https:\/\/www.hashtag.al\/index.php\/wp-json\/wp\/v2\/categories?post=490497"},{"taxonomy":"post_tag","embeddable":true,"href":"https:\/\/www.hashtag.al\/index.php\/wp-json\/wp\/v2\/tags?post=490497"}],"curies":[{"name":"wp","href":"https:\/\/api.w.org\/{rel}","templated":true}]}}