{"id":490233,"date":"2021-12-09T19:09:00","date_gmt":"2021-12-09T18:09:00","guid":{"rendered":"https:\/\/www.hashtag.al\/?p=490233"},"modified":"2021-12-09T19:09:00","modified_gmt":"2021-12-09T18:09:00","slug":"brace-sulmoi-autoritetin-e-konkurrences-pasi-u-prek-mikesha-e-tij","status":"publish","type":"post","link":"https:\/\/www.hashtag.al\/index.php\/2021\/12\/09\/brace-sulmoi-autoritetin-e-konkurrences-pasi-u-prek-mikesha-e-tij\/","title":{"rendered":"Bra\u00e7e sulmoi Autoritetin e Konkurrenc\u00ebs pasi u prek mikesha e tij","gt_translate_keys":[{"key":"rendered","format":"text"}]},"content":{"rendered":"<p><span style=\"color: #000000;\"><img loading=\"lazy\" decoding=\"async\" class=\"aligncenter size-full wp-image-490234\" src=\"https:\/\/www.hashtag.al\/wp-content\/uploads\/2021\/12\/brace-.jpg\" alt=\"\" width=\"2000\" height=\"1226\" srcset=\"https:\/\/www.hashtag.al\/wp-content\/uploads\/2021\/12\/brace-.jpg 2000w, https:\/\/www.hashtag.al\/wp-content\/uploads\/2021\/12\/brace--300x184.jpg 300w, https:\/\/www.hashtag.al\/wp-content\/uploads\/2021\/12\/brace--1024x628.jpg 1024w, https:\/\/www.hashtag.al\/wp-content\/uploads\/2021\/12\/brace--768x471.jpg 768w, https:\/\/www.hashtag.al\/wp-content\/uploads\/2021\/12\/brace--1536x942.jpg 1536w\" sizes=\"auto, (max-width: 2000px) 100vw, 2000px\" \/><\/span><\/p>\n<p><span style=\"color: #000000;\">Deputeti Erion Bra\u00e7e ishte nd\u00ebr t\u00eb vetmit nga partia Socialiste q\u00eb ngriti z\u00ebrin n\u00eb Komisionin Parlamentar t\u00eb Ekonomis\u00eb kund\u00ebr zgjedhjes s\u00eb Denar Bib\u00ebs n\u00eb krye t\u00eb Autoritetit t\u00eb Konkurrenc\u00ebs.<\/span><\/p>\n<p><span style=\"color: #000000;\">Por duket se halli i Bra\u00e7es nuk ka qen\u00eb t\u00eb \u201cdyshimi p\u00ebr integritetin\u201d e figur\u00ebs s\u00eb Denar Bib\u00ebs i cili u zgjodh sot nga Parlamenti i Kryetar i Autoritetit t\u00eb Konkurrenc\u00ebs por prekja e mikesh\u00ebs s\u00eb tij Juliana Latifi e cila mbante deri m\u00eb sot k\u00ebt\u00eb detyr\u00eb.<\/span><\/p>\n<p><span style=\"color: #000000;\">Ish-kryetarja Latifi njihej si person i vendosur nga Erion Bra\u00e7e n\u00eb k\u00ebt\u00eb post.<\/span><\/p>\n<p><span style=\"color: #000000;\">Gjat\u00eb mbledhjes n\u00eb Komisionin e Ekonomis\u00eb, Bra\u00e7e shprehu rezerva p\u00ebr integritetin e Bib\u00ebs p\u00ebr shkak t\u00eb q\u00ebndrimeve t\u00eb tij si an\u00ebtar i Autoritetit t\u00eb Konkurrenc\u00ebs ku dha vot\u00ebn p\u00ebr mos penalizimin e firmave t\u00eb miellit<\/span><\/p>\n<p><span style=\"color: #000000;\"><em>Kam rezerva p\u00ebr integritetin e zot\u00ebris\u00eb. Po e l\u00ebm\u00eb me kaq, kur t\u00eb jet\u00eb p\u00ebrball\u00eb ia them. N\u00eb Shqip\u00ebri po zhvillohen procese kushtetuese, dhe kam vet\u00ebm nj\u00eb q\u00ebndrim p\u00ebr t\u00eb gjith\u00eb. Puna e b\u00ebr\u00eb deri m\u00eb tani n\u00eb autoritetin e Konkurrenc\u00ebs, \u00ebsht\u00eb thelb\u00ebsisht negativ, i jam referuar q\u00ebndrimeve publike t\u00eb marra n\u00eb at\u00eb institucion. Kam lexuar \u00e7do germ\u00eb t\u00eb q\u00ebndrimeve t\u00eb tij atje. Vler\u00ebsimi \u00ebsht\u00eb negativ. Nuk \u00ebsht\u00eb kuptuar fare roli i atij institucioni, ai \u00ebsht\u00eb p\u00ebr t\u00eb mbrojtur interesin publik. P\u00ebrtej interesit publik, n\u00eb mbrojtje t\u00eb 10 kompanive, nuk \u00ebsht\u00eb p\u00ebrmbushje e detyr\u00ebs\u201d \u2013 <\/em>tha Bra\u00e7e<em>.<\/em><\/span><\/p>\n<p><span style=\"color: #000000;\">Ish z\u00ebvend\u00ebs kryeministri Bra\u00e7e \u00ebsht\u00eb jo vet\u00ebm n\u00eb konflikt interesi p\u00ebr shkak t\u00eb Latifit por edhe p\u00ebr shkak t\u00eb problemit q\u00eb trajtoi, pasi vendimi p\u00ebr t\u00eb mos penalizuar firmat e miellit nuk \u00ebsht\u00eb domosdoshm\u00ebrisht gabim.<\/span><\/p>\n<p><span style=\"color: #000000;\">Bra\u00e7e \u00ebsht\u00eb n\u00eb dijeni edhe p\u00ebr disa tregje monopoli apo oligopoli por vendosi t\u00eb reagonte vet\u00ebm p\u00ebr problemin e miellit, ai \u00ebsht\u00eb n\u00eb dijeni p\u00ebr pozit\u00ebn abuzuese t\u00eb Vodafone, bankave apo kompanive t\u00eb naft\u00ebs por nuk ka reaguar asnj\u00ebher\u00eb p\u00ebr to.\/<strong>Hashtag.al<\/strong><\/span><\/p>\n","protected":false,"gt_translate_keys":[{"key":"rendered","format":"html"}]},"excerpt":{"rendered":"<p>Deputeti Erion Bra\u00e7e ishte nd\u00ebr t\u00eb vetmit nga partia Socialiste q\u00eb ngriti z\u00ebrin n\u00eb Komisionin Parlamentar t\u00eb Ekonomis\u00eb kund\u00ebr zgjedhjes s\u00eb Denar Bib\u00ebs n\u00eb krye t\u00eb Autoritetit t\u00eb Konkurrenc\u00ebs. Por duket se halli i Bra\u00e7es nuk ka qen\u00eb t\u00eb \u201cdyshimi p\u00ebr integritetin\u201d e figur\u00ebs s\u00eb Denar Bib\u00ebs i cili u zgjodh sot nga Parlamenti i [&hellip;]<\/p>\n","protected":false,"gt_translate_keys":[{"key":"rendered","format":"html"}]},"author":32,"featured_media":490234,"comment_status":"closed","ping_status":"closed","sticky":false,"template":"","format":"standard","meta":{"footnotes":""},"categories":[22,65,13],"tags":[],"class_list":["post-490233","post","type-post","status-publish","format-standard","has-post-thumbnail","hentry","category-ballina","category-lajme","category-te-fundit"],"gt_translate_keys":[{"key":"link","format":"url"}],"_links":{"self":[{"href":"https:\/\/www.hashtag.al\/index.php\/wp-json\/wp\/v2\/posts\/490233","targetHints":{"allow":["GET"]}}],"collection":[{"href":"https:\/\/www.hashtag.al\/index.php\/wp-json\/wp\/v2\/posts"}],"about":[{"href":"https:\/\/www.hashtag.al\/index.php\/wp-json\/wp\/v2\/types\/post"}],"author":[{"embeddable":true,"href":"https:\/\/www.hashtag.al\/index.php\/wp-json\/wp\/v2\/users\/32"}],"replies":[{"embeddable":true,"href":"https:\/\/www.hashtag.al\/index.php\/wp-json\/wp\/v2\/comments?post=490233"}],"version-history":[{"count":0,"href":"https:\/\/www.hashtag.al\/index.php\/wp-json\/wp\/v2\/posts\/490233\/revisions"}],"wp:featuredmedia":[{"embeddable":true,"href":"https:\/\/www.hashtag.al\/index.php\/wp-json\/wp\/v2\/media\/490234"}],"wp:attachment":[{"href":"https:\/\/www.hashtag.al\/index.php\/wp-json\/wp\/v2\/media?parent=490233"}],"wp:term":[{"taxonomy":"category","embeddable":true,"href":"https:\/\/www.hashtag.al\/index.php\/wp-json\/wp\/v2\/categories?post=490233"},{"taxonomy":"post_tag","embeddable":true,"href":"https:\/\/www.hashtag.al\/index.php\/wp-json\/wp\/v2\/tags?post=490233"}],"curies":[{"name":"wp","href":"https:\/\/api.w.org\/{rel}","templated":true}]}}