{"id":490227,"date":"2021-12-09T18:35:46","date_gmt":"2021-12-09T17:35:46","guid":{"rendered":"https:\/\/www.hashtag.al\/?p=490227"},"modified":"2021-12-09T19:56:26","modified_gmt":"2021-12-09T18:56:26","slug":"takimi-i-escobar-me-politikane-ne-shqiperi-ambasada-e-shba-ve-fokusi-ne-luften-kunder-korrupsionit-dhe-perpjekjeve-per-minimin-e-demokracise","status":"publish","type":"post","link":"https:\/\/www.hashtag.al\/index.php\/2021\/12\/09\/takimi-i-escobar-me-politikane-ne-shqiperi-ambasada-e-shba-ve-fokusi-ne-luften-kunder-korrupsionit-dhe-perpjekjeve-per-minimin-e-demokracise\/","title":{"rendered":"Takimi i Escobar me politikan\u00eb n\u00eb Shqip\u00ebri, Ambasada e SHBA-ve: Fokusi n\u00eb luft\u00ebn kund\u00ebr korrupsionit dhe p\u00ebrpjekjeve p\u00ebr minimin e demokracis\u00eb","gt_translate_keys":[{"key":"rendered","format":"text"}]},"content":{"rendered":"<p><span style=\"color: #000000;\"><img loading=\"lazy\" decoding=\"async\" class=\"aligncenter size-full wp-image-490228\" src=\"https:\/\/www.hashtag.al\/wp-content\/uploads\/2021\/12\/rama-escobar.jpg\" alt=\"\" width=\"2048\" height=\"1366\" srcset=\"https:\/\/www.hashtag.al\/wp-content\/uploads\/2021\/12\/rama-escobar.jpg 2048w, https:\/\/www.hashtag.al\/wp-content\/uploads\/2021\/12\/rama-escobar-300x200.jpg 300w, https:\/\/www.hashtag.al\/wp-content\/uploads\/2021\/12\/rama-escobar-1024x683.jpg 1024w, https:\/\/www.hashtag.al\/wp-content\/uploads\/2021\/12\/rama-escobar-768x512.jpg 768w, https:\/\/www.hashtag.al\/wp-content\/uploads\/2021\/12\/rama-escobar-1536x1025.jpg 1536w\" sizes=\"auto, (max-width: 2048px) 100vw, 2048px\" \/><\/span><\/p>\n<p><span style=\"color: #000000;\">Ambasada e Shteteve t\u00eb Bashkuara ka shkruar p\u00ebr takimet e t\u00eb D\u00ebrguarit t\u00eb Posa\u00e7\u00ebm p\u00ebr Ballkanin Per\u00ebndimor, Gabriel Escobar me Kreun e PD-s\u00eb, Lulzim Basha, Ministren e Jashtme Olta Xha\u00e7ka dhe Kryeministrin Edi Rama dit\u00ebn e sotme.<\/span><\/p>\n<p><span style=\"color: #000000;\">Ambasada shkruan se Escobar vuri n\u00eb dukje fokusin e SHBA-ve n\u00eb luft\u00ebn kund\u00ebr korrupsionit dhe p\u00ebrpjekjeve p\u00ebr t\u00eb minuar demokracin\u00eb n\u00eb Ballkanin Per\u00ebndimor.<\/span><\/p>\n<p><span style=\"color: #000000;\"><img loading=\"lazy\" decoding=\"async\" class=\"aligncenter size-full wp-image-490230\" src=\"https:\/\/www.hashtag.al\/wp-content\/uploads\/2021\/12\/pd-escobar.jpg\" alt=\"\" width=\"2048\" height=\"1365\" srcset=\"https:\/\/www.hashtag.al\/wp-content\/uploads\/2021\/12\/pd-escobar.jpg 2048w, https:\/\/www.hashtag.al\/wp-content\/uploads\/2021\/12\/pd-escobar-300x200.jpg 300w, https:\/\/www.hashtag.al\/wp-content\/uploads\/2021\/12\/pd-escobar-1024x683.jpg 1024w, https:\/\/www.hashtag.al\/wp-content\/uploads\/2021\/12\/pd-escobar-768x512.jpg 768w, https:\/\/www.hashtag.al\/wp-content\/uploads\/2021\/12\/pd-escobar-1536x1024.jpg 1536w\" sizes=\"auto, (max-width: 2048px) 100vw, 2048px\" \/><\/span><\/p>\n<p><span style=\"color: #000000;\">\u201c<em>Z\u00ebvend\u00ebs Ndihm\u00ebs Sekretari i Shtetit i SHBA p\u00ebr \u00c7\u00ebshtjet Europiane dhe Euroaziatike dhe i D\u00ebrguari i Posa\u00e7\u00ebm p\u00ebr Ballkanin Per\u00ebndimor Gabriel Escobar vizitoi m\u00eb 9 dhjetor Shqip\u00ebrin\u00eb, ku u takua me kryeministrin Edi Rama, Ministren e Jashtme Olta Xha\u00e7ka, kryetarin e Partis\u00eb Demokratike Lulzim Basha dhe udh\u00ebheq\u00ebs t\u00eb tjer\u00eb. Gjat\u00eb takimeve t\u00eb tij, Z\u00ebvend\u00ebs Ndihm\u00ebs Sekretari Escobar fal\u00ebnderoi Shqip\u00ebrin\u00eb p\u00ebr partneritetin e saj t\u00eb fort\u00eb me Shtetet e Bashkuara dhe rikonfirmoi mb\u00ebshtetjen e fort\u00eb t\u00eb SHBA p\u00ebr an\u00ebtar\u00ebsimin e Shqip\u00ebris\u00eb n\u00eb BE. Ai vuri n\u00eb dukje fokusin e Shteteve t\u00eb Bashkuara n\u00eb luft\u00ebn kund\u00ebr korrupsionit, pand\u00ebshkueshm\u00ebrin\u00eb dhe p\u00ebrpjekjeve p\u00ebr t\u00eb minuar demokracin\u00eb n\u00eb Ballkanin Per\u00ebndimor. Escobar mir\u00ebpriti forcimin e m\u00ebtejsh\u00ebm t\u00eb marr\u00ebdh\u00ebnieve SHBA-Shqip\u00ebri, bashk\u00ebpunimin ton\u00eb n\u00eb fush\u00ebn e mbrojtjes si aleat\u00eb t\u00eb NATO-s dhe krijimin e m\u00eb shum\u00eb mund\u00ebsive p\u00ebr tregti dhe investime. Escobar mir\u00ebpriti gjithashtu pun\u00ebn e p\u00ebrbashk\u00ebt midis Shteteve t\u00eb Bashkuara dhe Shqip\u00ebris\u00eb p\u00ebr integrimin rajonal dhe global \u2013 ve\u00e7an\u00ebrisht kur t\u00eb dyja vendet do t\u00eb sh\u00ebrbejm\u00eb n\u00eb K\u00ebshillin e Sigurimit t\u00eb Kombeve t\u00eb Bashkuara n\u00eb 2022<\/em>\u201d-thuhet n\u00eb njoftimin e Ambasad\u00ebs.<\/span><\/p>\n<p><img loading=\"lazy\" decoding=\"async\" class=\"aligncenter size-full wp-image-490231\" src=\"https:\/\/www.hashtag.al\/wp-content\/uploads\/2021\/12\/xhacka-escobar.jpg\" alt=\"\" width=\"2048\" height=\"1365\" srcset=\"https:\/\/www.hashtag.al\/wp-content\/uploads\/2021\/12\/xhacka-escobar.jpg 2048w, https:\/\/www.hashtag.al\/wp-content\/uploads\/2021\/12\/xhacka-escobar-300x200.jpg 300w, https:\/\/www.hashtag.al\/wp-content\/uploads\/2021\/12\/xhacka-escobar-1024x683.jpg 1024w, https:\/\/www.hashtag.al\/wp-content\/uploads\/2021\/12\/xhacka-escobar-768x512.jpg 768w, https:\/\/www.hashtag.al\/wp-content\/uploads\/2021\/12\/xhacka-escobar-1536x1024.jpg 1536w\" sizes=\"auto, (max-width: 2048px) 100vw, 2048px\" \/><\/p>\n","protected":false,"gt_translate_keys":[{"key":"rendered","format":"html"}]},"excerpt":{"rendered":"<p>Ambasada e Shteteve t\u00eb Bashkuara ka shkruar p\u00ebr takimet e t\u00eb D\u00ebrguarit t\u00eb Posa\u00e7\u00ebm p\u00ebr Ballkanin Per\u00ebndimor, Gabriel Escobar me Kreun e PD-s\u00eb, Lulzim Basha, Ministren e Jashtme Olta Xha\u00e7ka dhe Kryeministrin Edi Rama dit\u00ebn e sotme. Ambasada shkruan se Escobar vuri n\u00eb dukje fokusin e SHBA-ve n\u00eb luft\u00ebn kund\u00ebr korrupsionit dhe p\u00ebrpjekjeve p\u00ebr t\u00eb [&hellip;]<\/p>\n","protected":false,"gt_translate_keys":[{"key":"rendered","format":"html"}]},"author":32,"featured_media":490228,"comment_status":"closed","ping_status":"closed","sticky":false,"template":"","format":"standard","meta":{"footnotes":""},"categories":[22,65,13],"tags":[],"class_list":["post-490227","post","type-post","status-publish","format-standard","has-post-thumbnail","hentry","category-ballina","category-lajme","category-te-fundit"],"gt_translate_keys":[{"key":"link","format":"url"}],"_links":{"self":[{"href":"https:\/\/www.hashtag.al\/index.php\/wp-json\/wp\/v2\/posts\/490227","targetHints":{"allow":["GET"]}}],"collection":[{"href":"https:\/\/www.hashtag.al\/index.php\/wp-json\/wp\/v2\/posts"}],"about":[{"href":"https:\/\/www.hashtag.al\/index.php\/wp-json\/wp\/v2\/types\/post"}],"author":[{"embeddable":true,"href":"https:\/\/www.hashtag.al\/index.php\/wp-json\/wp\/v2\/users\/32"}],"replies":[{"embeddable":true,"href":"https:\/\/www.hashtag.al\/index.php\/wp-json\/wp\/v2\/comments?post=490227"}],"version-history":[{"count":0,"href":"https:\/\/www.hashtag.al\/index.php\/wp-json\/wp\/v2\/posts\/490227\/revisions"}],"wp:featuredmedia":[{"embeddable":true,"href":"https:\/\/www.hashtag.al\/index.php\/wp-json\/wp\/v2\/media\/490228"}],"wp:attachment":[{"href":"https:\/\/www.hashtag.al\/index.php\/wp-json\/wp\/v2\/media?parent=490227"}],"wp:term":[{"taxonomy":"category","embeddable":true,"href":"https:\/\/www.hashtag.al\/index.php\/wp-json\/wp\/v2\/categories?post=490227"},{"taxonomy":"post_tag","embeddable":true,"href":"https:\/\/www.hashtag.al\/index.php\/wp-json\/wp\/v2\/tags?post=490227"}],"curies":[{"name":"wp","href":"https:\/\/api.w.org\/{rel}","templated":true}]}}