{"id":490089,"date":"2021-12-09T10:31:18","date_gmt":"2021-12-09T09:31:18","guid":{"rendered":"https:\/\/www.hashtag.al\/?p=490089"},"modified":"2021-12-09T10:31:18","modified_gmt":"2021-12-09T09:31:18","slug":"ministri-cuci-sot-miratuam-planin-do-perforcohen-kriteret-per-pajisjen-me-arme-me-leje","status":"publish","type":"post","link":"https:\/\/www.hashtag.al\/index.php\/2021\/12\/09\/ministri-cuci-sot-miratuam-planin-do-perforcohen-kriteret-per-pajisjen-me-arme-me-leje\/","title":{"rendered":"Ministri \u00c7u\u00e7i: Sot miratuam planin, do p\u00ebrforcohen kriteret p\u00ebr pajisjen me arm\u00eb me leje","gt_translate_keys":[{"key":"rendered","format":"text"}]},"content":{"rendered":"<p><span style=\"color: #000000;\"><a href=\"https:\/\/www.hashtag.al\/wp-content\/uploads\/2021\/12\/bledi-cuci.jpg\"><img loading=\"lazy\" decoding=\"async\" class=\"aligncenter size-full wp-image-490090\" src=\"https:\/\/www.hashtag.al\/wp-content\/uploads\/2021\/12\/bledi-cuci.jpg\" alt=\"\" width=\"770\" height=\"439\" srcset=\"https:\/\/www.hashtag.al\/wp-content\/uploads\/2021\/12\/bledi-cuci.jpg 770w, https:\/\/www.hashtag.al\/wp-content\/uploads\/2021\/12\/bledi-cuci-300x171.jpg 300w, https:\/\/www.hashtag.al\/wp-content\/uploads\/2021\/12\/bledi-cuci-768x438.jpg 768w\" sizes=\"auto, (max-width: 770px) 100vw, 770px\" \/><\/a><\/span><\/p>\n<p><span style=\"color: #000000;\">Pas mbledhjes s\u00eb sotme t\u00eb qeveris\u00eb, Ministri i Brendsh\u00ebm, Bledi \u00c7u\u00e7i ka njoftuar se sot se do t\u00eb p\u00ebrforcohen kriteret p\u00ebr pajisjen me arm\u00eb me leje, qoft\u00eb edhe arm\u00eb gjahu.<\/span><\/p>\n<p><span style=\"color: #000000;\">Sipas \u00c7u\u00e7it, kjo do t\u00eb b\u00ebhet me synimin p\u00ebr rritur sigurin\u00eb. Ai shtoi se do t\u00eb b\u00ebhen edhe ndryshime n\u00eb Kodin Penal p\u00ebr t\u00eb kriminalizuar edhe disa fenomene t\u00eb reja sa i takon trafikimit apo prodhimit t\u00eb arm\u00ebve.<\/span><\/p>\n<p><span style=\"color: #000000;\"><em>&#8220;Sot miratuam planin e veprimit 2022-2024 p\u00ebr zbatimin e strategjis\u00eb p\u00ebr kontrollin e arm\u00ebve dhe municioneve si nj\u00eb plan q\u00eb do mund\u00ebsoj\u00eb zbatimin e k\u00ebsaj strategjie. Siguria prioritet absolut dhe kryeja e krimeve me arm\u00eb zjarri \u00ebsht\u00eb nj\u00eb shqet\u00ebsim dhe kjo strategji ka synimin t\u00eb parandaloj\u00eb posedimin e arm\u00ebve pa leje n\u00eb duart e civil\u00ebve, parandalimin dhe kontrollin e trafikut t\u00eb arm\u00ebve t\u00eb lehta dhe t\u00eb vogla dhe disiplinimin m\u00eb t\u00eb fort\u00eb t\u00eb licencimit t\u00eb p\u00ebrdorimit t\u00eb arm\u00ebve luftarake dhe atyre t\u00eb gjahut. <\/em><\/span><\/p>\n<p><span style=\"color: #000000;\"><em>Jan\u00eb\u00a0parashikuar shum\u00eb masa konkrete, edhe p\u00ebr fenomene t\u00eb reja sa i takon trafikimit apo prodhimit t\u00eb arm\u00ebve dhe kemi parashikuar disa ndryshime n\u00eb Kodin Penal dhe t\u00eb kriminalizojm\u00eb disa figura t\u00eb reja t\u00eb krimit q\u00eb kan\u00eb t\u00eb b\u00ebjn\u00eb me trafikimin si\u00e7 \u00ebsht\u00eb ajo n\u00ebp\u00ebrmjet kolive postare dhe kemi kriminalizuar p\u00ebrdorimin e pajisjeve q\u00eb mund\u00ebsojn\u00eb printimin 3D t\u00eb arm\u00ebve. Synojm\u00eb parandalimin e posedimit t\u00eb arm\u00ebve n\u00eb m\u00ebnyr\u00eb t\u00eb jasht\u00ebligjshme.&#8221;-<\/em> tha \u00c7u\u00e7i.<\/span><\/p>\n","protected":false,"gt_translate_keys":[{"key":"rendered","format":"html"}]},"excerpt":{"rendered":"<p>Pas mbledhjes s\u00eb sotme t\u00eb qeveris\u00eb, Ministri i Brendsh\u00ebm, Bledi \u00c7u\u00e7i ka njoftuar se sot se do t\u00eb p\u00ebrforcohen kriteret p\u00ebr pajisjen me arm\u00eb me leje, qoft\u00eb edhe arm\u00eb gjahu. Sipas \u00c7u\u00e7it, kjo do t\u00eb b\u00ebhet me synimin p\u00ebr rritur sigurin\u00eb. Ai shtoi se do t\u00eb b\u00ebhen edhe ndryshime n\u00eb Kodin Penal p\u00ebr t\u00eb kriminalizuar [&hellip;]<\/p>\n","protected":false,"gt_translate_keys":[{"key":"rendered","format":"html"}]},"author":30,"featured_media":490090,"comment_status":"closed","ping_status":"closed","sticky":false,"template":"","format":"standard","meta":{"footnotes":""},"categories":[65,13],"tags":[],"class_list":["post-490089","post","type-post","status-publish","format-standard","has-post-thumbnail","hentry","category-lajme","category-te-fundit"],"gt_translate_keys":[{"key":"link","format":"url"}],"_links":{"self":[{"href":"https:\/\/www.hashtag.al\/index.php\/wp-json\/wp\/v2\/posts\/490089","targetHints":{"allow":["GET"]}}],"collection":[{"href":"https:\/\/www.hashtag.al\/index.php\/wp-json\/wp\/v2\/posts"}],"about":[{"href":"https:\/\/www.hashtag.al\/index.php\/wp-json\/wp\/v2\/types\/post"}],"author":[{"embeddable":true,"href":"https:\/\/www.hashtag.al\/index.php\/wp-json\/wp\/v2\/users\/30"}],"replies":[{"embeddable":true,"href":"https:\/\/www.hashtag.al\/index.php\/wp-json\/wp\/v2\/comments?post=490089"}],"version-history":[{"count":0,"href":"https:\/\/www.hashtag.al\/index.php\/wp-json\/wp\/v2\/posts\/490089\/revisions"}],"wp:featuredmedia":[{"embeddable":true,"href":"https:\/\/www.hashtag.al\/index.php\/wp-json\/wp\/v2\/media\/490090"}],"wp:attachment":[{"href":"https:\/\/www.hashtag.al\/index.php\/wp-json\/wp\/v2\/media?parent=490089"}],"wp:term":[{"taxonomy":"category","embeddable":true,"href":"https:\/\/www.hashtag.al\/index.php\/wp-json\/wp\/v2\/categories?post=490089"},{"taxonomy":"post_tag","embeddable":true,"href":"https:\/\/www.hashtag.al\/index.php\/wp-json\/wp\/v2\/tags?post=490089"}],"curies":[{"name":"wp","href":"https:\/\/api.w.org\/{rel}","templated":true}]}}