{"id":490084,"date":"2021-12-09T10:24:16","date_gmt":"2021-12-09T09:24:16","guid":{"rendered":"https:\/\/www.hashtag.al\/?p=490084"},"modified":"2021-12-09T10:25:39","modified_gmt":"2021-12-09T09:25:39","slug":"kpa-shkarkon-nga-detyra-gjyqtarin-luan-daci-ai-nuk-e-pranon-do-te-drejtohem-deri-ne-strasburg-per-te-drejten-time","status":"publish","type":"post","link":"https:\/\/www.hashtag.al\/index.php\/2021\/12\/09\/kpa-shkarkon-nga-detyra-gjyqtarin-luan-daci-ai-nuk-e-pranon-do-te-drejtohem-deri-ne-strasburg-per-te-drejten-time\/","title":{"rendered":"KPA shkarkon nga detyra gjyqtarin Luan Daci, ai nuk e pranon: Do t\u00eb drejtohem deri n\u00eb Strasburg p\u00ebr t\u00eb drejt\u00ebn time","gt_translate_keys":[{"key":"rendered","format":"text"}]},"content":{"rendered":"<p><span style=\"color: #000000;\"><a href=\"https:\/\/www.hashtag.al\/wp-content\/uploads\/2021\/12\/Luan-Daci.jpg\"><img loading=\"lazy\" decoding=\"async\" class=\"aligncenter size-full wp-image-490085\" src=\"https:\/\/www.hashtag.al\/wp-content\/uploads\/2021\/12\/Luan-Daci.jpg\" alt=\"\" width=\"730\" height=\"450\" srcset=\"https:\/\/www.hashtag.al\/wp-content\/uploads\/2021\/12\/Luan-Daci.jpg 730w, https:\/\/www.hashtag.al\/wp-content\/uploads\/2021\/12\/Luan-Daci-300x185.jpg 300w\" sizes=\"auto, (max-width: 730px) 100vw, 730px\" \/><\/a><\/span><\/p>\n<p><span style=\"color: #000000;\">Kolegji i Posa\u00e7\u00ebm i Apelimit ka shkarkuar sot nga detyra gjyqtarin Luan Daci, i cili \u00ebsht\u00eb d\u00ebnuar me 6 muaj burgim, por q\u00eb u pezullua me nj\u00eb 1 vit sh\u00ebrbim prove.<\/span><\/p>\n<p><span style=\"color: #000000;\"><em>&#8220;Natyra dhe rrethanat e kryerjes s\u00eb shkeljes disiplinore klasifikohet nd\u00ebr m\u00eb t\u00eb r\u00ebnda dhe e b\u00ebn t\u00eb pap\u00ebrshtatsh\u00ebm p\u00ebr kryerjen e detyr\u00ebs s\u00eb gjyqtarit t\u00eb k\u00ebtijinstitucioni. Ndaj Kolegji vendosi shkarkimin nga detyra.&#8221;-<\/em>\u00a0thuhet n\u00eb vendimin e KPA.<\/span><\/p>\n<p><span style=\"color: #000000;\">Ky i fundit ka reaguar pas vendimit t\u00eb KPA-s\u00eb duke th\u00ebn\u00eb se an\u00ebtar\u00ebt e k\u00ebtij institucioni kan\u00eb shkelur dy kushtetuta p\u00ebr vendimin e dh\u00ebn\u00eb.<\/span><\/p>\n<p><span style=\"color: #000000;\">Ai paralajm\u00ebroi se do t\u00eb drejtohet deri n\u00eb Gjykat\u00ebn e Strasburgut p\u00ebr t\u00eb gjetur t\u00eb drejt\u00ebn e tij.<\/span><\/p>\n<p><span style=\"color: #000000;\"><em>\u201cSot, KPA shkeli t\u00eb dy Kushtetutat. Shkeli kushtetutat dhe shkoi n\u00eb ligjin magjistrat\u00eb. Kushtetuta jon\u00eb \u00ebsht\u00eb aneks. Ju jeni t\u00eb interesuar p\u00ebr prishjen e vendimit t\u00eb Strasburg, e Luan Daci do i fitoj\u00eb t\u00eb gjitha t\u00eb drejtat. Do i drejtohem Strasburgut.<\/em><\/span><\/p>\n<p><span style=\"color: #000000;\"><em>Do t\u00eb b\u00ebj gjith\u00e7ka q\u00eb t\u00eb kthejm\u00eb n\u00eb Shqip\u00ebri shtetin ligjor. Sot e theksoj, jan\u00eb shkelur dy kushtetuta. \u00cbsht\u00eb shum\u00eb e r\u00ebnd\u00eb, q\u00eb ta shkel\u00eb nj\u00eb dhom\u00eb gjykimi i nj\u00eb nivelit t\u00eb lart\u00eb. E drejta vonon, por nuk harron.\u201d-<\/em> tha Daci.<\/span><\/p>\n<p><span style=\"color: #000000;\">Ish-gjyqtari akuzohet p\u00ebr falsifikim dokumentesh, pasi nuk ka treguar shkarkimin nga detyra n\u00eb \u201997.<\/span><\/p>\n","protected":false,"gt_translate_keys":[{"key":"rendered","format":"html"}]},"excerpt":{"rendered":"<p>Kolegji i Posa\u00e7\u00ebm i Apelimit ka shkarkuar sot nga detyra gjyqtarin Luan Daci, i cili \u00ebsht\u00eb d\u00ebnuar me 6 muaj burgim, por q\u00eb u pezullua me nj\u00eb 1 vit sh\u00ebrbim prove. &#8220;Natyra dhe rrethanat e kryerjes s\u00eb shkeljes disiplinore klasifikohet nd\u00ebr m\u00eb t\u00eb r\u00ebnda dhe e b\u00ebn t\u00eb pap\u00ebrshtatsh\u00ebm p\u00ebr kryerjen e detyr\u00ebs s\u00eb gjyqtarit [&hellip;]<\/p>\n","protected":false,"gt_translate_keys":[{"key":"rendered","format":"html"}]},"author":30,"featured_media":490085,"comment_status":"closed","ping_status":"closed","sticky":false,"template":"","format":"standard","meta":{"footnotes":""},"categories":[65,13],"tags":[],"class_list":["post-490084","post","type-post","status-publish","format-standard","has-post-thumbnail","hentry","category-lajme","category-te-fundit"],"gt_translate_keys":[{"key":"link","format":"url"}],"_links":{"self":[{"href":"https:\/\/www.hashtag.al\/index.php\/wp-json\/wp\/v2\/posts\/490084","targetHints":{"allow":["GET"]}}],"collection":[{"href":"https:\/\/www.hashtag.al\/index.php\/wp-json\/wp\/v2\/posts"}],"about":[{"href":"https:\/\/www.hashtag.al\/index.php\/wp-json\/wp\/v2\/types\/post"}],"author":[{"embeddable":true,"href":"https:\/\/www.hashtag.al\/index.php\/wp-json\/wp\/v2\/users\/30"}],"replies":[{"embeddable":true,"href":"https:\/\/www.hashtag.al\/index.php\/wp-json\/wp\/v2\/comments?post=490084"}],"version-history":[{"count":0,"href":"https:\/\/www.hashtag.al\/index.php\/wp-json\/wp\/v2\/posts\/490084\/revisions"}],"wp:featuredmedia":[{"embeddable":true,"href":"https:\/\/www.hashtag.al\/index.php\/wp-json\/wp\/v2\/media\/490085"}],"wp:attachment":[{"href":"https:\/\/www.hashtag.al\/index.php\/wp-json\/wp\/v2\/media?parent=490084"}],"wp:term":[{"taxonomy":"category","embeddable":true,"href":"https:\/\/www.hashtag.al\/index.php\/wp-json\/wp\/v2\/categories?post=490084"},{"taxonomy":"post_tag","embeddable":true,"href":"https:\/\/www.hashtag.al\/index.php\/wp-json\/wp\/v2\/tags?post=490084"}],"curies":[{"name":"wp","href":"https:\/\/api.w.org\/{rel}","templated":true}]}}