{"id":490081,"date":"2021-12-09T10:17:27","date_gmt":"2021-12-09T09:17:27","guid":{"rendered":"https:\/\/www.hashtag.al\/?p=490081"},"modified":"2021-12-09T10:17:27","modified_gmt":"2021-12-09T09:17:27","slug":"eugena-tomini-shkarkohet-si-zv-ministre-e-shendetesise-dhe-emerohet-drejtoreshe-e-ishp-se","status":"publish","type":"post","link":"https:\/\/www.hashtag.al\/index.php\/2021\/12\/09\/eugena-tomini-shkarkohet-si-zv-ministre-e-shendetesise-dhe-emerohet-drejtoreshe-e-ishp-se\/","title":{"rendered":"Eugena Tomini shkarkohet si zv. ministre e Sh\u00ebndet\u00ebsis\u00eb dhe em\u00ebrohet Drejtoresh\u00eb e ISHP-s\u00eb","gt_translate_keys":[{"key":"rendered","format":"text"}]},"content":{"rendered":"<p>&nbsp;<\/p>\n<p><span style=\"color: #000000;\"><a style=\"color: #000000;\" href=\"https:\/\/www.hashtag.al\/wp-content\/uploads\/2021\/09\/eugenatomini2.jpg\"><img loading=\"lazy\" decoding=\"async\" class=\"aligncenter size-full wp-image-471447\" src=\"https:\/\/www.hashtag.al\/wp-content\/uploads\/2021\/09\/eugenatomini2.jpg\" alt=\"\" width=\"1200\" height=\"630\" srcset=\"https:\/\/www.hashtag.al\/wp-content\/uploads\/2021\/09\/eugenatomini2.jpg 1200w, https:\/\/www.hashtag.al\/wp-content\/uploads\/2021\/09\/eugenatomini2-300x158.jpg 300w, https:\/\/www.hashtag.al\/wp-content\/uploads\/2021\/09\/eugenatomini2-768x403.jpg 768w, https:\/\/www.hashtag.al\/wp-content\/uploads\/2021\/09\/eugenatomini2-1024x538.jpg 1024w\" sizes=\"auto, (max-width: 1200px) 100vw, 1200px\" \/><\/a><\/span><\/p>\n<p><span style=\"color: #000000;\">Eugena Tomini \u00ebsht\u00eb shkarkuar nga detyra si z\u00ebvend\u00ebsministre e Sh\u00ebndet\u00ebsis\u00eb.<\/span><\/p>\n<p><span style=\"color: #000000;\">Vendimi \u00ebsht\u00eb marr\u00eb n\u00eb mbledhjen e sotme t\u00eb K\u00ebshillit t\u00eb Ministrave, ku asaj i \u00ebsht\u00eb besuar nj\u00eb tjet\u00ebr detyr\u00eb.<\/span><\/p>\n<p><span style=\"color: #000000;\">M\u00ebsohet se Tomini do t\u00eb jet\u00eb drejtoresha e re e Institutit t\u00eb Sh\u00ebndetit Publik. Ajo<\/span><\/p>\n<p><span style=\"color: #000000;\">z\u00ebvend\u00ebson n\u00eb k\u00ebt\u00eb pozicion ish-drejtoresh\u00ebn Albana Fico, e cila u em\u00ebrua n\u00eb krye t\u00eb Qendr\u00ebs Spitalore Universitare Tiran\u00eb.<\/span><\/p>\n<p><span style=\"color: #000000;\">Kujtojm\u00eb se Eugena Tomini m\u00eb par\u00eb ka drejtuar sektorin e Survejanc\u00ebs dhe Sh\u00ebrbimit t\u00eb Inteligjenc\u00ebs Epidemike, n\u00eb Departamentin e Epidemiologjis\u00eb n\u00eb ISHP.<\/span><\/p>\n","protected":false,"gt_translate_keys":[{"key":"rendered","format":"html"}]},"excerpt":{"rendered":"<p>&nbsp; Eugena Tomini \u00ebsht\u00eb shkarkuar nga detyra si z\u00ebvend\u00ebsministre e Sh\u00ebndet\u00ebsis\u00eb. Vendimi \u00ebsht\u00eb marr\u00eb n\u00eb mbledhjen e sotme t\u00eb K\u00ebshillit t\u00eb Ministrave, ku asaj i \u00ebsht\u00eb besuar nj\u00eb tjet\u00ebr detyr\u00eb. M\u00ebsohet se Tomini do t\u00eb jet\u00eb drejtoresha e re e Institutit t\u00eb Sh\u00ebndetit Publik. Ajo z\u00ebvend\u00ebson n\u00eb k\u00ebt\u00eb pozicion ish-drejtoresh\u00ebn Albana Fico, e cila u [&hellip;]<\/p>\n","protected":false,"gt_translate_keys":[{"key":"rendered","format":"html"}]},"author":30,"featured_media":471447,"comment_status":"closed","ping_status":"closed","sticky":false,"template":"","format":"standard","meta":{"footnotes":""},"categories":[65,13],"tags":[],"class_list":["post-490081","post","type-post","status-publish","format-standard","has-post-thumbnail","hentry","category-lajme","category-te-fundit"],"gt_translate_keys":[{"key":"link","format":"url"}],"_links":{"self":[{"href":"https:\/\/www.hashtag.al\/index.php\/wp-json\/wp\/v2\/posts\/490081","targetHints":{"allow":["GET"]}}],"collection":[{"href":"https:\/\/www.hashtag.al\/index.php\/wp-json\/wp\/v2\/posts"}],"about":[{"href":"https:\/\/www.hashtag.al\/index.php\/wp-json\/wp\/v2\/types\/post"}],"author":[{"embeddable":true,"href":"https:\/\/www.hashtag.al\/index.php\/wp-json\/wp\/v2\/users\/30"}],"replies":[{"embeddable":true,"href":"https:\/\/www.hashtag.al\/index.php\/wp-json\/wp\/v2\/comments?post=490081"}],"version-history":[{"count":0,"href":"https:\/\/www.hashtag.al\/index.php\/wp-json\/wp\/v2\/posts\/490081\/revisions"}],"wp:featuredmedia":[{"embeddable":true,"href":"https:\/\/www.hashtag.al\/index.php\/wp-json\/wp\/v2\/media\/471447"}],"wp:attachment":[{"href":"https:\/\/www.hashtag.al\/index.php\/wp-json\/wp\/v2\/media?parent=490081"}],"wp:term":[{"taxonomy":"category","embeddable":true,"href":"https:\/\/www.hashtag.al\/index.php\/wp-json\/wp\/v2\/categories?post=490081"},{"taxonomy":"post_tag","embeddable":true,"href":"https:\/\/www.hashtag.al\/index.php\/wp-json\/wp\/v2\/tags?post=490081"}],"curies":[{"name":"wp","href":"https:\/\/api.w.org\/{rel}","templated":true}]}}