{"id":489724,"date":"2021-12-07T15:43:47","date_gmt":"2021-12-07T14:43:47","guid":{"rendered":"https:\/\/www.hashtag.al\/?p=489724"},"modified":"2021-12-07T15:43:47","modified_gmt":"2021-12-07T14:43:47","slug":"veliaj-takim-me-te-rinjte-ne-2022-shin-do-kemi-buxhetin-me-te-madh-ndonjehere-per-rinine","status":"publish","type":"post","link":"https:\/\/www.hashtag.al\/index.php\/2021\/12\/07\/veliaj-takim-me-te-rinjte-ne-2022-shin-do-kemi-buxhetin-me-te-madh-ndonjehere-per-rinine\/","title":{"rendered":"Veliaj takim me t\u00eb rinjt\u00eb: N\u00eb 2022-shin do kemi buxhetin m\u00eb t\u00eb madh ndonj\u00ebher\u00eb p\u00ebr rinin\u00eb","gt_translate_keys":[{"key":"rendered","format":"text"}]},"content":{"rendered":"<p><span style=\"color: #000000;\"><a href=\"https:\/\/www.hashtag.al\/wp-content\/uploads\/2021\/12\/Veliaj-1.jpeg\"><img loading=\"lazy\" decoding=\"async\" class=\"aligncenter size-full wp-image-489725\" src=\"https:\/\/www.hashtag.al\/wp-content\/uploads\/2021\/12\/Veliaj-1.jpeg\" alt=\"\" width=\"675\" height=\"450\" srcset=\"https:\/\/www.hashtag.al\/wp-content\/uploads\/2021\/12\/Veliaj-1.jpeg 675w, https:\/\/www.hashtag.al\/wp-content\/uploads\/2021\/12\/Veliaj-1-300x200.jpeg 300w\" sizes=\"auto, (max-width: 675px) 100vw, 675px\" \/><\/a><\/span><\/p>\n<p><span style=\"color: #000000;\">Kryetari i Bashkis\u00eb s\u00eb Tiran\u00ebs Erion Veliaj ka nisur k\u00ebt\u00eb t\u00eb mart\u00eb d\u00ebgjesat p\u00ebr projekt-buxhetin e vitit 2022.<\/span><\/p>\n<p><span style=\"color: #000000;\">N\u00eb takimin e mbajtur paraditen e sotme me t\u00eb rinj nga gjimnaze t\u00eb ndryshme t\u00eb kryeqytetit, Veliaj tha se k\u00ebt\u00eb vit Tirana do mbaj\u00eb titullin \u201cKryeqyteti Europian i Rinis\u00eb\u201d dhe se bashkia do t\u00eb ket\u00eb buxhetin m\u00eb t\u00eb madh ndonj\u00ebher\u00eb p\u00ebr t\u00eb rinjt\u00eb.<\/span><\/p>\n<p><span style=\"color: #000000;\"><em>\u201cKy \u00ebsht\u00eb ndoshta buxheti m\u00eb i madh i akorduar ndonj\u00ebher\u00eb p\u00ebr rinin\u00eb nga Bashkia e Tiran\u00ebs. Kemi parashikuar nj\u00eb list\u00eb prej 1000 aktivitetesh dhe me gjith\u00eb k\u00ebto hap\u00ebsira q\u00eb ka Tirana, do t\u00eb kemi edhe 10 aktivitete n\u00eb dit\u00eb, q\u00eb s\u2019i ngjajn\u00eb fare nj\u00ebri-tjetrit, por q\u00eb qyteti t\u00eb g\u00ebloj\u00eb. Kjo do t\u00eb jet\u00eb edhe nj\u00eb m\u00ebnyr\u00eb p\u00ebr t\u00eb ndryshuar pak imazhin e vendit.\u201d-<\/em> tha Veliaj.<\/span><\/p>\n<p><span style=\"color: #000000;\">Gjat\u00eb fjal\u00ebs s\u00eb tij, Veliaj tha se vet\u00ebm k\u00ebt\u00eb semest\u00ebr n\u00eb Tiran\u00eb u hap\u00ebn 14 shkolla t\u00eb reja, nd\u00ebrkoh\u00eb q\u00eb pritet t\u00eb hapen edhe shkolla t\u00eb tjera si \u201cLasgush Poradeci\u201d dhe \u201c16 Shtatori\u201d n\u00eb Pez\u00eb.<\/span><\/p>\n","protected":false,"gt_translate_keys":[{"key":"rendered","format":"html"}]},"excerpt":{"rendered":"<p>Kryetari i Bashkis\u00eb s\u00eb Tiran\u00ebs Erion Veliaj ka nisur k\u00ebt\u00eb t\u00eb mart\u00eb d\u00ebgjesat p\u00ebr projekt-buxhetin e vitit 2022. N\u00eb takimin e mbajtur paraditen e sotme me t\u00eb rinj nga gjimnaze t\u00eb ndryshme t\u00eb kryeqytetit, Veliaj tha se k\u00ebt\u00eb vit Tirana do mbaj\u00eb titullin \u201cKryeqyteti Europian i Rinis\u00eb\u201d dhe se bashkia do t\u00eb ket\u00eb buxhetin m\u00eb [&hellip;]<\/p>\n","protected":false,"gt_translate_keys":[{"key":"rendered","format":"html"}]},"author":30,"featured_media":489725,"comment_status":"closed","ping_status":"closed","sticky":false,"template":"","format":"standard","meta":{"footnotes":""},"categories":[65,13],"tags":[],"class_list":["post-489724","post","type-post","status-publish","format-standard","has-post-thumbnail","hentry","category-lajme","category-te-fundit"],"gt_translate_keys":[{"key":"link","format":"url"}],"_links":{"self":[{"href":"https:\/\/www.hashtag.al\/index.php\/wp-json\/wp\/v2\/posts\/489724","targetHints":{"allow":["GET"]}}],"collection":[{"href":"https:\/\/www.hashtag.al\/index.php\/wp-json\/wp\/v2\/posts"}],"about":[{"href":"https:\/\/www.hashtag.al\/index.php\/wp-json\/wp\/v2\/types\/post"}],"author":[{"embeddable":true,"href":"https:\/\/www.hashtag.al\/index.php\/wp-json\/wp\/v2\/users\/30"}],"replies":[{"embeddable":true,"href":"https:\/\/www.hashtag.al\/index.php\/wp-json\/wp\/v2\/comments?post=489724"}],"version-history":[{"count":0,"href":"https:\/\/www.hashtag.al\/index.php\/wp-json\/wp\/v2\/posts\/489724\/revisions"}],"wp:featuredmedia":[{"embeddable":true,"href":"https:\/\/www.hashtag.al\/index.php\/wp-json\/wp\/v2\/media\/489725"}],"wp:attachment":[{"href":"https:\/\/www.hashtag.al\/index.php\/wp-json\/wp\/v2\/media?parent=489724"}],"wp:term":[{"taxonomy":"category","embeddable":true,"href":"https:\/\/www.hashtag.al\/index.php\/wp-json\/wp\/v2\/categories?post=489724"},{"taxonomy":"post_tag","embeddable":true,"href":"https:\/\/www.hashtag.al\/index.php\/wp-json\/wp\/v2\/tags?post=489724"}],"curies":[{"name":"wp","href":"https:\/\/api.w.org\/{rel}","templated":true}]}}