{"id":489721,"date":"2021-12-07T15:34:46","date_gmt":"2021-12-07T14:34:46","guid":{"rendered":"https:\/\/www.hashtag.al\/?p=489721"},"modified":"2021-12-07T15:34:46","modified_gmt":"2021-12-07T14:34:46","slug":"a-e-keni-menduar-doreheqjen-basha-nuk-kam-arsye-pse-te-tradhtoj-besimin-e-demokrateve-vetem-pse-u-shpall-berisha-non-grata","status":"publish","type":"post","link":"https:\/\/www.hashtag.al\/index.php\/2021\/12\/07\/a-e-keni-menduar-doreheqjen-basha-nuk-kam-arsye-pse-te-tradhtoj-besimin-e-demokrateve-vetem-pse-u-shpall-berisha-non-grata\/","title":{"rendered":"A e keni menduar dor\u00ebheqjen? Basha: Nuk kam arsye pse t\u00eb tradhtoj besimin e demokrat\u00ebve vet\u00ebm pse u shpall Berisha \u201cnon grata\u201d","gt_translate_keys":[{"key":"rendered","format":"text"}]},"content":{"rendered":"<p><span style=\"color: #000000;\"><a href=\"https:\/\/www.hashtag.al\/wp-content\/uploads\/2021\/12\/LB.jpg\"><img loading=\"lazy\" decoding=\"async\" class=\"aligncenter size-full wp-image-489722\" src=\"https:\/\/www.hashtag.al\/wp-content\/uploads\/2021\/12\/LB.jpg\" alt=\"\" width=\"770\" height=\"433\" srcset=\"https:\/\/www.hashtag.al\/wp-content\/uploads\/2021\/12\/LB.jpg 770w, https:\/\/www.hashtag.al\/wp-content\/uploads\/2021\/12\/LB-300x169.jpg 300w, https:\/\/www.hashtag.al\/wp-content\/uploads\/2021\/12\/LB-768x432.jpg 768w\" sizes=\"auto, (max-width: 770px) 100vw, 770px\" \/><\/a><\/span><\/p>\n<p><span style=\"color: #000000;\">Kryedemokrati Lulzim Basha foli sot n\u00eb nj\u00eb intervist\u00eb p\u00ebr televizionin \u201cNews 24\u201d lidhur me zhvillimet e fundit n\u00eb PD, ku theksoi se Kuvendi Komb\u00ebtar do t\u00eb mbahet n\u00eb dat\u00ebn 18 Dhjetor sipas statusit t\u00eb partis\u00eb.<\/span><\/p>\n<p><span style=\"color: #000000;\">N\u00eb fund t\u00eb intervist\u00ebs, Basha u pyet nga gazetarja Nisida Tufa n\u00ebse e ka menduar ndonj\u00ebher\u00eb doreheqjen, por p\u00ebrgjigja q\u00eb kryedemokrati dha la t\u00eb kuptohej se jo. Ai tha se nuk mund ta tradh\u00ebtoj\u00eb besimin q\u00eb i kan\u00eb dh\u00ebn\u00eb demokrat\u00ebt q\u00eb e kan\u00eb zgjedhur vet\u00ebm sepse Berisha \u00ebsht\u00eb shpallur \u201cnon grata\u201d.<\/span><\/p>\n<p><em><span style=\"color: #000000;\">\u201cAsgj\u00eb nuk ka ndryshuar q\u00eb nga momenti kur 85% e an\u00ebtar\u00ebsis\u00eb ka votuar nj\u00eb an\u00ebtar\u00eb nj\u00eb vot\u00eb dhe m\u00eb ka besuar t\u2019i udh\u00ebheq n\u00eb betej\u00ebn kund\u00ebr nj\u00eb regjimi q\u00eb masakroi vot\u00ebn e shqiptar\u00ebve p\u00ebrve\u00e7 shpalljes s\u00eb zotit Berisha \u2018non grata\u2019 dhe un\u00eb nuk kam asnj\u00eb arsye se pse p\u00ebr shkak t\u00eb shpalljes s\u00eb zotit Berisha \u2018non grata\u2019 t\u00eb tradhtoj besimin, t\u00eb tradhtoj besimin e demokrat\u00ebve, t\u00eb tradhtoj besimin e shqiptar\u00ebve t\u00eb cil\u00ebt te Partia Demokratike shohin shpres\u00ebn e vetme, alternativ\u00ebn e vetme p\u00ebr t\u00eb ardhmen, p\u00ebr luft\u00ebn kund\u00ebr korrupsionit, p\u00ebr luft\u00ebn p\u00ebr zgjedhje t\u00eb lira dhe t\u00eb ndershme, p\u00ebr ndarjen e politik\u00ebs nga krimi, p\u00ebr dh\u00ebnien n\u00eb fund t\u00eb kultur\u00ebs s\u00eb pa nd\u00ebshkueshm\u00ebris\u00eb dhe p\u00ebr t\u2019ia kthyer Shqip\u00ebrin\u00eb shqiptar\u00ebve. P\u00ebrkundrazi jam m\u00eb i motivuar se kurr\u00eb n\u00eb ve\u00e7anti tani q\u00eb shoh interesa q\u00eb p\u00ebrputhen t\u00eb nj\u00eb grushti njer\u00ebzish t\u00eb cil\u00ebt jan\u00eb t\u00eb gatsh\u00ebm t\u00eb b\u00ebjn\u00eb gjith\u00e7ka vet\u00ebm e vet\u00ebm q\u00eb ta mbajn\u00eb Shqip\u00ebrin\u00eb pla\u00e7k\u00eb t\u00eb interesave t\u00eb tyre.<\/span><\/em><\/p>\n<p><span style=\"color: #000000;\"><em>Nuk mund t\u00eb jet\u00eb Shqip\u00ebria pla\u00e7k\u00eb e interesave t\u00eb aktor\u00ebve, t\u00eb dy tre aktor\u00ebve t\u00eb tranzicionit 30-vje\u00e7ar. 18 dhjetori ka dhe nj\u00eb simbolik\u00eb tjet\u00ebr do t\u00eb jet\u00eb dhe nj\u00eb moment transformues, jo thjesht p\u00ebr Partin\u00eb Demokratike por p\u00ebr Shqip\u00ebrin\u00eb pik\u00ebrisht p\u00ebr t\u2019i dh\u00ebn\u00eb fund k\u00ebtij tranzicioni p\u00ebr t\u2019i dh\u00ebn\u00eb fund k\u00ebtij mentaliteti t\u00eb nj\u00eb grushti politikan\u00ebsh q\u00eb kan\u00eb 30 vjet q\u00eb e trajtojn\u00eb Shqip\u00ebrin\u00eb si pla\u00e7k\u00ebn e tyre dhe jo si\u00e7 \u00ebsht\u00eb dhe duhet t\u00eb jet\u00eb dhe si meriton t\u00eb jet\u00eb, sht\u00ebpia e \u00e7do shqiptari me mund\u00ebsi p\u00ebr nj\u00eb jet\u00eb normale, me mund\u00ebsi p\u00ebr nj\u00eb jet\u00eb t\u00eb mir\u00eb me mund\u00ebsi p\u00ebr dinjitet p\u00ebr \u00e7do shqiptar.\u201d<\/em>&#8211; deklaroi Basha.<\/span><\/p>\n","protected":false,"gt_translate_keys":[{"key":"rendered","format":"html"}]},"excerpt":{"rendered":"<p>Kryedemokrati Lulzim Basha foli sot n\u00eb nj\u00eb intervist\u00eb p\u00ebr televizionin \u201cNews 24\u201d lidhur me zhvillimet e fundit n\u00eb PD, ku theksoi se Kuvendi Komb\u00ebtar do t\u00eb mbahet n\u00eb dat\u00ebn 18 Dhjetor sipas statusit t\u00eb partis\u00eb. N\u00eb fund t\u00eb intervist\u00ebs, Basha u pyet nga gazetarja Nisida Tufa n\u00ebse e ka menduar ndonj\u00ebher\u00eb doreheqjen, por p\u00ebrgjigja q\u00eb [&hellip;]<\/p>\n","protected":false,"gt_translate_keys":[{"key":"rendered","format":"html"}]},"author":30,"featured_media":489722,"comment_status":"closed","ping_status":"closed","sticky":false,"template":"","format":"standard","meta":{"footnotes":""},"categories":[65,13],"tags":[],"class_list":["post-489721","post","type-post","status-publish","format-standard","has-post-thumbnail","hentry","category-lajme","category-te-fundit"],"gt_translate_keys":[{"key":"link","format":"url"}],"_links":{"self":[{"href":"https:\/\/www.hashtag.al\/index.php\/wp-json\/wp\/v2\/posts\/489721","targetHints":{"allow":["GET"]}}],"collection":[{"href":"https:\/\/www.hashtag.al\/index.php\/wp-json\/wp\/v2\/posts"}],"about":[{"href":"https:\/\/www.hashtag.al\/index.php\/wp-json\/wp\/v2\/types\/post"}],"author":[{"embeddable":true,"href":"https:\/\/www.hashtag.al\/index.php\/wp-json\/wp\/v2\/users\/30"}],"replies":[{"embeddable":true,"href":"https:\/\/www.hashtag.al\/index.php\/wp-json\/wp\/v2\/comments?post=489721"}],"version-history":[{"count":0,"href":"https:\/\/www.hashtag.al\/index.php\/wp-json\/wp\/v2\/posts\/489721\/revisions"}],"wp:featuredmedia":[{"embeddable":true,"href":"https:\/\/www.hashtag.al\/index.php\/wp-json\/wp\/v2\/media\/489722"}],"wp:attachment":[{"href":"https:\/\/www.hashtag.al\/index.php\/wp-json\/wp\/v2\/media?parent=489721"}],"wp:term":[{"taxonomy":"category","embeddable":true,"href":"https:\/\/www.hashtag.al\/index.php\/wp-json\/wp\/v2\/categories?post=489721"},{"taxonomy":"post_tag","embeddable":true,"href":"https:\/\/www.hashtag.al\/index.php\/wp-json\/wp\/v2\/tags?post=489721"}],"curies":[{"name":"wp","href":"https:\/\/api.w.org\/{rel}","templated":true}]}}