{"id":489719,"date":"2021-12-07T15:24:32","date_gmt":"2021-12-07T14:24:32","guid":{"rendered":"https:\/\/www.hashtag.al\/?p=489719"},"modified":"2021-12-07T15:24:32","modified_gmt":"2021-12-07T14:24:32","slug":"presidenca-njofton-konference-per-mediat-japim-qendrimin-e-presidentit-mbi-vendimin-e-kushtetueses-per-30-qershorin","status":"publish","type":"post","link":"https:\/\/www.hashtag.al\/index.php\/2021\/12\/07\/presidenca-njofton-konference-per-mediat-japim-qendrimin-e-presidentit-mbi-vendimin-e-kushtetueses-per-30-qershorin\/","title":{"rendered":"Presidenca njofton konferenc\u00eb p\u00ebr mediat: Japim q\u00ebndrimin e Presidentit mbi vendimin e Kushtetueses p\u00ebr 30 qershorin","gt_translate_keys":[{"key":"rendered","format":"text"}]},"content":{"rendered":"<p><span style=\"color: #000000;\"><a style=\"color: #000000;\" href=\"https:\/\/www.hashtag.al\/wp-content\/uploads\/2020\/10\/blushimeta.jpg\"><img loading=\"lazy\" decoding=\"async\" class=\"aligncenter size-full wp-image-406629\" src=\"https:\/\/www.hashtag.al\/wp-content\/uploads\/2020\/10\/blushimeta.jpg\" alt=\"\" width=\"1280\" height=\"853\" srcset=\"https:\/\/www.hashtag.al\/wp-content\/uploads\/2020\/10\/blushimeta.jpg 1280w, https:\/\/www.hashtag.al\/wp-content\/uploads\/2020\/10\/blushimeta-300x200.jpg 300w, https:\/\/www.hashtag.al\/wp-content\/uploads\/2020\/10\/blushimeta-768x512.jpg 768w, https:\/\/www.hashtag.al\/wp-content\/uploads\/2020\/10\/blushimeta-1024x682.jpg 1024w\" sizes=\"auto, (max-width: 1280px) 100vw, 1280px\" \/><\/a><br \/>\n<\/span><\/p>\n<p><span style=\"color: #000000;\">Pasditen e sotme Presidenca pritet t\u00eb b\u00ebj\u00eb publike q\u00ebndrimin p\u00ebr vendimin e Gjykat\u00ebs Kushtetuese lidhur me zgjedhjet lokale t\u00eb 30 qershorit t\u00eb vitit 2019.<\/span><\/p>\n<p><span style=\"color: #000000;\">Z\u00ebdh\u00ebn\u00ebsi i presidentit Meta, Tedi Blushi ka ftuar sot mediet t\u00eb marrin pjes\u00eb n\u00eb nj\u00eb Konferenc\u00eb p\u00ebr Mediet p\u00ebr t\u00eb m\u00ebsuar q\u00ebndrimin e institucionit, edhe pse nuk p\u00ebrcakohet n\u00ebse do t\u00eb jet\u00eb vet\u00eb Presidenti apo k\u00ebshilltar\u00ebt e tij. Konferenca do t\u00eb nis\u00eb n\u00eb or\u00ebn 17:00.<\/span><\/p>\n<p><span style=\"color: #000000;\"><em>\u201cN\u00eb respekt t\u00eb transparenc\u00ebs dhe p\u00ebr r\u00ebnd\u00ebsin\u00eb e ve\u00e7ant\u00eb, q\u00eb ka p\u00ebr t\u00eb gjith\u00eb qytetar\u00ebt, sot n\u00eb ora 17:00, n\u00eb Institucionin e Presidentit t\u00eb Republik\u00ebs, jeni t\u00eb ftuar n\u00eb konferenc\u00ebn p\u00ebr mediat, ku do t\u00eb b\u00ebhet publik p\u00ebr opinionin vendas dhe nd\u00ebrkomb\u00ebtar, q\u00ebndrimi zyrtar i Presidentit t\u00eb Republik\u00ebs Sh.T.Z Ilir Meta lidhur me vendimmarrjen e Gjykat\u00ebs Kushtetuese p\u00ebr \u00e7\u00ebshtjen e zgjedhjeve p\u00ebr pushtetin vendor 2019.\u201d-<\/em> shkruan Blushi.<\/span><\/p>\n","protected":false,"gt_translate_keys":[{"key":"rendered","format":"html"}]},"excerpt":{"rendered":"<p>Pasditen e sotme Presidenca pritet t\u00eb b\u00ebj\u00eb publike q\u00ebndrimin p\u00ebr vendimin e Gjykat\u00ebs Kushtetuese lidhur me zgjedhjet lokale t\u00eb 30 qershorit t\u00eb vitit 2019. Z\u00ebdh\u00ebn\u00ebsi i presidentit Meta, Tedi Blushi ka ftuar sot mediet t\u00eb marrin pjes\u00eb n\u00eb nj\u00eb Konferenc\u00eb p\u00ebr Mediet p\u00ebr t\u00eb m\u00ebsuar q\u00ebndrimin e institucionit, edhe pse nuk p\u00ebrcakohet n\u00ebse do t\u00eb [&hellip;]<\/p>\n","protected":false,"gt_translate_keys":[{"key":"rendered","format":"html"}]},"author":30,"featured_media":406629,"comment_status":"closed","ping_status":"closed","sticky":false,"template":"","format":"standard","meta":{"footnotes":""},"categories":[65,13],"tags":[],"class_list":["post-489719","post","type-post","status-publish","format-standard","has-post-thumbnail","hentry","category-lajme","category-te-fundit"],"gt_translate_keys":[{"key":"link","format":"url"}],"_links":{"self":[{"href":"https:\/\/www.hashtag.al\/index.php\/wp-json\/wp\/v2\/posts\/489719","targetHints":{"allow":["GET"]}}],"collection":[{"href":"https:\/\/www.hashtag.al\/index.php\/wp-json\/wp\/v2\/posts"}],"about":[{"href":"https:\/\/www.hashtag.al\/index.php\/wp-json\/wp\/v2\/types\/post"}],"author":[{"embeddable":true,"href":"https:\/\/www.hashtag.al\/index.php\/wp-json\/wp\/v2\/users\/30"}],"replies":[{"embeddable":true,"href":"https:\/\/www.hashtag.al\/index.php\/wp-json\/wp\/v2\/comments?post=489719"}],"version-history":[{"count":0,"href":"https:\/\/www.hashtag.al\/index.php\/wp-json\/wp\/v2\/posts\/489719\/revisions"}],"wp:featuredmedia":[{"embeddable":true,"href":"https:\/\/www.hashtag.al\/index.php\/wp-json\/wp\/v2\/media\/406629"}],"wp:attachment":[{"href":"https:\/\/www.hashtag.al\/index.php\/wp-json\/wp\/v2\/media?parent=489719"}],"wp:term":[{"taxonomy":"category","embeddable":true,"href":"https:\/\/www.hashtag.al\/index.php\/wp-json\/wp\/v2\/categories?post=489719"},{"taxonomy":"post_tag","embeddable":true,"href":"https:\/\/www.hashtag.al\/index.php\/wp-json\/wp\/v2\/tags?post=489719"}],"curies":[{"name":"wp","href":"https:\/\/api.w.org\/{rel}","templated":true}]}}