{"id":489537,"date":"2021-12-06T19:19:22","date_gmt":"2021-12-06T18:19:22","guid":{"rendered":"https:\/\/www.hashtag.al\/?p=489537"},"modified":"2021-12-06T19:19:22","modified_gmt":"2021-12-06T18:19:22","slug":"balla-presim-nga-opozita-te-votoje-zgjatjen-e-afateve-te-vettingut-te-gatshem-te-bisedojme-edhe-per-reformen-territoriale","status":"publish","type":"post","link":"https:\/\/www.hashtag.al\/index.php\/2021\/12\/06\/balla-presim-nga-opozita-te-votoje-zgjatjen-e-afateve-te-vettingut-te-gatshem-te-bisedojme-edhe-per-reformen-territoriale\/","title":{"rendered":"Balla: Presim nga opozita t\u00eb votoj\u00eb zgjatjen e afateve t\u00eb vettingut, t\u00eb gatsh\u00ebm t\u00eb bisedojm\u00eb edhe p\u00ebr reform\u00ebn territoriale","gt_translate_keys":[{"key":"rendered","format":"text"}]},"content":{"rendered":"<p><span style=\"color: #000000;\"><img loading=\"lazy\" decoding=\"async\" class=\"aligncenter size-full wp-image-489538\" src=\"https:\/\/www.hashtag.al\/wp-content\/uploads\/2021\/12\/Balla-zeri-i-amerikes.png\" alt=\"\" width=\"983\" height=\"598\" srcset=\"https:\/\/www.hashtag.al\/wp-content\/uploads\/2021\/12\/Balla-zeri-i-amerikes.png 983w, https:\/\/www.hashtag.al\/wp-content\/uploads\/2021\/12\/Balla-zeri-i-amerikes-300x183.png 300w, https:\/\/www.hashtag.al\/wp-content\/uploads\/2021\/12\/Balla-zeri-i-amerikes-768x467.png 768w\" sizes=\"auto, (max-width: 983px) 100vw, 983px\" \/><\/span><\/p>\n<p><span style=\"color: #000000;\">Kreu i Grupit Parlamentar t\u00eb Partis\u00eb Socialiste, Taulant Balla n\u00eb nj\u00eb intervist\u00eb p\u00ebr Z\u00ebrin e Amerik\u00ebs deklaroi se pret q\u00eb me Partin\u00eb Demokratike t\u00eb bien dakord p\u00ebr disa \u00e7\u00ebshtje.<\/span><\/p>\n<p><span style=\"color: #000000;\">Balla p\u00ebrmendi zgjatjen e aft\u00ebve t\u00eb veprimtaris\u00eb s\u00eb organeve t\u00eb\u00a0 vettingun p\u00ebr t\u00eb cilin pret q\u00eb t\u00eb votoj\u00eb edhe opozita.<\/span><\/p>\n<p><span style=\"color: #000000;\">Nj\u00eb \u00e7\u00ebshtje tjet\u00ebr \u00ebsht\u00eb reforma territoriale nj\u00eb \u00e7\u00ebshtje kjo e k\u00ebrkuar edhe nga PD-ja.<\/span><\/p>\n<p><span style=\"color: #000000;\"><strong>Pjes\u00eb nga intervista:<\/strong><\/span><\/p>\n<p><span style=\"color: #000000;\"><strong>Balla: <\/strong>Shtetet e Bashkuara t\u00eb Amerik\u00ebs than\u00eb q\u00eb edhe demokracia amerikane \u00ebsht\u00eb e rrezikuar nga sulmet kibernetike, apo p\u00ebrdorimi i lajmeve t\u00eb rreme. Dezinformomi duhet luftuar s\u00eb bashku.<\/span><\/p>\n<p><span style=\"color: #000000;\"><strong>K\u00ebt\u00eb jav\u00eb pritet zgjatja e afatit t\u00eb vetingut deri n\u00eb vitin 2024. \u00c7far\u00eb prisni t\u00eb reagoj\u00eb opozita pas k\u00ebsaj, duke pasur parasysh skepticizmin e tyre?<\/strong><\/span><\/p>\n<p><span style=\"color: #000000;\"><strong>Balla: <\/strong>Pa mb\u00ebshtetjen e PD \u00ebsht\u00eb e pamundur t\u00eb kemi vota t\u00eb mjaftueshme. Nuk duam ta p\u00ebrdorim draft-opinionin e Venecias si presion ndaj opozit\u00ebs. N\u00eb p\u00ebrgjith\u00ebsi n\u00eb Shqip\u00ebri, t\u00eb pakt\u00ebn kur opinionet e Komisionit t\u00eb Venecias kan\u00eb qen\u00eb t\u00eb qarta, \u00ebsht\u00eb nj\u00eb \u00e7\u00ebshtje shum\u00eb teknike. Nuk b\u00ebhet fjal\u00eb p\u00ebr t\u00eb na votuar k\u00ebt\u00eb dhe ne t\u00eb votojm\u00eb di\u00e7ka q\u00eb ata duan. Ne jemi n\u00eb proces diskutimi me ta. Projektet e opozit\u00ebs p\u00ebr \u00e7\u00ebshtjet territoriale e zgjedhore jan\u00eb duke u diskutuar. \u00c7\u00ebshtjet e reform\u00ebs territoriale t\u00eb diskutohen.<\/span><\/p>\n<p><span style=\"color: #000000;\"><strong>Si do t\u00eb p\u00ebrzgjidhen an\u00ebtar\u00ebt e k\u00ebshillit drejtues t\u00eb bank\u00ebs?<\/strong><\/span><\/p>\n<p><span style=\"color: #000000;\"><strong>Balla:<\/strong>\u00a0Procesi \u00ebsht\u00eb i hapur. \u00cbsht\u00eb mbyllur shprehja e interesit dhe ne do t\u00eb zgjedhim nj\u00eb nga ata, sepse edhe k\u00ebtu b\u00ebhet fjal\u00eb p\u00ebr 28 firma deputet\u00ebsh. PS gjithmon\u00eb do t\u00eb mb\u00ebshtes\u00eb, ata q\u00eb jan\u00eb persona q\u00eb g\u00ebzojn\u00eb profesionaliz\u00ebm t\u00eb lart\u00eb, e kjo \u00ebsht\u00eb nj\u00eb garanci.<\/span><\/p>\n<p>&nbsp;<\/p>\n","protected":false,"gt_translate_keys":[{"key":"rendered","format":"html"}]},"excerpt":{"rendered":"<p>Kreu i Grupit Parlamentar t\u00eb Partis\u00eb Socialiste, Taulant Balla n\u00eb nj\u00eb intervist\u00eb p\u00ebr Z\u00ebrin e Amerik\u00ebs deklaroi se pret q\u00eb me Partin\u00eb Demokratike t\u00eb bien dakord p\u00ebr disa \u00e7\u00ebshtje. Balla p\u00ebrmendi zgjatjen e aft\u00ebve t\u00eb veprimtaris\u00eb s\u00eb organeve t\u00eb\u00a0 vettingun p\u00ebr t\u00eb cilin pret q\u00eb t\u00eb votoj\u00eb edhe opozita. Nj\u00eb \u00e7\u00ebshtje tjet\u00ebr \u00ebsht\u00eb reforma territoriale [&hellip;]<\/p>\n","protected":false,"gt_translate_keys":[{"key":"rendered","format":"html"}]},"author":32,"featured_media":489538,"comment_status":"closed","ping_status":"closed","sticky":false,"template":"","format":"standard","meta":{"footnotes":""},"categories":[65,13],"tags":[],"class_list":["post-489537","post","type-post","status-publish","format-standard","has-post-thumbnail","hentry","category-lajme","category-te-fundit"],"gt_translate_keys":[{"key":"link","format":"url"}],"_links":{"self":[{"href":"https:\/\/www.hashtag.al\/index.php\/wp-json\/wp\/v2\/posts\/489537","targetHints":{"allow":["GET"]}}],"collection":[{"href":"https:\/\/www.hashtag.al\/index.php\/wp-json\/wp\/v2\/posts"}],"about":[{"href":"https:\/\/www.hashtag.al\/index.php\/wp-json\/wp\/v2\/types\/post"}],"author":[{"embeddable":true,"href":"https:\/\/www.hashtag.al\/index.php\/wp-json\/wp\/v2\/users\/32"}],"replies":[{"embeddable":true,"href":"https:\/\/www.hashtag.al\/index.php\/wp-json\/wp\/v2\/comments?post=489537"}],"version-history":[{"count":0,"href":"https:\/\/www.hashtag.al\/index.php\/wp-json\/wp\/v2\/posts\/489537\/revisions"}],"wp:featuredmedia":[{"embeddable":true,"href":"https:\/\/www.hashtag.al\/index.php\/wp-json\/wp\/v2\/media\/489538"}],"wp:attachment":[{"href":"https:\/\/www.hashtag.al\/index.php\/wp-json\/wp\/v2\/media?parent=489537"}],"wp:term":[{"taxonomy":"category","embeddable":true,"href":"https:\/\/www.hashtag.al\/index.php\/wp-json\/wp\/v2\/categories?post=489537"},{"taxonomy":"post_tag","embeddable":true,"href":"https:\/\/www.hashtag.al\/index.php\/wp-json\/wp\/v2\/tags?post=489537"}],"curies":[{"name":"wp","href":"https:\/\/api.w.org\/{rel}","templated":true}]}}