{"id":489490,"date":"2021-12-06T14:26:30","date_gmt":"2021-12-06T13:26:30","guid":{"rendered":"https:\/\/www.hashtag.al\/?p=489490"},"modified":"2021-12-06T14:26:30","modified_gmt":"2021-12-06T13:26:30","slug":"brace-kunder-kandidatures-se-denar-bibes-per-drejtimin-e-autoritetit-te-konkurences-ska-lidhje-me-kete-fushe-kam-rezerva-per-integritetin-e-tij","status":"publish","type":"post","link":"https:\/\/www.hashtag.al\/index.php\/2021\/12\/06\/brace-kunder-kandidatures-se-denar-bibes-per-drejtimin-e-autoritetit-te-konkurences-ska-lidhje-me-kete-fushe-kam-rezerva-per-integritetin-e-tij\/","title":{"rendered":"Bra\u00e7e kund\u00ebr kandidatur\u00ebs s\u00eb Denar Bib\u00ebs p\u00ebr drejtimin e Autoritetit t\u00eb Konkurenc\u00ebs: S&#8217;ka lidhje me k\u00ebt\u00eb fush\u00eb, kam rezerva p\u00ebr integritetin e tij","gt_translate_keys":[{"key":"rendered","format":"text"}]},"content":{"rendered":"<p><span style=\"color: #000000;\"><a href=\"https:\/\/www.hashtag.al\/wp-content\/uploads\/2021\/12\/brace.jpg\"><img loading=\"lazy\" decoding=\"async\" class=\"aligncenter size-full wp-image-489491\" src=\"https:\/\/www.hashtag.al\/wp-content\/uploads\/2021\/12\/brace.jpg\" alt=\"\" width=\"933\" height=\"468\" srcset=\"https:\/\/www.hashtag.al\/wp-content\/uploads\/2021\/12\/brace.jpg 933w, https:\/\/www.hashtag.al\/wp-content\/uploads\/2021\/12\/brace-300x150.jpg 300w, https:\/\/www.hashtag.al\/wp-content\/uploads\/2021\/12\/brace-768x385.jpg 768w\" sizes=\"auto, (max-width: 933px) 100vw, 933px\" \/><\/a><\/span><\/p>\n<p><span style=\"color: #000000;\">Partia Socialiste propozoi sot emrin e Denar Bib\u00ebs si kryetar i Autoritetit t\u00eb Konkurrenc\u00ebs n\u00eb mbledhjen e Komisioni i Ekonomis\u00eb dhe Financave.<\/span><\/p>\n<p><span style=\"color: #000000;\">Por p\u00ebrve\u00e7 opozit\u00ebs, edhe deputeti socialist, Erion Bra\u00e7e u shpreh kund\u00ebr k\u00ebsaj kandidature. Ai shprehu disa rezerva lidhur me k\u00ebt\u00eb kandudatur\u00eb, duk\u00eb th\u00ebn\u00eb se Biba as nuk ka merita n\u00eb PS, as nuk \u00ebsht\u00eb njoh\u00ebs i fush\u00ebs, nd\u00ebrsa ngriti dyshime edhe p\u00ebr integritetin e tij.<\/span><\/p>\n<p><em><span style=\"color: #000000;\">&#8220;Mendimi im \u00ebsht\u00eb q\u00eb \u00ebsht\u00eb gabim q\u00eb zpot\u00ebria nuk \u00ebsht\u00eb k\u00ebtu, q\u00eb nuk vjen k\u00ebtu, mbase edhe p\u00ebr fajin ton\u00eb q\u00eb nuk e kemi k\u00ebrkuar t\u00eb vij\u00eb k\u00ebtu. Kemi b\u00ebr\u00eb gabim.<\/span><\/em><\/p>\n<p><em><span style=\"color: #000000;\">Tani edhe p\u00ebr t\u00eb shuar edhe ndonj\u00eb dilem\u00eb q\u00eb kan\u00eb koleg\u00ebt e opozit\u00ebs. Denar Biba nuk ka qen\u00eb asnj\u00ebher\u00eb funksionar i PS-s\u00eb q\u00eb mos t\u2019i japim merita q\u00eb nuk i ka, nuk ka qen\u00eb as an\u00ebtar i PS as deputet i saj as kryetar organizate.<\/span><\/em><\/p>\n<p><em><span style=\"color: #000000;\">N\u00eb dijenin\u00eb time, detyra e kryetarit t\u00eb Komisionit t\u00eb Zgjedhjeve nuk \u00ebsht\u00eb politike, \u00ebsht\u00eb kushtetuese dhe ligjore. N\u00ebse gjykojm\u00eb nga ky aspekt, p\u00ebr mua ky zot\u00ebria nuk \u00ebsht\u00eb njeri politik aq m\u00eb tep\u00ebr i PS-s\u00eb. S\u2019ka asnj\u00eb lloj lidhje, t\u00eb pakt\u00ebn me aq sa e njoh un\u00eb PS.<\/span><\/em><\/p>\n<p><em><span style=\"color: #000000;\">Po zot\u00ebria ka qen\u00eb n\u00eb nj\u00eb detyr\u00eb shtet\u00ebrore p\u00ebrtej KQZ-s\u00eb dhe n\u00eb k\u00ebt\u00eb detyr\u00eb un\u00eb kam rezervat e mia, jo vet\u00ebm p\u00ebr t\u00eb por p\u00ebr t\u00eb gjith\u00eb institucionin e Prokurimit Publik t\u00eb asaj kohe q\u00eb \u00ebsht\u00eb shkarkuar i gjithi. Nga i pari tek i fundit. P\u00ebr k\u00ebt\u00eb do ishte mir\u00eb t\u2019ja thoja n\u00eb sy zot\u00ebris\u00eb.<\/span><\/em><\/p>\n<p><em><span style=\"color: #000000;\">E dyta, p\u00ebr mua kandidatura e zot\u00ebris\u00eb, parantez\u00eb un\u00eb nuk e kam votuar as kur u b\u00eb an\u00ebtar i Autoritetit t\u00eb Konkurrenc\u00ebs, por kandidatura e tij ka tre probleme.<\/span><\/em><\/p>\n<p><span style=\"color: #000000;\"><em>E para zot\u00ebria \u00ebsht\u00eb pedagog shum\u00eb i mir\u00eb i t\u00eb drejt\u00ebs kushtetuese, \u00ebsht\u00eb ekspert i asaj por n\u00eb k\u00ebt\u00eb l\u00ebmin p\u00ebr t\u00eb cilin po e ngarkojm\u00eb me p\u00ebrgjegj\u00ebsi, ashtu si n\u00eb at\u00eb l\u00ebmin tjet\u00ebr e Prokurimeve Publike q\u00eb e ngarkuam me p\u00ebrgjegj\u00ebsi, nuk ka ndonj\u00eb njohje. Kam par\u00eb botimet e tij dhe m\u00eb vjen t\u00eb them q\u00eb me k\u00ebt\u00eb fush\u00eb nuk ka lidhje. E dyta, po un\u00eb kam rezerva p\u00ebr integritetin e zot\u00ebris\u00eb. Kur ta kem p\u00ebrball\u00eb ia them.\u201d<\/em>&#8211; tha Bra\u00e7e.<\/span><\/p>\n","protected":false,"gt_translate_keys":[{"key":"rendered","format":"html"}]},"excerpt":{"rendered":"<p>Partia Socialiste propozoi sot emrin e Denar Bib\u00ebs si kryetar i Autoritetit t\u00eb Konkurrenc\u00ebs n\u00eb mbledhjen e Komisioni i Ekonomis\u00eb dhe Financave. Por p\u00ebrve\u00e7 opozit\u00ebs, edhe deputeti socialist, Erion Bra\u00e7e u shpreh kund\u00ebr k\u00ebsaj kandidature. Ai shprehu disa rezerva lidhur me k\u00ebt\u00eb kandudatur\u00eb, duk\u00eb th\u00ebn\u00eb se Biba as nuk ka merita n\u00eb PS, as nuk [&hellip;]<\/p>\n","protected":false,"gt_translate_keys":[{"key":"rendered","format":"html"}]},"author":30,"featured_media":489491,"comment_status":"closed","ping_status":"closed","sticky":false,"template":"","format":"standard","meta":{"footnotes":""},"categories":[65,13],"tags":[],"class_list":["post-489490","post","type-post","status-publish","format-standard","has-post-thumbnail","hentry","category-lajme","category-te-fundit"],"gt_translate_keys":[{"key":"link","format":"url"}],"_links":{"self":[{"href":"https:\/\/www.hashtag.al\/index.php\/wp-json\/wp\/v2\/posts\/489490","targetHints":{"allow":["GET"]}}],"collection":[{"href":"https:\/\/www.hashtag.al\/index.php\/wp-json\/wp\/v2\/posts"}],"about":[{"href":"https:\/\/www.hashtag.al\/index.php\/wp-json\/wp\/v2\/types\/post"}],"author":[{"embeddable":true,"href":"https:\/\/www.hashtag.al\/index.php\/wp-json\/wp\/v2\/users\/30"}],"replies":[{"embeddable":true,"href":"https:\/\/www.hashtag.al\/index.php\/wp-json\/wp\/v2\/comments?post=489490"}],"version-history":[{"count":0,"href":"https:\/\/www.hashtag.al\/index.php\/wp-json\/wp\/v2\/posts\/489490\/revisions"}],"wp:featuredmedia":[{"embeddable":true,"href":"https:\/\/www.hashtag.al\/index.php\/wp-json\/wp\/v2\/media\/489491"}],"wp:attachment":[{"href":"https:\/\/www.hashtag.al\/index.php\/wp-json\/wp\/v2\/media?parent=489490"}],"wp:term":[{"taxonomy":"category","embeddable":true,"href":"https:\/\/www.hashtag.al\/index.php\/wp-json\/wp\/v2\/categories?post=489490"},{"taxonomy":"post_tag","embeddable":true,"href":"https:\/\/www.hashtag.al\/index.php\/wp-json\/wp\/v2\/tags?post=489490"}],"curies":[{"name":"wp","href":"https:\/\/api.w.org\/{rel}","templated":true}]}}