{"id":489474,"date":"2021-12-06T13:22:03","date_gmt":"2021-12-06T12:22:03","guid":{"rendered":"https:\/\/www.hashtag.al\/?p=489474"},"modified":"2021-12-06T13:22:03","modified_gmt":"2021-12-06T12:22:03","slug":"ps-propozon-denar-biben-si-kryetar-te-autoritetit-te-konkurrences-opozita-kundershton","status":"publish","type":"post","link":"https:\/\/www.hashtag.al\/index.php\/2021\/12\/06\/ps-propozon-denar-biben-si-kryetar-te-autoritetit-te-konkurrences-opozita-kundershton\/","title":{"rendered":"PS propozon Denar Bib\u00ebn si kryetar t\u00eb Autoritetit t\u00eb Konkurrenc\u00ebs, opozita kund\u00ebrshton","gt_translate_keys":[{"key":"rendered","format":"text"}]},"content":{"rendered":"<p><span style=\"color: #000000;\"><a href=\"https:\/\/www.hashtag.al\/wp-content\/uploads\/2021\/05\/denar-biba-1.jpg\"><img loading=\"lazy\" decoding=\"async\" class=\"aligncenter size-full wp-image-453880\" src=\"https:\/\/www.hashtag.al\/wp-content\/uploads\/2021\/05\/denar-biba-1.jpg\" alt=\"\" width=\"1023\" height=\"726\" srcset=\"https:\/\/www.hashtag.al\/wp-content\/uploads\/2021\/05\/denar-biba-1.jpg 1023w, https:\/\/www.hashtag.al\/wp-content\/uploads\/2021\/05\/denar-biba-1-300x213.jpg 300w, https:\/\/www.hashtag.al\/wp-content\/uploads\/2021\/05\/denar-biba-1-768x545.jpg 768w\" sizes=\"auto, (max-width: 1023px) 100vw, 1023px\" \/><\/a><\/span><\/p>\n<p><span style=\"color: #000000;\">Maxhoranca dhe opozita jan\u00eb p\u00ebrplasur sot n\u00eb Komisionin e Ekonomis\u00eb dhe Financave, lidhur me zgjedhjen e kryetarit t\u00eb ri t\u00eb Autoritetit t\u00eb Konkurrenc\u00ebs.<\/span><\/p>\n<p><span style=\"color: #000000;\">N\u00eb mbledhjen e sotme ku u diskutua kandidatura p\u00ebr Kreun e Autoritetit t\u00eb Konkurrenc\u00ebs, Partia Socialiste ka propozuar emrin e ish-kryetarit\u00a0t\u00eb Komisionit Qendror t\u00eb Zgjedhjeve, Denar Bib\u00ebn.<\/span><\/p>\n<p><span style=\"color: #000000;\"><em>\u201cKuvendi i Shqip\u00ebris\u00eb, duke vler\u00ebsuar r\u00ebnd\u00ebsin\u00eb e Komisionit t\u00eb Konkurrenc\u00ebs do shqyrtoj\u00eb kandidatur\u00ebn e zotit Denar Biba p\u00ebr n\u00eb seanc\u00eb parlamentare. Denar Biba \u00ebsht\u00eb zgjedhur an\u00ebtar i komisionit me vendimin 29 viti 2021, dhe ka p\u00ebrmbushur k\u00ebrkesat ligjore. Sot komisioni do t\u00eb shqyrtoj\u00eb dhe do propozoj\u00eb kandidatur\u00ebn e zotit Denar Biba.\u201d-<\/em> tha deputeti i PS-s\u00eb Eduart Shalsi.<\/span><\/p>\n<p><span style=\"color: #000000;\">Por p\u00ebrfaq\u00ebsuesit e opozit\u00ebs e kan\u00eb kund\u00ebrshtuar k\u00ebt\u00eb propozim. Kreu i grupit t\u00eb demokrat\u00ebve,\u00a0Alfred Rushaj p\u00ebrmendi si arsye akuzat ndaj Denar Bib\u00ebs se ka shantazhuar gjyqtarin shqiptar n\u00eb Strasburg Ledio Bianku\u00a0p\u00ebr t\u00eb nd\u00ebrhyr\u00eb n\u00eb nj\u00eb \u00e7\u00ebshtje e pronave q\u00eb po gjykohen n\u00eb Gjykat\u00ebn e t\u00eb Drejtave t\u00eb Njeriut.<\/span><\/p>\n<p><span style=\"color: #000000;\"><em>\u201cNuk \u00ebsht\u00eb korrekte q\u00eb t\u00eb marrim n\u00eb shqyrtim nj\u00eb kandatur\u00eb q\u00eb nuk \u00ebsht\u00eb fare n\u00eb k\u00ebt\u00eb mbledhje. Duam q\u00eb zot\u00ebria t\u00eb vij\u00eb, dhe t\u00eb na paraqisi platform\u00ebn e vet\u00eb dhe p\u00ebr t\u00eb treguar vizionin e tij p\u00ebr t\u00eb drejtuar k\u00ebt\u00eb institucion. Institucioni i konkurrenc\u00ebs \u00ebsht\u00eb shum\u00eb e r\u00ebnd\u00ebsishme. Ne absolutisht nuk gjykojm\u00eb q\u00eb zot\u00ebria do t\u00eb ket\u00eb besimin e nj\u00eb pjese t\u00eb mir\u00eb, jo vet\u00ebm t\u00eb opozit\u00ebs por edhe shoq\u00ebris\u00eb. <\/em><\/span><\/p>\n<p><span style=\"color: #000000;\"><em>Mos t\u00eb harrojm\u00eb q\u00eb \u00ebsht\u00eb, jo vet\u00ebm me af\u00ebrsin\u00eb politike, por t\u00eb mos harrojm\u00eb q\u00eb \u00ebsht\u00eb personi q\u00eb ka mbajtur nj\u00eb pozicion t\u00eb lart\u00eb shtet\u00ebror q\u00eb \u00ebsht\u00eb akuzuar nga nj\u00eb an\u00ebtar i Gjykat\u00ebs s\u00eb Strazburgut p\u00ebr nd\u00ebrhyrje n\u00eb nj\u00eb \u00e7\u00ebshtje n\u00eb Gjykat\u00ebn Evropiane t\u00eb t\u00eb Drejtave t\u00eb Njeriut. Nuk do ishte e udh\u00ebs p\u00ebr ta \u00e7uar. N\u00eb k\u00ebto institucione, ka qen\u00eb praktik\u00eb q\u00eb t\u00eb ket\u00eb dhe opozita. Kur keni qen\u00eb ju n\u00eb opozit\u00eb, keni pasur nj\u00eb post. Ka uzurpuar pozicionin e an\u00ebtarit q\u00eb e ka mbajtur opozita. Po prishni nj\u00eb praktik\u00eb t\u00eb kuvendit.\u201d<\/em>&#8211; tha Rushaj.<\/span><\/p>\n","protected":false,"gt_translate_keys":[{"key":"rendered","format":"html"}]},"excerpt":{"rendered":"<p>Maxhoranca dhe opozita jan\u00eb p\u00ebrplasur sot n\u00eb Komisionin e Ekonomis\u00eb dhe Financave, lidhur me zgjedhjen e kryetarit t\u00eb ri t\u00eb Autoritetit t\u00eb Konkurrenc\u00ebs. N\u00eb mbledhjen e sotme ku u diskutua kandidatura p\u00ebr Kreun e Autoritetit t\u00eb Konkurrenc\u00ebs, Partia Socialiste ka propozuar emrin e ish-kryetarit\u00a0t\u00eb Komisionit Qendror t\u00eb Zgjedhjeve, Denar Bib\u00ebn. \u201cKuvendi i Shqip\u00ebris\u00eb, duke vler\u00ebsuar [&hellip;]<\/p>\n","protected":false,"gt_translate_keys":[{"key":"rendered","format":"html"}]},"author":30,"featured_media":453880,"comment_status":"closed","ping_status":"closed","sticky":false,"template":"","format":"standard","meta":{"footnotes":""},"categories":[65,13],"tags":[],"class_list":["post-489474","post","type-post","status-publish","format-standard","has-post-thumbnail","hentry","category-lajme","category-te-fundit"],"gt_translate_keys":[{"key":"link","format":"url"}],"_links":{"self":[{"href":"https:\/\/www.hashtag.al\/index.php\/wp-json\/wp\/v2\/posts\/489474","targetHints":{"allow":["GET"]}}],"collection":[{"href":"https:\/\/www.hashtag.al\/index.php\/wp-json\/wp\/v2\/posts"}],"about":[{"href":"https:\/\/www.hashtag.al\/index.php\/wp-json\/wp\/v2\/types\/post"}],"author":[{"embeddable":true,"href":"https:\/\/www.hashtag.al\/index.php\/wp-json\/wp\/v2\/users\/30"}],"replies":[{"embeddable":true,"href":"https:\/\/www.hashtag.al\/index.php\/wp-json\/wp\/v2\/comments?post=489474"}],"version-history":[{"count":0,"href":"https:\/\/www.hashtag.al\/index.php\/wp-json\/wp\/v2\/posts\/489474\/revisions"}],"wp:featuredmedia":[{"embeddable":true,"href":"https:\/\/www.hashtag.al\/index.php\/wp-json\/wp\/v2\/media\/453880"}],"wp:attachment":[{"href":"https:\/\/www.hashtag.al\/index.php\/wp-json\/wp\/v2\/media?parent=489474"}],"wp:term":[{"taxonomy":"category","embeddable":true,"href":"https:\/\/www.hashtag.al\/index.php\/wp-json\/wp\/v2\/categories?post=489474"},{"taxonomy":"post_tag","embeddable":true,"href":"https:\/\/www.hashtag.al\/index.php\/wp-json\/wp\/v2\/tags?post=489474"}],"curies":[{"name":"wp","href":"https:\/\/api.w.org\/{rel}","templated":true}]}}