{"id":489388,"date":"2021-12-05T21:24:52","date_gmt":"2021-12-05T20:24:52","guid":{"rendered":"https:\/\/www.hashtag.al\/?p=489388"},"modified":"2021-12-05T21:24:52","modified_gmt":"2021-12-05T20:24:52","slug":"izraeli-kerkon-qasje-me-te-ashper-ndaj-iranit-ne-bisedimet-berthamore","status":"publish","type":"post","link":"https:\/\/www.hashtag.al\/index.php\/2021\/12\/05\/izraeli-kerkon-qasje-me-te-ashper-ndaj-iranit-ne-bisedimet-berthamore\/","title":{"rendered":"Izraeli k\u00ebrkon qasje m\u00eb t\u00eb ashp\u00ebr ndaj Iranit n\u00eb bisedimet b\u00ebrthamore","gt_translate_keys":[{"key":"rendered","format":"text"}]},"content":{"rendered":"<p><img loading=\"lazy\" decoding=\"async\" class=\"size-full wp-image-456609\" src=\"https:\/\/www.hashtag.al\/wp-content\/uploads\/2021\/06\/bennet.jpg\" alt=\"\" width=\"1024\" height=\"683\" srcset=\"https:\/\/www.hashtag.al\/wp-content\/uploads\/2021\/06\/bennet.jpg 1024w, https:\/\/www.hashtag.al\/wp-content\/uploads\/2021\/06\/bennet-300x200.jpg 300w, https:\/\/www.hashtag.al\/wp-content\/uploads\/2021\/06\/bennet-768x512.jpg 768w\" sizes=\"auto, (max-width: 1024px) 100vw, 1024px\" \/><\/p>\n<p><span style=\"color: #000000;\">Kryeministri i Izraelit, Naftali Bennett m\u00eb 5 dhjetor u b\u00ebri thirrje fuqive per\u00ebndimore q\u00eb t\u00eb ken\u00eb nj\u00eb q\u00ebndrim m\u00eb t\u00eb ashp\u00ebr ndaj Iranit n\u00eb bisedimet p\u00ebr t\u00eb frenuar programin b\u00ebrthamor t\u00eb Teheranit.<\/span><\/p>\n<p><span style=\"color: #000000;\">K\u00ebto komente ai i b\u00ebri teksa zyrtar\u00ebt kryesor\u00eb izraelit\u00eb t\u00eb mbrojtjes dhe inteligjenc\u00ebs jan\u00eb nisur n\u00eb Uashington, pas d\u00ebshtimit t\u00eb bisedimeve p\u00ebr marr\u00ebveshjen b\u00ebrthamore t\u00eb Iranit.<\/span><\/p>\n<p><span style=\"color: #000000;\">Izraeli ka shikuar me shqet\u00ebsim teksa fuqit\u00eb per\u00ebndimore u takuan me Iranin p\u00ebr t\u00eb biseduar p\u00ebr marr\u00ebveshjen b\u00ebrthamore t\u00eb vitit 2015. N\u00eb rundin e ri t\u00eb bisedimeve q\u00eb u mbajt\u00ebn k\u00ebt\u00eb jav\u00eb n\u00eb Vjen\u00eb t\u00eb Austris\u00eb, Irani sugjeroi se gjith\u00e7ka q\u00eb \u00ebsht\u00eb diskutuar n\u00eb rundet paraprake, duhet t\u00eb rinegociohen. Irani po ashtu nuk po ngadal\u00ebson p\u00ebrparimet n\u00eb programin e tij b\u00ebrthamor, duke v\u00ebn\u00eb edhe m\u00eb tej n\u00eb rrezik bisedimet, q\u00eb shihen si vendimtare p\u00ebr uljen e tensioneve n\u00eb Lindjen e Mesme dhe m\u00eb gjer\u00eb, raporton REL.<\/span><\/p>\n<p><span style=\"color: #000000;\">Bisedimet n\u00eb Vjen\u00eb kishin p\u00ebr q\u00ebllim rivendosjen e kufizimeve ndaj programit b\u00ebrthamor t\u00eb Iranit. Rundi n\u00eb Vjen\u00eb, q\u00eb u mbajt k\u00ebt\u00eb jav\u00eb, ishte rundi i par\u00eb i bisedimeve pas pes\u00eb muajsh pauz\u00eb.<\/span><\/p>\n<p><span style=\"color: #000000;\">Izraeli kund\u00ebrshton marr\u00ebveshjen b\u00ebrthamore me Iranin, duke th\u00ebn\u00eb se pakti nuk ofron kufizime t\u00eb mjaftueshme ndaj programit b\u00ebrthamor t\u00eb Teheranit dhe nuk adreson p\u00ebrfshirjen ushtarake t\u00eb Iranit n\u00eb shtetet q\u00eb jan\u00eb n\u00eb kufi me Izraelin.<\/span><\/p>\n<p><span style=\"color: #000000;\">\u201cI b\u00ebj thirrje \u00e7do shteti q\u00eb negocion me Iranin n\u00eb Vjen\u00eb q\u00eb t\u00eb ket\u00eb qasje t\u00eb ashp\u00ebr dhe t\u2019ia b\u00ebj\u00eb t\u00eb qart\u00eb Iranin se nuk mund t\u00eb pasuroj\u00eb uranium dhe t\u00eb negocioj\u00eb n\u00eb t\u00eb nj\u00ebjt\u00ebn koh\u00eb\u201d, tha Bennet.<\/span><\/p>\n<p><span style=\"color: #000000;\">\u201cIrani duhet t\u00eb paguaj\u00eb \u00e7mim p\u00ebr shkeljet e tij\u201d, shtoi ai.<\/span><\/p>\n<p><span style=\"color: #000000;\">Izraeli nuk \u00ebsht\u00eb pjes\u00eb e bisedimeve, por ka treguar gatishm\u00ebri q\u00eb t\u00eb ket\u00eb linja komunikimi me aleat\u00ebt evropian\u00eb dhe amerikan\u00eb gjat\u00eb bisedimeve, q\u00eb rinis\u00ebn n\u00eb Vjen\u00eb.<\/span><\/p>\n<p><span style=\"color: #000000;\">Shefi i inteligjenc\u00ebs s\u00eb Izraelit, David Barnea \u00ebsht\u00eb nisur p\u00ebr n\u00eb Uashington, nd\u00ebrkaq ministri i Mbrojtjes, Benny Gantz do t\u00eb q\u00ebndroj\u00eb n\u00eb SHBA jav\u00ebn e ardhshme, p\u00ebr takime me homologun e tij amerikan, Lloyd Austin dhe Sekretarin amerikan t\u00eb Shtetit, Antony Blinken. Nd\u00ebrkaq, ministri i Jasht\u00ebm izraelit, Yair Lapid jav\u00ebn e kaluar ishte n\u00eb Lond\u00ebr dhe Paris p\u00ebr t\u00eb diskutuar lidhur me bisedimet b\u00ebrthamore me aleat\u00ebt evropian\u00eb.<\/span><\/p>\n<p>&nbsp;<\/p>\n","protected":false,"gt_translate_keys":[{"key":"rendered","format":"html"}]},"excerpt":{"rendered":"<p>Kryeministri i Izraelit, Naftali Bennett m\u00eb 5 dhjetor u b\u00ebri thirrje fuqive per\u00ebndimore q\u00eb t\u00eb ken\u00eb nj\u00eb q\u00ebndrim m\u00eb t\u00eb ashp\u00ebr ndaj Iranit n\u00eb bisedimet p\u00ebr t\u00eb frenuar programin b\u00ebrthamor t\u00eb Teheranit. K\u00ebto komente ai i b\u00ebri teksa zyrtar\u00ebt kryesor\u00eb izraelit\u00eb t\u00eb mbrojtjes dhe inteligjenc\u00ebs jan\u00eb nisur n\u00eb Uashington, pas d\u00ebshtimit t\u00eb bisedimeve p\u00ebr marr\u00ebveshjen [&hellip;]<\/p>\n","protected":false,"gt_translate_keys":[{"key":"rendered","format":"html"}]},"author":32,"featured_media":456469,"comment_status":"closed","ping_status":"closed","sticky":false,"template":"","format":"standard","meta":{"footnotes":""},"categories":[6,13],"tags":[],"class_list":["post-489388","post","type-post","status-publish","format-standard","has-post-thumbnail","hentry","category-nderkombetare","category-te-fundit"],"gt_translate_keys":[{"key":"link","format":"url"}],"_links":{"self":[{"href":"https:\/\/www.hashtag.al\/index.php\/wp-json\/wp\/v2\/posts\/489388","targetHints":{"allow":["GET"]}}],"collection":[{"href":"https:\/\/www.hashtag.al\/index.php\/wp-json\/wp\/v2\/posts"}],"about":[{"href":"https:\/\/www.hashtag.al\/index.php\/wp-json\/wp\/v2\/types\/post"}],"author":[{"embeddable":true,"href":"https:\/\/www.hashtag.al\/index.php\/wp-json\/wp\/v2\/users\/32"}],"replies":[{"embeddable":true,"href":"https:\/\/www.hashtag.al\/index.php\/wp-json\/wp\/v2\/comments?post=489388"}],"version-history":[{"count":0,"href":"https:\/\/www.hashtag.al\/index.php\/wp-json\/wp\/v2\/posts\/489388\/revisions"}],"wp:featuredmedia":[{"embeddable":true,"href":"https:\/\/www.hashtag.al\/index.php\/wp-json\/wp\/v2\/media\/456469"}],"wp:attachment":[{"href":"https:\/\/www.hashtag.al\/index.php\/wp-json\/wp\/v2\/media?parent=489388"}],"wp:term":[{"taxonomy":"category","embeddable":true,"href":"https:\/\/www.hashtag.al\/index.php\/wp-json\/wp\/v2\/categories?post=489388"},{"taxonomy":"post_tag","embeddable":true,"href":"https:\/\/www.hashtag.al\/index.php\/wp-json\/wp\/v2\/tags?post=489388"}],"curies":[{"name":"wp","href":"https:\/\/api.w.org\/{rel}","templated":true}]}}