{"id":489011,"date":"2021-12-04T08:28:14","date_gmt":"2021-12-04T07:28:14","guid":{"rendered":"https:\/\/www.hashtag.al\/?p=489011"},"modified":"2021-12-03T22:38:42","modified_gmt":"2021-12-03T21:38:42","slug":"kryeministri-cek-zbulon-atentatin-donin-te-me-vrisnin-per-shkak-te-masave-te-ashpra-kunder-pandemise","status":"publish","type":"post","link":"https:\/\/www.hashtag.al\/index.php\/2021\/12\/04\/kryeministri-cek-zbulon-atentatin-donin-te-me-vrisnin-per-shkak-te-masave-te-ashpra-kunder-pandemise\/","title":{"rendered":"Kryeministri \u00e7ek zbulon atentatin: Donin t\u00eb m\u00eb vrisnin p\u00ebr shkak t\u00eb masave t\u00eb ashpra kund\u00ebr pandemis\u00eb","gt_translate_keys":[{"key":"rendered","format":"text"}]},"content":{"rendered":"<p><span style=\"color: #000000;\"><img loading=\"lazy\" decoding=\"async\" class=\"aligncenter size-full wp-image-489012\" src=\"https:\/\/www.hashtag.al\/wp-content\/uploads\/2021\/12\/babisceki.png\" alt=\"\" width=\"980\" height=\"551\" srcset=\"https:\/\/www.hashtag.al\/wp-content\/uploads\/2021\/12\/babisceki.png 980w, https:\/\/www.hashtag.al\/wp-content\/uploads\/2021\/12\/babisceki-300x169.png 300w, https:\/\/www.hashtag.al\/wp-content\/uploads\/2021\/12\/babisceki-768x432.png 768w\" sizes=\"auto, (max-width: 980px) 100vw, 980px\" \/><\/span><\/p>\n<p><span style=\"color: #000000;\">Kryeministri n\u00eb largim i Republik\u00ebs \u00c7eke ka th\u00ebn\u00eb se nj\u00eb burr\u00eb i armatosur i cili ishte kund\u00ebr kufizimeve t\u00eb Covid-19 tentoi ta vriste, por u kap nga forcat e siguris\u00eb n\u00eb zyr\u00ebn e qeveris\u00eb.<\/span><\/p>\n<p><span style=\"color: #000000;\">N\u00eb nj\u00eb video t\u00eb postuar n\u00eb faqen e tij n\u00eb Facebook t\u00eb enjten, Andrej Babis tha se policia kishte penguar nj\u00eb atentat ndaj tij.<\/span><\/p>\n<p><span style=\"color: #000000;\"><em>\u201cDje n\u00eb godin\u00ebn e qeveris\u00eb erdhi nj\u00eb kund\u00ebrshtar i kufizimeve t\u00eb pandemis\u00eb dhe donte t\u00eb m\u00eb sulmonte, pasi mbante nj\u00eb kam\u00eb dhe nj\u00eb pistolet\u00eb. Policia e ndaloi n\u00eb hyrje t\u00eb saj\u201d<\/em>, tha ai.<\/span><\/p>\n<p><span style=\"color: #000000;\">Kryeministri m\u00eb pas ngriti nj\u00eb foto q\u00eb tregonte sendet e supozuara t\u00eb njeriut p\u00ebr t\u00eb cilin ai pretendonte se kishte mb\u00ebrritur n\u00eb nd\u00ebrtes\u00ebn e qeveris\u00eb me q\u00ebllimin p\u00ebr ta vrar\u00eb.<\/span><\/p>\n<p><span style=\"color: #000000;\">Kryeministri n\u00eb detyr\u00eb tha se autori idyshuar nuk ishte i vetmi person q\u00eb e k\u00ebrc\u00ebnonte dhe m\u00eb pas tregoi historin\u00eb e atentatit, por pyeti pse njer\u00ebzit nuk ishin n\u00eb gjendje t\u00eb p\u00ebrballonin faktet. Babis tha se autoritetet po b\u00ebnin gjith\u00e7ka q\u00eb mundeshin p\u00ebr t\u00eb shp\u00ebtuar jet\u00eb.<\/span><\/p>\n<p><span style=\"color: #000000;\"><em>\u201cNe t\u00eb gjith\u00eb e b\u00ebjm\u00eb k\u00ebt\u00eb p\u00ebr njer\u00ebzit. Apo nuk besoni se ky virus vret njer\u00ebzit? Nuk besoni se vaksina mbron?\u201d<\/em> ai pyeti.<\/span><\/p>\n<p><span style=\"color: #000000;\">Nj\u00eb z\u00ebdh\u00ebn\u00ebs i policis\u00eb tha se ka nisur nj\u00eb hetim.<\/span><\/p>\n<p><span style=\"color: #000000;\"><em>\u201cSh\u00ebrbimi i siguris\u00eb arrestoi nj\u00eb burr\u00eb me disa arm\u00eb. Deri m\u00eb tani, nuk kam asnj\u00eb informacion t\u00eb m\u00ebtejsh\u00ebm n\u00ebse ishte nj\u00eb arm\u00eb lod\u00ebr apo e v\u00ebrtet\u00eb\u201d<\/em>, vuri n\u00eb dukje z\u00ebdh\u00ebn\u00ebsi.<\/span><\/p>\n<p><span style=\"color: #000000;\">Babis do t\u00eb largohet s\u00eb shpejti nga detyra, pasi presidenti Milos Zeman ka em\u00ebruar Petr Fiala si kryeminist\u00ebr t\u00eb Republik\u00ebs \u00c7eke t\u00eb diel\u00ebn pas zgjedhjeve t\u00eb tetorit. Babis ka sh\u00ebrbyer si kryeminist\u00ebr q\u00eb nga viti 2017.<\/span><\/p>\n","protected":false,"gt_translate_keys":[{"key":"rendered","format":"html"}]},"excerpt":{"rendered":"<p>Kryeministri n\u00eb largim i Republik\u00ebs \u00c7eke ka th\u00ebn\u00eb se nj\u00eb burr\u00eb i armatosur i cili ishte kund\u00ebr kufizimeve t\u00eb Covid-19 tentoi ta vriste, por u kap nga forcat e siguris\u00eb n\u00eb zyr\u00ebn e qeveris\u00eb. N\u00eb nj\u00eb video t\u00eb postuar n\u00eb faqen e tij n\u00eb Facebook t\u00eb enjten, Andrej Babis tha se policia kishte penguar nj\u00eb [&hellip;]<\/p>\n","protected":false,"gt_translate_keys":[{"key":"rendered","format":"html"}]},"author":51,"featured_media":489012,"comment_status":"closed","ping_status":"closed","sticky":false,"template":"","format":"standard","meta":{"footnotes":""},"categories":[53],"tags":[],"class_list":["post-489011","post","type-post","status-publish","format-standard","has-post-thumbnail","hentry","category-fast-foodi"],"gt_translate_keys":[{"key":"link","format":"url"}],"_links":{"self":[{"href":"https:\/\/www.hashtag.al\/index.php\/wp-json\/wp\/v2\/posts\/489011","targetHints":{"allow":["GET"]}}],"collection":[{"href":"https:\/\/www.hashtag.al\/index.php\/wp-json\/wp\/v2\/posts"}],"about":[{"href":"https:\/\/www.hashtag.al\/index.php\/wp-json\/wp\/v2\/types\/post"}],"author":[{"embeddable":true,"href":"https:\/\/www.hashtag.al\/index.php\/wp-json\/wp\/v2\/users\/51"}],"replies":[{"embeddable":true,"href":"https:\/\/www.hashtag.al\/index.php\/wp-json\/wp\/v2\/comments?post=489011"}],"version-history":[{"count":0,"href":"https:\/\/www.hashtag.al\/index.php\/wp-json\/wp\/v2\/posts\/489011\/revisions"}],"wp:featuredmedia":[{"embeddable":true,"href":"https:\/\/www.hashtag.al\/index.php\/wp-json\/wp\/v2\/media\/489012"}],"wp:attachment":[{"href":"https:\/\/www.hashtag.al\/index.php\/wp-json\/wp\/v2\/media?parent=489011"}],"wp:term":[{"taxonomy":"category","embeddable":true,"href":"https:\/\/www.hashtag.al\/index.php\/wp-json\/wp\/v2\/categories?post=489011"},{"taxonomy":"post_tag","embeddable":true,"href":"https:\/\/www.hashtag.al\/index.php\/wp-json\/wp\/v2\/tags?post=489011"}],"curies":[{"name":"wp","href":"https:\/\/api.w.org\/{rel}","templated":true}]}}