{"id":488874,"date":"2021-12-03T11:48:46","date_gmt":"2021-12-03T10:48:46","guid":{"rendered":"https:\/\/www.hashtag.al\/?p=488874"},"modified":"2021-12-03T11:49:46","modified_gmt":"2021-12-03T10:49:46","slug":"publikohet-fotoja-e-rralle-e-sali-berishes-me-enver-hoxhen","status":"publish","type":"post","link":"https:\/\/www.hashtag.al\/index.php\/2021\/12\/03\/publikohet-fotoja-e-rralle-e-sali-berishes-me-enver-hoxhen\/","title":{"rendered":"Publikohet fotoja e rrall\u00eb e Sali Berish\u00ebs me Enver Hoxh\u00ebn","gt_translate_keys":[{"key":"rendered","format":"text"}]},"content":{"rendered":"<p><span style=\"color: #000000;\"><img loading=\"lazy\" decoding=\"async\" class=\"aligncenter size-full wp-image-488875\" src=\"https:\/\/www.hashtag.al\/wp-content\/uploads\/2021\/12\/berisha-Enver-Hoxha.jpg\" alt=\"\" width=\"780\" height=\"440\" srcset=\"https:\/\/www.hashtag.al\/wp-content\/uploads\/2021\/12\/berisha-Enver-Hoxha.jpg 780w, https:\/\/www.hashtag.al\/wp-content\/uploads\/2021\/12\/berisha-Enver-Hoxha-300x169.jpg 300w, https:\/\/www.hashtag.al\/wp-content\/uploads\/2021\/12\/berisha-Enver-Hoxha-768x433.jpg 768w\" sizes=\"auto, (max-width: 780px) 100vw, 780px\" \/><\/span><\/p>\n<p><span style=\"color: #000000;\">\u00cbsht\u00eb publikuar p\u00ebr her\u00eb t\u00eb par\u00eb fotoja e Sali Berish\u00ebs gjat\u00eb nj\u00eb ceremonie private n\u00eb sht\u00ebpin\u00eb e diktatorit Enver Hoxha.<\/span><\/p>\n<p><span style=\"color: #000000;\">Fotoja \u00ebsht\u00eb <span style=\"color: #0000ff;\"><a style=\"color: #0000ff;\" href=\"https:\/\/www.gazetatema.net\/2021\/12\/02\/foto-publikohet-foto-e-rralle-e-sali-berishes-me-enver-hoxhen-mero-baze-pasardhesi-besnik-i-tij-kunder-shba\/\">publikuar<\/a><\/span> nga botuesi i Gazeta TemA, Mero Baze i cili e p\u00ebrshkruan Berish\u00ebn si \u201c<em>pasardh\u00ebsi m\u00eb besnik i Hoxh\u00ebs, sidomos n\u00eb luft\u00ebn kund\u00ebr pranis\u00eb amerikane n\u00eb Shqip\u00ebri<\/em>\u201d.<\/span><\/p>\n<p><span style=\"color: #000000;\">\u201c<em>Ju k\u00ebrkoj ndjes\u00eb q\u00eb po postoj nj\u00eb foto t\u00eb Enver Hoxh\u00ebs, por nuk i ndaja dot. \u00cbsht\u00eb pasardh\u00ebsi m\u00eb besnik i tij n\u00eb shum\u00eb drejtime, por sidomos n\u00eb luft\u00ebn kund\u00ebr pranis\u00eb amerikane n\u00eb Shqip\u00ebri.\u201d-<\/em>shkruan Baze.<\/span><\/p>\n<p><span style=\"color: #000000;\">Fotoja \u00ebsht\u00eb n\u00eb hollin e sht\u00ebpis\u00eb s\u00eb Enver Hoxh\u00ebs. N\u00eb mur mund t\u00eb dallohet edhe nj\u00eb portret piktur\u00eb t\u00eb Nexhmije Hoxh\u00ebs dhe momenti kur Enver Hoxha ka hyr\u00eb n\u00eb holl t\u2019i p\u00ebrsh\u00ebndes\u00eb.<\/span><\/p>\n<p><span style=\"color: #000000;\">Berisha shihet i buz\u00ebqeshur teksa diktatori Hoxha p\u00ebrsh\u00ebndet me \u201cgrushtin komunist\u201d.<\/span><\/p>\n<p><span style=\"color: #000000;\">Edhe kreu i PD-s\u00eb Lulzim Basha e komentoi n\u00eb emisionin \u201cReal Story\u201d foton e publikuar ku tha se dekomunistizimi nuk \u00ebsht\u00eb \u00e7\u00ebshtje fotosh, nd\u00ebrsa u shpreh se nj\u00eb grup deputet\u00ebsh demokrat\u00eb kan\u00eb marr\u00eb nj\u00eb iniciativ\u00eb p\u00ebr dekomunistizimin q\u00eb ka mb\u00ebshtetjen e tij.<\/span><\/p>\n<p><span style=\"color: #000000;\">\u201c<em>\u00c7\u00ebshtja e dekomunistizmit t\u00eb shoq\u00ebris\u00eb shqiptare nuk \u00ebsht\u00eb \u00e7\u00ebshtje fotosh, \u00ebsht\u00eb m\u00eb e thell\u00eb. N\u00eb \u00c7eki, Hungari, ndarja me komunizmin \u00ebsht\u00eb b\u00ebr\u00eb me ligj. K\u00ebtu kan\u00eb d\u00ebshtuar. Ajo q\u00eb mund tju konfirmoj \u00ebsht\u00eb q\u00eb jo vet\u00ebm nj\u00eb grup deputet\u00ebsh t\u00eb PD-s\u00eb q\u00eb vijn\u00eb nga t\u00eb p\u00ebrndjekurit, t\u00eb cil\u00ebt kan\u00eb sot m\u00eb shum\u00eb p\u00ebrfaq\u00ebsues n\u00eb PD, kan\u00eb marr\u00eb nj\u00eb iniciativ\u00eb q\u00eb ka mb\u00ebshtetjen time t\u00eb plot\u00eb p\u00ebr dekomunistizimin. M\u00eb mir\u00eb von\u00eb se sa kurr\u00eb<\/em>\u201d, tha Basha.<\/span><\/p>\n<p><span style=\"color: #000000;\">P\u00ebr foton ka reaguar edhe ish-mjeku personal i Enver Hoxh\u00ebs n\u00eb ato koh\u00eb duke treguar rrethanat n\u00eb t\u00eb cilat \u00ebsht\u00eb shkrepur.<\/span><\/p>\n<p><span style=\"color: #000000;\">\u201cN\u00eb foton ku duken Enveri dhe Nexhmije Hoxha n\u00eb ecje\u00a0 e sip\u00ebr dhe nj\u00ebkoh\u00ebsisht\u00a0 Dr Berisha n\u00eb sfond, ky ka qen\u00eb aty po ashtu i ftuar personalisht bashke me t\u00eb ftuarit e tjer\u00eb nga Liljana dhe i shoqi n\u00eb ambientin familjar t\u00eb sht\u00ebpis\u00eb se tyre n\u00eb Bllok thjesht p\u00ebr urim, p\u00ebr ti uruar dit\u00eblindjen e saj.<\/span><\/p>\n<p><span style=\"color: #000000;\">Koincidoi q\u00eb\u00a0 Enveri me t\u00eb shoqen erdh\u00ebn gjithashtu n\u00eb at\u00eb moment p\u00ebr t\u00eb uruar t\u00eb ren\u00eb\u201d-shkruan n\u00eb reagim Kalo, p\u00ebrcjell\u00eb nga <span style=\"color: #0000ff;\"><a style=\"color: #0000ff;\" href=\"https:\/\/www.gazetatema.net\/2021\/12\/02\/reagimi-isuf-kalo-e-verteta-e-fotos-se-berishes-me-enver-hoxhen-dhe-fotove-ne-pogradec\/?fbclid=IwAR2CIR0EGU318--EgSoKIFvPZ4VcHA96XZvQNSgeo4dBCDNxc1LnfxW6jHw\">Gazeta TemA<\/a><\/span>.<\/span><\/p>\n<p><span style=\"color: #000000;\">Kalo thot\u00eb se Berisha ka njohje personale me t\u00eb ren\u00eb e Berish\u00ebs, Liljan\u00ebn e cila ka qen\u00eb kryeredaktore n\u00eb revist\u00ebn \u201c Shkenca dhe Jeta\u201d n\u00eb t\u00eb cil\u00ebn Berisha ishte an\u00ebtar aktiv i kolegjiumit.<\/span><\/p>\n<p><span style=\"color: #000000;\">\u201c<em>Arsyeja e prezenc\u00ebs se Dr.Sali Berish\u00ebs n\u00eb to, ka qen\u00eb kryesisht njohja e tij personale me t\u00eb ren\u00eb e Enverit, Liljana Hoxh\u00ebn e cila ishte aso koh\u00eb kryeredaktore e revist\u00ebs se at\u00ebrheshme \u201cShkenca dhe Jeta\u201d, n\u00eb t\u00eb cil\u00ebn Dr.Berisha ishte nj\u00ebri prej an\u00ebtar\u00ebve aktiv t\u00eb kolegjiumit<\/em>\u201d-vijon n\u00eb reagim Kalo.\/<strong>Hashtag.al<\/strong><\/span><\/p>\n","protected":false,"gt_translate_keys":[{"key":"rendered","format":"html"}]},"excerpt":{"rendered":"<p>\u00cbsht\u00eb publikuar p\u00ebr her\u00eb t\u00eb par\u00eb fotoja e Sali Berish\u00ebs gjat\u00eb nj\u00eb ceremonie private n\u00eb sht\u00ebpin\u00eb e diktatorit Enver Hoxha. Fotoja \u00ebsht\u00eb publikuar nga botuesi i Gazeta TemA, Mero Baze i cili e p\u00ebrshkruan Berish\u00ebn si \u201cpasardh\u00ebsi m\u00eb besnik i Hoxh\u00ebs, sidomos n\u00eb luft\u00ebn kund\u00ebr pranis\u00eb amerikane n\u00eb Shqip\u00ebri\u201d. \u201cJu k\u00ebrkoj ndjes\u00eb q\u00eb po postoj [&hellip;]<\/p>\n","protected":false,"gt_translate_keys":[{"key":"rendered","format":"html"}]},"author":32,"featured_media":488875,"comment_status":"closed","ping_status":"closed","sticky":false,"template":"","format":"standard","meta":{"footnotes":""},"categories":[22,13],"tags":[603,614,75],"class_list":["post-488874","post","type-post","status-publish","format-standard","has-post-thumbnail","hentry","category-ballina","category-te-fundit","tag-berisha","tag-enver-hoxha","tag-foto"],"gt_translate_keys":[{"key":"link","format":"url"}],"_links":{"self":[{"href":"https:\/\/www.hashtag.al\/index.php\/wp-json\/wp\/v2\/posts\/488874","targetHints":{"allow":["GET"]}}],"collection":[{"href":"https:\/\/www.hashtag.al\/index.php\/wp-json\/wp\/v2\/posts"}],"about":[{"href":"https:\/\/www.hashtag.al\/index.php\/wp-json\/wp\/v2\/types\/post"}],"author":[{"embeddable":true,"href":"https:\/\/www.hashtag.al\/index.php\/wp-json\/wp\/v2\/users\/32"}],"replies":[{"embeddable":true,"href":"https:\/\/www.hashtag.al\/index.php\/wp-json\/wp\/v2\/comments?post=488874"}],"version-history":[{"count":0,"href":"https:\/\/www.hashtag.al\/index.php\/wp-json\/wp\/v2\/posts\/488874\/revisions"}],"wp:featuredmedia":[{"embeddable":true,"href":"https:\/\/www.hashtag.al\/index.php\/wp-json\/wp\/v2\/media\/488875"}],"wp:attachment":[{"href":"https:\/\/www.hashtag.al\/index.php\/wp-json\/wp\/v2\/media?parent=488874"}],"wp:term":[{"taxonomy":"category","embeddable":true,"href":"https:\/\/www.hashtag.al\/index.php\/wp-json\/wp\/v2\/categories?post=488874"},{"taxonomy":"post_tag","embeddable":true,"href":"https:\/\/www.hashtag.al\/index.php\/wp-json\/wp\/v2\/tags?post=488874"}],"curies":[{"name":"wp","href":"https:\/\/api.w.org\/{rel}","templated":true}]}}