{"id":488839,"date":"2021-12-03T09:54:18","date_gmt":"2021-12-03T08:54:18","guid":{"rendered":"https:\/\/www.hashtag.al\/?p=488839"},"modified":"2021-12-03T10:17:45","modified_gmt":"2021-12-03T09:17:45","slug":"belgjika-kerkoi-procedimin-penal-te-bashes-per-ceshtjen-toyota-yaris","status":"publish","type":"post","link":"https:\/\/www.hashtag.al\/index.php\/2021\/12\/03\/belgjika-kerkoi-procedimin-penal-te-bashes-per-ceshtjen-toyota-yaris\/","title":{"rendered":"Belgjika k\u00ebrkoi procedimin penal t\u00eb Bash\u00ebs p\u00ebr \u00e7\u00ebshtjen \u201cToyota Yaris\u201d","gt_translate_keys":[{"key":"rendered","format":"text"}]},"content":{"rendered":"<p><span style=\"color: #000000;\"><img loading=\"lazy\" decoding=\"async\" class=\"aligncenter size-full wp-image-488840\" src=\"https:\/\/www.hashtag.al\/wp-content\/uploads\/2021\/12\/Lulzim-Basha-4.jpg\" alt=\"\" width=\"1200\" height=\"675\" srcset=\"https:\/\/www.hashtag.al\/wp-content\/uploads\/2021\/12\/Lulzim-Basha-4.jpg 1200w, https:\/\/www.hashtag.al\/wp-content\/uploads\/2021\/12\/Lulzim-Basha-4-300x169.jpg 300w, https:\/\/www.hashtag.al\/wp-content\/uploads\/2021\/12\/Lulzim-Basha-4-1024x576.jpg 1024w, https:\/\/www.hashtag.al\/wp-content\/uploads\/2021\/12\/Lulzim-Basha-4-768x432.jpg 768w\" sizes=\"auto, (max-width: 1200px) 100vw, 1200px\" \/><\/span><\/p>\n<p><span style=\"color: #000000;\">Kreu i Partis\u00eb Demokratike, Lulzim Basha \u00ebsht\u00eb v\u00ebn\u00eb n\u00eb presion dit\u00ebt e fundit lidhur me dosjen \u201cToyota Yaris\u201d si nga shumica socialiste q\u00eb ia p\u00ebrmend n\u00eb parlament por edhe nga \u201cFoltorja\u201d e Sali Berish\u00ebs.<\/span><\/p>\n<p><span style=\"color: #000000;\">Syri TV publikoi mbr\u00ebmjen e djeshme disa dokumente t\u00eb prokuroris\u00eb p\u00ebr \u00e7\u00ebshtjen miliona eurove q\u00eb transportoheshin me \u201cToyota Yaris\u201d t\u00eb cilat u kap\u00ebn n\u00eb Durr\u00ebs.<\/span><\/p>\n<p><span style=\"color: #000000;\">N\u00eb dokument thuhet se Basha ka dh\u00ebn\u00eb d\u00ebshmi n\u00eb Prokurorin\u00eb e Krimeve t\u00eb r\u00ebnda ku ka p\u00ebrs\u00ebritur deklarat\u00ebne\u00a0 dh\u00ebn\u00eb n\u00eb parlament po nuk ka zbuluar burimin.<\/span><\/p>\n<p><span style=\"color: #000000;\">Nd\u00ebrsa m\u00eb tej n\u00eb k\u00ebto dokumente thuhet se Basha nuk i \u00ebsht\u00eb p\u00ebrgjigjur k\u00ebrkesave p\u00ebr t\u00eb d\u00ebshmuar p\u00ebrpara autoriteteve belge duke mos dh\u00ebn\u00eb asnj\u00eb shpjegim.<\/span><\/p>\n<p><span style=\"color: #000000;\">Basha n\u00eb reagimin e tij pas daljes s\u00eb k\u00ebtyre dokumenteve tha se \u00ebsht\u00eb i gatsh\u00ebm t\u00eb shkoj\u00eb drejt Brukselit dhe t\u00eb jap\u00eb \u00e7do deklarim, por q\u00eb e ka dh\u00ebn\u00eb nj\u00eb d\u00ebshmi n\u00eb SPAK edhe para zyrtar\u00ebve belg\u00eb.<\/span><\/p>\n<p><span style=\"color: #000000;\"><em>\u201cLulzim Basha n\u00eb dat\u00ebn 21 qershor 2018 ka b\u00ebr\u00eb nj\u00eb deklarat\u00eb para parlamentit shqiptar ku ka lajm\u00ebruar mb\u00ebrritjen e fondeve n\u00eb cash, fonde t\u00eb cilat u bllokuan n\u00eb dat\u00ebn 24.06.2018 n\u00eb Durr\u00ebs dhe ka akuzuar deputetin Taulant Balla dhe dy parlamentar\u00eb t\u00eb tjer\u00eb, Ulsi Manja dhe Jurgis \u00c7yrbja se jan\u00eb k\u00ebta persona n\u00eb origjin\u00eb t\u00eb d\u00ebrgimit t\u00eb k\u00ebtyre fondeve n\u00eb lidhje me krimin e organizuar.<\/em><\/span><\/p>\n<p><span style=\"color: #000000;\"><em><img loading=\"lazy\" decoding=\"async\" class=\"aligncenter size-full wp-image-488841\" src=\"https:\/\/www.hashtag.al\/wp-content\/uploads\/2021\/12\/auto_Basha_data1638477419.jpg\" alt=\"\" width=\"900\" height=\"423\" srcset=\"https:\/\/www.hashtag.al\/wp-content\/uploads\/2021\/12\/auto_Basha_data1638477419.jpg 900w, https:\/\/www.hashtag.al\/wp-content\/uploads\/2021\/12\/auto_Basha_data1638477419-300x141.jpg 300w, https:\/\/www.hashtag.al\/wp-content\/uploads\/2021\/12\/auto_Basha_data1638477419-768x361.jpg 768w\" sizes=\"auto, (max-width: 900px) 100vw, 900px\" \/><\/em><\/span><\/p>\n<p><span style=\"color: #000000;\"><em>Zoti Basha \u00ebsht\u00eb d\u00ebgjuar edhe si d\u00ebshmitar n\u00eb Tiran\u00eb n\u00eb dat\u00ebn 25 korrik 2019, n\u00eb kuadrin e ekzekutimit t\u00eb let\u00ebrporosis\u00eb ton\u00eb t\u00eb ndihm\u00ebs s\u00eb nd\u00ebrsjellt\u00a0t\u00eb 30 prillit 2019 n\u00eb pranin\u00eb e dy an\u00ebtar\u00ebve t\u00eb Prokuroris\u00eb s\u00eb Krimeve t\u00eb R\u00ebnda. Ai io ka p\u00ebrs\u00ebritur aty fjal\u00ebt e th\u00ebna n\u00eb Parlament, por ka refuzuar t\u00eb jap\u00eb shpjegime n\u00eb dataje (nd\u00ebr t\u00eb tjera t\u00eb identifikoj\u00eb burimet) duke afirmuar se i ruan detajet p\u00ebr drejt\u00ebsin\u00eb belge n\u00eb kuadrin e nj\u00eb interviste t\u00eb m\u00ebvon\u00ebshme p\u00ebr t\u00eb cil\u00ebn ka th\u00ebn\u00eb se \u00ebsht\u00eb i gatsh\u00ebm ta jap\u00eb\u00a0n\u00eb Belgjik\u00eb.<\/em><\/span><\/p>\n<p><span style=\"color: #000000;\"><em><img loading=\"lazy\" decoding=\"async\" class=\"aligncenter size-full wp-image-488842\" src=\"https:\/\/www.hashtag.al\/wp-content\/uploads\/2021\/12\/auto_Basha_datat1638477438.jpg\" alt=\"\" width=\"900\" height=\"416\" srcset=\"https:\/\/www.hashtag.al\/wp-content\/uploads\/2021\/12\/auto_Basha_datat1638477438.jpg 900w, https:\/\/www.hashtag.al\/wp-content\/uploads\/2021\/12\/auto_Basha_datat1638477438-300x139.jpg 300w, https:\/\/www.hashtag.al\/wp-content\/uploads\/2021\/12\/auto_Basha_datat1638477438-768x355.jpg 768w\" sizes=\"auto, (max-width: 900px) 100vw, 900px\" \/><\/em><\/span><\/p>\n<p><span style=\"color: #000000;\"><em>Basha \u00ebsht\u00eb thirrur disa her\u00eb nga ana e prokuror\u00ebve dhe hetuesve belg\u00eb q\u00eb t\u00eb rid\u00ebgjohej si d\u00ebshmitar n\u00eb Bruksel, por nuk \u00ebsht\u00eb paraqitur dhe nuk ka d\u00ebrguar nj\u00eb justifikim bind\u00ebs n\u00eb lidhje me mungesat e tij t\u00eb p\u00ebrs\u00ebritura.\u00a0<\/em><\/span><\/p>\n<p><span style=\"color: #000000;\"><em>Thirrjet e autoriteteve belge t\u00eb datave 15.11.2019 p\u00ebr t&#8217;u paraqitur n\u00eb dat\u00ebn 9.12.2019; 21:1.2020 p\u00ebr t&#8217;u paraqitur n\u00eb dat\u00ebn 24.1.2020; 14.2;2020 p\u00ebr t&#8217;u paraqitur n\u00eb dat\u00ebn 28.02.2020; si edhe me paralajm\u00ebrimi i dat\u00ebs 3.3.2020 p\u00ebr t&#8217;u paraqitur n\u00eb dat\u00ebn 17.3.2020, kan\u00eb mbetur pa p\u00ebrgjigjke me shkrim nga ana e tij&#8221;-<\/em>thot\u00eb prokuroria belge.<\/span><\/p>\n<p><span style=\"color: #000000;\"><img loading=\"lazy\" decoding=\"async\" class=\"aligncenter size-full wp-image-488843\" src=\"https:\/\/www.hashtag.al\/wp-content\/uploads\/2021\/12\/auto_basha_datat11638477453.jpg\" alt=\"\" width=\"900\" height=\"409\" srcset=\"https:\/\/www.hashtag.al\/wp-content\/uploads\/2021\/12\/auto_basha_datat11638477453.jpg 900w, https:\/\/www.hashtag.al\/wp-content\/uploads\/2021\/12\/auto_basha_datat11638477453-300x136.jpg 300w, https:\/\/www.hashtag.al\/wp-content\/uploads\/2021\/12\/auto_basha_datat11638477453-768x349.jpg 768w\" sizes=\"auto, (max-width: 900px) 100vw, 900px\" \/><\/span><\/p>\n<p><span style=\"color: #000000;\">Duke qen\u00eb se Basha nuk i \u00ebsht\u00eb p\u00ebrgjigjur tre thirrjeve t\u00eb autoriteteve belge k\u00ebta t\u00eb fundit kan\u00eb k\u00ebrkuar procedimin e tij ose marrjen e d\u00ebshmis\u00eb edhe me detyrim n\u00ebse \u00ebsht\u00eb nevoja.<\/span><\/p>\n<p><span style=\"color: #000000;\"><img loading=\"lazy\" decoding=\"async\" class=\"aligncenter size-full wp-image-488844\" src=\"https:\/\/www.hashtag.al\/wp-content\/uploads\/2021\/12\/auto_basha11638477146.jpg\" alt=\"\" width=\"900\" height=\"408\" srcset=\"https:\/\/www.hashtag.al\/wp-content\/uploads\/2021\/12\/auto_basha11638477146.jpg 900w, https:\/\/www.hashtag.al\/wp-content\/uploads\/2021\/12\/auto_basha11638477146-300x136.jpg 300w, https:\/\/www.hashtag.al\/wp-content\/uploads\/2021\/12\/auto_basha11638477146-768x348.jpg 768w\" sizes=\"auto, (max-width: 900px) 100vw, 900px\" \/><\/span><\/p>\n<p><span style=\"color: #000000;\">Lidhur me publikimin e dokumenteve, Basha u p\u00ebrgjigj nga nj\u00eb studio televizive se ka dh\u00ebn\u00eb d\u00ebshmi t\u00eb plot\u00eb por \u00ebsht\u00eb i gatsh\u00ebm t\u00eb shkoj\u00eb edhe n\u00eb Bruksel t\u00eb jap\u00eb at\u00eb.<\/span><\/p>\n<p><span style=\"color: #000000;\">\u201c<em>Kam dh\u00ebn\u00eb d\u00ebshmin\u00eb e plot\u00eb. Jam i gatsh\u00ebm t\u00eb jap d\u00ebshmin\u00eb. D\u00ebshmia \u00ebsht\u00eb dhe n\u00eb SPAK, edhe para zyrtar\u00ebve belg\u00eb. Un\u00eb udh\u00ebtoj q\u00eb sonte drejt Brukselit dhe kam udh\u00ebtuar dhjet\u00ebra her\u00eb. P\u00ebr her\u00eb t\u00eb fundit kam qen\u00eb n\u00eb qershor. Nuk jemi n\u00eb rrafshin e trillimeve. N\u00ebse ka nevoj\u00eb t\u00eb jap d\u00ebshmi p\u00ebrs\u00ebri e jap kudo. \u00cbsht\u00eb shenj\u00eb d\u00ebshp\u00ebrimi q\u00eb p\u00ebr t\u00eb justifikuar trillimin q\u00eb Basha \u00ebsht\u00eb peng, do t\u00eb d\u00ebgjoni trillime t\u00eb tilla<\/em>\u201d-deklaroi Basha n\u00eb Ne\u00ebs 24.<\/span><\/p>\n<p><span style=\"color: #000000;\">Nd\u00ebrsa gazetari Artan Hoxha duke folur p\u00ebr \u00e7\u00ebshtjen Toytoa Yaris ka treguar se nga e ka marr\u00eb informacionin Lulzim Basha.<\/span><\/p>\n<p><span style=\"color: #000000;\">Hoxha tha se nj\u00eb ish-polic q\u00eb ishte i p\u00ebrfshir\u00eb n\u00eb operacion ia dha informacionin Bash\u00ebs p\u00ebr shkak t\u00eb njohjeve personale, por kryedemokrati nuk i q\u00ebndroi tundimit.<\/span><\/p>\n<p><span style=\"color: #000000;\">Gazetari tha n\u00eb Syri TV tha se parat\u00eb i p\u00ebrkisnin nj\u00eb grupi shqiptar trafiku kokaine q\u00eb veprojn\u00eb n\u00eb Amerik\u00ebn Latine.<\/span><\/p>\n<p><span style=\"color: #000000;\">\u201c<em>Nga informacioni q\u00eb kam un\u00eb Basha ka marr\u00eb informacionet me mir\u00ebbesim dhe nuk ka q\u00ebndruar dot tundimit. Infot jan\u00eb dh\u00ebn\u00eb nga nj\u00eb ish-polic i rangut t\u00eb lart\u00eb, q\u00eb ka njohje personale me Bash\u00ebn. Njeriu q\u00eb i ka dh\u00ebn\u00eb infon ka qen\u00eb i p\u00ebrfshir\u00eb vet\u00eb n\u00eb operacion. Ne e dim\u00eb sot t\u00eb kujt jan\u00eb ata para.<\/em><\/span><\/p>\n<p><span style=\"color: #000000;\"><em>Jan\u00eb parat\u00eb e nj\u00eb prej grupeve m\u00eb t\u00eb m\u00ebdha kriminale shqiptare n\u00eb trafik kokaine. 3.4 milion\u00eb eurot jan\u00eb nga trafiku i kokain\u00ebs i nj\u00eb grupi shqiptar q\u00eb vepron n\u00eb Amerik\u00ebn Latine. Basha ka tentuar q\u00eb t\u00eb p\u00ebrdor\u00eb historin\u00eb politikisht, pa llogaritur pasojat. Basha \u00ebsht\u00eb m\u00ebsuar q\u00eb t\u00eb mbyll\u00eb rastet me procedur\u00eb, ai do q\u00eb t\u00eb mbyll\u00eb k\u00ebt\u00eb histori me autoritetet belge. E \u00e7uditshme \u00ebsht\u00eb se pse Basha ka statusin e t\u00eb pandehurit, si t\u00eb tjer\u00ebt<\/em>\u201d- deklaroi Hoxha.\/<strong>Hashtag.al<\/strong><\/span><\/p>\n","protected":false,"gt_translate_keys":[{"key":"rendered","format":"html"}]},"excerpt":{"rendered":"<p>Kreu i Partis\u00eb Demokratike, Lulzim Basha \u00ebsht\u00eb v\u00ebn\u00eb n\u00eb presion dit\u00ebt e fundit lidhur me dosjen \u201cToyota Yaris\u201d si nga shumica socialiste q\u00eb ia p\u00ebrmend n\u00eb parlament por edhe nga \u201cFoltorja\u201d e Sali Berish\u00ebs. Syri TV publikoi mbr\u00ebmjen e djeshme disa dokumente t\u00eb prokuroris\u00eb p\u00ebr \u00e7\u00ebshtjen miliona eurove q\u00eb transportoheshin me \u201cToyota Yaris\u201d t\u00eb cilat [&hellip;]<\/p>\n","protected":false,"gt_translate_keys":[{"key":"rendered","format":"html"}]},"author":32,"featured_media":488840,"comment_status":"closed","ping_status":"closed","sticky":false,"template":"","format":"standard","meta":{"footnotes":""},"categories":[22,13],"tags":[175,627,626],"class_list":["post-488839","post","type-post","status-publish","format-standard","has-post-thumbnail","hentry","category-ballina","category-te-fundit","tag-basha","tag-belgjike","tag-toyota-yaris"],"gt_translate_keys":[{"key":"link","format":"url"}],"_links":{"self":[{"href":"https:\/\/www.hashtag.al\/index.php\/wp-json\/wp\/v2\/posts\/488839","targetHints":{"allow":["GET"]}}],"collection":[{"href":"https:\/\/www.hashtag.al\/index.php\/wp-json\/wp\/v2\/posts"}],"about":[{"href":"https:\/\/www.hashtag.al\/index.php\/wp-json\/wp\/v2\/types\/post"}],"author":[{"embeddable":true,"href":"https:\/\/www.hashtag.al\/index.php\/wp-json\/wp\/v2\/users\/32"}],"replies":[{"embeddable":true,"href":"https:\/\/www.hashtag.al\/index.php\/wp-json\/wp\/v2\/comments?post=488839"}],"version-history":[{"count":0,"href":"https:\/\/www.hashtag.al\/index.php\/wp-json\/wp\/v2\/posts\/488839\/revisions"}],"wp:featuredmedia":[{"embeddable":true,"href":"https:\/\/www.hashtag.al\/index.php\/wp-json\/wp\/v2\/media\/488840"}],"wp:attachment":[{"href":"https:\/\/www.hashtag.al\/index.php\/wp-json\/wp\/v2\/media?parent=488839"}],"wp:term":[{"taxonomy":"category","embeddable":true,"href":"https:\/\/www.hashtag.al\/index.php\/wp-json\/wp\/v2\/categories?post=488839"},{"taxonomy":"post_tag","embeddable":true,"href":"https:\/\/www.hashtag.al\/index.php\/wp-json\/wp\/v2\/tags?post=488839"}],"curies":[{"name":"wp","href":"https:\/\/api.w.org\/{rel}","templated":true}]}}