{"id":488563,"date":"2021-12-01T20:52:38","date_gmt":"2021-12-01T19:52:38","guid":{"rendered":"https:\/\/www.hashtag.al\/?p=488563"},"modified":"2021-12-01T20:52:38","modified_gmt":"2021-12-01T19:52:38","slug":"del-draft-opinioni-i-komisionit-te-venecias-per-zgjatjen-e-afateve-te-vettingut-ne-perputhje-me-standardet-evropiane","status":"publish","type":"post","link":"https:\/\/www.hashtag.al\/index.php\/2021\/12\/01\/del-draft-opinioni-i-komisionit-te-venecias-per-zgjatjen-e-afateve-te-vettingut-ne-perputhje-me-standardet-evropiane\/","title":{"rendered":"Del draft-opinioni i Komisionit t\u00eb Venecias p\u00ebr zgjatjen e afateve t\u00eb vettingut: N\u00eb p\u00ebrputhje me standardet evropiane","gt_translate_keys":[{"key":"rendered","format":"text"}]},"content":{"rendered":"<p><span style=\"color: #000000;\"><img loading=\"lazy\" decoding=\"async\" class=\"aligncenter size-full wp-image-488564\" src=\"https:\/\/www.hashtag.al\/wp-content\/uploads\/2021\/12\/1571053011_venecia.jpeg\" alt=\"\" width=\"780\" height=\"440\" srcset=\"https:\/\/www.hashtag.al\/wp-content\/uploads\/2021\/12\/1571053011_venecia.jpeg 780w, https:\/\/www.hashtag.al\/wp-content\/uploads\/2021\/12\/1571053011_venecia-300x169.jpeg 300w, https:\/\/www.hashtag.al\/wp-content\/uploads\/2021\/12\/1571053011_venecia-768x433.jpeg 768w\" sizes=\"auto, (max-width: 780px) 100vw, 780px\" \/><\/span><\/p>\n<p><span style=\"color: #000000;\">Komisioni i Venecias ka dal\u00eb me nj\u00eb draft-opinion mbi k\u00ebrkes\u00ebn e Partis\u00eb Socialiste p\u00ebr zgjatjen e mandatit t\u00eb organeve t\u00eb vettingut deri n\u00eb vitin 2024.<\/span><\/p>\n<p><span style=\"color: #000000;\"><span style=\"color: #0000ff;\"><a style=\"color: #0000ff;\" href=\"https:\/\/www.balkanweb.com\/zbardhet-draft-opinioni-i-venecias-per-afatet-e-vettingut-propozimi-i-maxhorances-ne-perputhje-me-standardet-evropiane\/\">News 24<\/a> <\/span>ka zbardhur pjes\u00eb t\u00eb projekt-opinion ku thuhet se projektligji \u00ebsht\u00eb n\u00eb p\u00ebrputhje me standardet evropiane.<\/span><\/p>\n<p><span style=\"color: #000000;\">\u201c<em>Komisioni arrin n\u00eb p\u00ebrfundimin se zgjatja e propozuar e mandatit deri m\u00eb 31 dhjetor 2024 mund t\u00eb konsiderohet se \u00ebsht\u00eb n\u00eb p\u00ebrputhje me standardet evropiane. Komisioni i Venecias q\u00ebndron n\u00eb dispozicion t\u00eb autoriteteve shqiptare p\u00ebr m\u00eb tej ndihm\u00eb n\u00eb k\u00ebt\u00eb \u00e7\u00ebshtje<\/em>\u201d, -thuhet n\u00eb raport.<\/span><\/p>\n<p><span style=\"color: #000000;\">Opinioni i Komisionit do diskutohet n\u00eb seanc\u00ebn e dat\u00ebs 10 dhjetor.<\/span><\/p>\n\n\t\t<style type=\"text\/css\">\n\t\t\t#gallery-1 {\n\t\t\t\tmargin: auto;\n\t\t\t}\n\t\t\t#gallery-1 .gallery-item {\n\t\t\t\tfloat: left;\n\t\t\t\tmargin-top: 10px;\n\t\t\t\ttext-align: center;\n\t\t\t\twidth: 33%;\n\t\t\t}\n\t\t\t#gallery-1 img {\n\t\t\t\tborder: 2px solid #cfcfcf;\n\t\t\t}\n\t\t\t#gallery-1 .gallery-caption {\n\t\t\t\tmargin-left: 0;\n\t\t\t}\n\t\t\t\/* see gallery_shortcode() in wp-includes\/media.php *\/\n\t\t<\/style>\n\t\t<div id='gallery-1' class='gallery galleryid-488563 gallery-columns-3 gallery-size-large'><dl class='gallery-item'>\n\t\t\t<dt class='gallery-icon portrait'>\n\t\t\t\t<a href='https:\/\/www.hashtag.al\/index.php\/2021\/12\/01\/del-draft-opinioni-i-komisionit-te-venecias-per-zgjatjen-e-afateve-te-vettingut-ne-perputhje-me-standardet-evropiane\/komisioni-europian-venecia\/'><img loading=\"lazy\" decoding=\"async\" width=\"680\" height=\"803\" src=\"https:\/\/www.hashtag.al\/wp-content\/uploads\/2021\/12\/komisioni-europian-venecia.png\" class=\"attachment-large size-large\" alt=\"\" srcset=\"https:\/\/www.hashtag.al\/wp-content\/uploads\/2021\/12\/komisioni-europian-venecia.png 680w, https:\/\/www.hashtag.al\/wp-content\/uploads\/2021\/12\/komisioni-europian-venecia-254x300.png 254w\" sizes=\"auto, (max-width: 680px) 100vw, 680px\" \/><\/a>\n\t\t\t<\/dt><\/dl><dl class='gallery-item'>\n\t\t\t<dt class='gallery-icon portrait'>\n\t\t\t\t<a href='https:\/\/www.hashtag.al\/index.php\/2021\/12\/01\/del-draft-opinioni-i-komisionit-te-venecias-per-zgjatjen-e-afateve-te-vettingut-ne-perputhje-me-standardet-evropiane\/komisioni-europian-venecia-1png\/'><img loading=\"lazy\" decoding=\"async\" width=\"680\" height=\"748\" src=\"https:\/\/www.hashtag.al\/wp-content\/uploads\/2021\/12\/komisioni-europian-venecia.-1png.png\" class=\"attachment-large size-large\" alt=\"\" srcset=\"https:\/\/www.hashtag.al\/wp-content\/uploads\/2021\/12\/komisioni-europian-venecia.-1png.png 680w, https:\/\/www.hashtag.al\/wp-content\/uploads\/2021\/12\/komisioni-europian-venecia.-1png-273x300.png 273w\" sizes=\"auto, (max-width: 680px) 100vw, 680px\" \/><\/a>\n\t\t\t<\/dt><\/dl><dl class='gallery-item'>\n\t\t\t<dt class='gallery-icon portrait'>\n\t\t\t\t<a href='https:\/\/www.hashtag.al\/index.php\/2021\/12\/01\/del-draft-opinioni-i-komisionit-te-venecias-per-zgjatjen-e-afateve-te-vettingut-ne-perputhje-me-standardet-evropiane\/komisioni-europian-venecia-2png\/'><img loading=\"lazy\" decoding=\"async\" width=\"688\" height=\"763\" src=\"https:\/\/www.hashtag.al\/wp-content\/uploads\/2021\/12\/komisioni-europian-venecia.-2png.png\" class=\"attachment-large size-large\" alt=\"\" srcset=\"https:\/\/www.hashtag.al\/wp-content\/uploads\/2021\/12\/komisioni-europian-venecia.-2png.png 688w, https:\/\/www.hashtag.al\/wp-content\/uploads\/2021\/12\/komisioni-europian-venecia.-2png-271x300.png 271w\" sizes=\"auto, (max-width: 688px) 100vw, 688px\" \/><\/a>\n\t\t\t<\/dt><\/dl><br style=\"clear: both\" \/><dl class='gallery-item'>\n\t\t\t<dt class='gallery-icon portrait'>\n\t\t\t\t<a href='https:\/\/www.hashtag.al\/index.php\/2021\/12\/01\/del-draft-opinioni-i-komisionit-te-venecias-per-zgjatjen-e-afateve-te-vettingut-ne-perputhje-me-standardet-evropiane\/komisioni-europian-venecia-3png\/'><img loading=\"lazy\" decoding=\"async\" width=\"592\" height=\"758\" src=\"https:\/\/www.hashtag.al\/wp-content\/uploads\/2021\/12\/komisioni-europian-venecia.-3png.png\" class=\"attachment-large size-large\" alt=\"\" srcset=\"https:\/\/www.hashtag.al\/wp-content\/uploads\/2021\/12\/komisioni-europian-venecia.-3png.png 592w, https:\/\/www.hashtag.al\/wp-content\/uploads\/2021\/12\/komisioni-europian-venecia.-3png-234x300.png 234w\" sizes=\"auto, (max-width: 592px) 100vw, 592px\" \/><\/a>\n\t\t\t<\/dt><\/dl><dl class='gallery-item'>\n\t\t\t<dt class='gallery-icon portrait'>\n\t\t\t\t<a href='https:\/\/www.hashtag.al\/index.php\/2021\/12\/01\/del-draft-opinioni-i-komisionit-te-venecias-per-zgjatjen-e-afateve-te-vettingut-ne-perputhje-me-standardet-evropiane\/komisioni-europian-venecia-4okpng\/'><img loading=\"lazy\" decoding=\"async\" width=\"572\" height=\"738\" src=\"https:\/\/www.hashtag.al\/wp-content\/uploads\/2021\/12\/komisioni-europian-venecia.-4okpng.png\" class=\"attachment-large size-large\" alt=\"\" srcset=\"https:\/\/www.hashtag.al\/wp-content\/uploads\/2021\/12\/komisioni-europian-venecia.-4okpng.png 572w, https:\/\/www.hashtag.al\/wp-content\/uploads\/2021\/12\/komisioni-europian-venecia.-4okpng-233x300.png 233w\" sizes=\"auto, (max-width: 572px) 100vw, 572px\" \/><\/a>\n\t\t\t<\/dt><\/dl><dl class='gallery-item'>\n\t\t\t<dt class='gallery-icon portrait'>\n\t\t\t\t<a href='https:\/\/www.hashtag.al\/index.php\/2021\/12\/01\/del-draft-opinioni-i-komisionit-te-venecias-per-zgjatjen-e-afateve-te-vettingut-ne-perputhje-me-standardet-evropiane\/komisioni-europian-venecia-5png\/'><img loading=\"lazy\" decoding=\"async\" width=\"566\" height=\"734\" src=\"https:\/\/www.hashtag.al\/wp-content\/uploads\/2021\/12\/komisioni-europian-venecia.-5png.png\" class=\"attachment-large size-large\" alt=\"\" srcset=\"https:\/\/www.hashtag.al\/wp-content\/uploads\/2021\/12\/komisioni-europian-venecia.-5png.png 566w, https:\/\/www.hashtag.al\/wp-content\/uploads\/2021\/12\/komisioni-europian-venecia.-5png-231x300.png 231w, https:\/\/www.hashtag.al\/wp-content\/uploads\/2021\/12\/komisioni-europian-venecia.-5png-380x493.png 380w\" sizes=\"auto, (max-width: 566px) 100vw, 566px\" \/><\/a>\n\t\t\t<\/dt><\/dl><br style=\"clear: both\" \/><dl class='gallery-item'>\n\t\t\t<dt class='gallery-icon portrait'>\n\t\t\t\t<a href='https:\/\/www.hashtag.al\/index.php\/2021\/12\/01\/del-draft-opinioni-i-komisionit-te-venecias-per-zgjatjen-e-afateve-te-vettingut-ne-perputhje-me-standardet-evropiane\/komisioni-europian-venecia-6png\/'><img loading=\"lazy\" decoding=\"async\" width=\"583\" height=\"756\" src=\"https:\/\/www.hashtag.al\/wp-content\/uploads\/2021\/12\/komisioni-europian-venecia.-6png.png\" class=\"attachment-large size-large\" alt=\"\" srcset=\"https:\/\/www.hashtag.al\/wp-content\/uploads\/2021\/12\/komisioni-europian-venecia.-6png.png 583w, https:\/\/www.hashtag.al\/wp-content\/uploads\/2021\/12\/komisioni-europian-venecia.-6png-231x300.png 231w, https:\/\/www.hashtag.al\/wp-content\/uploads\/2021\/12\/komisioni-europian-venecia.-6png-380x493.png 380w\" sizes=\"auto, (max-width: 583px) 100vw, 583px\" \/><\/a>\n\t\t\t<\/dt><\/dl><dl class='gallery-item'>\n\t\t\t<dt class='gallery-icon portrait'>\n\t\t\t\t<a href='https:\/\/www.hashtag.al\/index.php\/2021\/12\/01\/del-draft-opinioni-i-komisionit-te-venecias-per-zgjatjen-e-afateve-te-vettingut-ne-perputhje-me-standardet-evropiane\/komisioni-europian-venecia-7png\/'><img loading=\"lazy\" decoding=\"async\" width=\"581\" height=\"758\" src=\"https:\/\/www.hashtag.al\/wp-content\/uploads\/2021\/12\/komisioni-europian-venecia.-7png.png\" class=\"attachment-large size-large\" alt=\"\" srcset=\"https:\/\/www.hashtag.al\/wp-content\/uploads\/2021\/12\/komisioni-europian-venecia.-7png.png 581w, https:\/\/www.hashtag.al\/wp-content\/uploads\/2021\/12\/komisioni-europian-venecia.-7png-230x300.png 230w\" sizes=\"auto, (max-width: 581px) 100vw, 581px\" \/><\/a>\n\t\t\t<\/dt><\/dl>\n\t\t\t<br style='clear: both' \/>\n\t\t<\/div>\n\n","protected":false,"gt_translate_keys":[{"key":"rendered","format":"html"}]},"excerpt":{"rendered":"<p>Komisioni i Venecias ka dal\u00eb me nj\u00eb draft-opinion mbi k\u00ebrkes\u00ebn e Partis\u00eb Socialiste p\u00ebr zgjatjen e mandatit t\u00eb organeve t\u00eb vettingut deri n\u00eb vitin 2024. News 24 ka zbardhur pjes\u00eb t\u00eb projekt-opinion ku thuhet se projektligji \u00ebsht\u00eb n\u00eb p\u00ebrputhje me standardet evropiane. \u201cKomisioni arrin n\u00eb p\u00ebrfundimin se zgjatja e propozuar e mandatit deri m\u00eb 31 [&hellip;]<\/p>\n","protected":false,"gt_translate_keys":[{"key":"rendered","format":"html"}]},"author":32,"featured_media":488564,"comment_status":"closed","ping_status":"closed","sticky":false,"template":"","format":"standard","meta":{"footnotes":""},"categories":[65,13],"tags":[],"class_list":["post-488563","post","type-post","status-publish","format-standard","has-post-thumbnail","hentry","category-lajme","category-te-fundit"],"gt_translate_keys":[{"key":"link","format":"url"}],"_links":{"self":[{"href":"https:\/\/www.hashtag.al\/index.php\/wp-json\/wp\/v2\/posts\/488563","targetHints":{"allow":["GET"]}}],"collection":[{"href":"https:\/\/www.hashtag.al\/index.php\/wp-json\/wp\/v2\/posts"}],"about":[{"href":"https:\/\/www.hashtag.al\/index.php\/wp-json\/wp\/v2\/types\/post"}],"author":[{"embeddable":true,"href":"https:\/\/www.hashtag.al\/index.php\/wp-json\/wp\/v2\/users\/32"}],"replies":[{"embeddable":true,"href":"https:\/\/www.hashtag.al\/index.php\/wp-json\/wp\/v2\/comments?post=488563"}],"version-history":[{"count":0,"href":"https:\/\/www.hashtag.al\/index.php\/wp-json\/wp\/v2\/posts\/488563\/revisions"}],"wp:featuredmedia":[{"embeddable":true,"href":"https:\/\/www.hashtag.al\/index.php\/wp-json\/wp\/v2\/media\/488564"}],"wp:attachment":[{"href":"https:\/\/www.hashtag.al\/index.php\/wp-json\/wp\/v2\/media?parent=488563"}],"wp:term":[{"taxonomy":"category","embeddable":true,"href":"https:\/\/www.hashtag.al\/index.php\/wp-json\/wp\/v2\/categories?post=488563"},{"taxonomy":"post_tag","embeddable":true,"href":"https:\/\/www.hashtag.al\/index.php\/wp-json\/wp\/v2\/tags?post=488563"}],"curies":[{"name":"wp","href":"https:\/\/api.w.org\/{rel}","templated":true}]}}