{"id":488443,"date":"2021-12-01T12:14:54","date_gmt":"2021-12-01T11:14:54","guid":{"rendered":"https:\/\/www.hashtag.al\/?p=488443"},"modified":"2021-12-01T12:16:50","modified_gmt":"2021-12-01T11:16:50","slug":"personat-me-aftesi-ndryshe-proteste-para-kryeministrise-qeveria-e-ka-per-detyre-te-na-ndihmoje-te-krijojme-nje-pavaresi-ekonomike","status":"publish","type":"post","link":"https:\/\/www.hashtag.al\/index.php\/2021\/12\/01\/personat-me-aftesi-ndryshe-proteste-para-kryeministrise-qeveria-e-ka-per-detyre-te-na-ndihmoje-te-krijojme-nje-pavaresi-ekonomike\/","title":{"rendered":"Personat me aft\u00ebsi ndryshe protest\u00eb para Kryeministris\u00eb: Qeveria e ka p\u00ebr detyr\u00eb t\u00eb na ndihmoj\u00eb t\u00eb krijojm\u00eb nj\u00eb pavar\u00ebsi ekonomike","gt_translate_keys":[{"key":"rendered","format":"text"}]},"content":{"rendered":"<p><span style=\"color: #000000;\"><a href=\"https:\/\/www.hashtag.al\/wp-content\/uploads\/2021\/12\/protestues.jpg\"><img loading=\"lazy\" decoding=\"async\" class=\"aligncenter size-full wp-image-488444\" src=\"https:\/\/www.hashtag.al\/wp-content\/uploads\/2021\/12\/protestues.jpg\" alt=\"\" width=\"842\" height=\"424\" srcset=\"https:\/\/www.hashtag.al\/wp-content\/uploads\/2021\/12\/protestues.jpg 842w, https:\/\/www.hashtag.al\/wp-content\/uploads\/2021\/12\/protestues-300x151.jpg 300w, https:\/\/www.hashtag.al\/wp-content\/uploads\/2021\/12\/protestues-768x387.jpg 768w\" sizes=\"auto, (max-width: 842px) 100vw, 842px\" \/><\/a><\/span><\/p>\n<p><span style=\"color: #000000;\">Qytetar\u00eb t\u00eb s\u00ebmur\u00eb paraplegjik\u00eb dhe tetraplegjik\u00eb dhe familjar\u00eb t\u00eb tyre, kan\u00eb zhvilluar k\u00ebt\u00eb t\u00eb m\u00ebrkur\u00eb nj\u00eb protest\u00eb p\u00ebrpara Kryeministris\u00eb.<\/span><\/p>\n<p><span style=\"color: #000000;\">Ata k\u00ebrkojn\u00eb q\u00eb qeveria t\u2019i mb\u00ebshtes\u00eb ekonomikisht. Nj\u00eb p\u00ebrfaq\u00ebsues i tyre tha se \u00ebsht\u00eb detyr\u00eb e qeveris\u00eb q\u00eb t\u2019i mb\u00ebshtes\u00eb p\u00ebr t\u00eb krijuar nj\u00eb pavar\u00ebsi t\u00eb tyren ekonomike, sepse jan\u00eb t\u00eb aksidentuar n\u00eb pun\u00eb, miniera, n\u00eb ushtri, nd\u00ebrsa kan\u00eb qen\u00eb n\u00eb krye t\u00eb detyr\u00ebs. Ai shprehet se s&#8217;mund t\u00eb mb\u00ebshteten gjithmon\u00eb nga ndihmat e t\u00eb af\u00ebrmve.<\/span><\/p>\n<p><span style=\"color: #000000;\"><em>\u201cKujdestari paguhet me pag\u00eb minimale pun\u00ebtori. Zot\u00ebrinj t\u00eb nderuar, nuk na sh\u00ebrben kush p\u00ebr 100 mij\u00eb lek\u00eb. \u00cbsht\u00eb shum\u00eb dhimbje dhe shum\u00eb vuajtje q\u00eb nj\u00eb kujdestar t\u2019i sh\u00ebrbej\u00eb nj\u00eb para dhe tetraplegjiku.<\/em><\/span><\/p>\n<p><span style=\"color: #000000;\"><em>\u00cbsht\u00eb shum\u00eb shqet\u00ebsuese q\u00eb nj\u00eb kujdestar t\u00eb mbaj\u00eb nj\u00eb paraplegjik, ta ngrej\u00eb nj\u00eb paraplegjik. Pra duhet t\u00eb jet\u00eb shum\u00eb, shum\u00eb e fuqishme, shum\u00eb herkule, shum\u00eb mund\u00ebse, shum\u00eb shtangiste, q\u00eb nuk ndodh kjo sepse femra \u00ebsht\u00eb krijes\u00eb e but\u00eb, e brisht\u00eb, thjesht p\u00ebr t\u00eb na sh\u00ebrbyer, por jo p\u00ebr t\u00eb na mbajtur. <\/em><\/span><\/p>\n<p><span style=\"color: #000000;\"><em>Rimbursim i pages\u00ebs higjinienike. T\u00eb na rikthehet me 300 mij\u00eb lek\u00eb t\u00eb vjetra paketa higjienike. Kjo ka kosto marramend\u00ebse deri n\u00eb 1.500 euro n\u00eb muaj. Ne k\u00ebt\u00eb e gjejm\u00eb p\u00ebrmes njer\u00ebzve tan\u00eb t\u00eb af\u00ebrt. Por vall\u00eb t\u00ebr\u00eb jet\u00ebn do varemi nga njer\u00ebzit e tjer\u00eb? Nuk kemi mund\u00ebsi q\u00eb t\u00eb kemi pavar\u00ebsi ekonomike, q\u00eb ne t\u00eb ndihemi njer\u00ebz, t\u00eb lumtur, t\u00eb barabart\u00eb me gjith\u00eb bashk\u00ebvuajt\u00ebsit tan\u00eb n\u00eb Europ\u00eb.<\/em><\/span><\/p>\n<p><span style=\"color: #000000;\"><em>T\u00eb mos shohim majtas dhe djathtas e t\u00eb jemi krenar p\u00ebr at\u00eb q\u00eb na pret p\u00ebrpara. <\/em><\/span><\/p>\n<p><span style=\"color: #000000;\"><em>Realiteti sot\u00ebm \u00ebsht\u00eb q\u00eb 1 lit\u00ebr karburant ka vajtur 2 mij\u00eb lek\u00eb. Kryeministri ka premtuar se k\u00ebtyre u takon 80 litra karburant, por ne nuk e kemi. Nuk na intereson \u00e7mimi, ne na intereson litri, t\u00eb njohim Shqip\u00ebrin\u00eb, t\u00eb njihemi me njer\u00ebzit tan\u00eb, t\u00eb jemi t\u00eb pavarur, mos t\u00eb vrasim mendjen n\u00ebse dikush do na ndihmoj\u00eb. Duhet t\u00eb kemi nj\u00eb pavar\u00ebsi ton\u00ebn, kjo \u00ebsht\u00eb pavar\u00ebsia ekonomike q\u00eb i takon shtetit ton\u00eb, sepse ne jemi aksidentuar n\u00eb pun\u00eb, miniera, n\u00eb ushtri, n\u00eb krye t\u00eb detyr\u00ebs. \u00cbsht\u00eb detyrim kushtetues e shtetit ton\u00eb q\u00eb t\u00eb na mbroj\u00eb nga t\u00eb gjith\u00eb parametrat ekonomik\u00eb.\u201d-<\/em> tha nj\u00eb prej protestuesve.<\/span><\/p>\n<p><iframe loading=\"lazy\" title=\"Tetraparaplegjik\u00ebt protestojn\u00eb: Jemi aksidentuar n\u00eb ushtri e miniera, qeveria t\u00eb na ndihmojm\u00eb t\u00eb...\" width=\"1170\" height=\"658\" src=\"https:\/\/www.youtube.com\/embed\/pzaECEW2wNc?feature=oembed\" frameborder=\"0\" allow=\"accelerometer; autoplay; clipboard-write; encrypted-media; gyroscope; picture-in-picture\" allowfullscreen><\/iframe><\/p>\n","protected":false,"gt_translate_keys":[{"key":"rendered","format":"html"}]},"excerpt":{"rendered":"<p>Qytetar\u00eb t\u00eb s\u00ebmur\u00eb paraplegjik\u00eb dhe tetraplegjik\u00eb dhe familjar\u00eb t\u00eb tyre, kan\u00eb zhvilluar k\u00ebt\u00eb t\u00eb m\u00ebrkur\u00eb nj\u00eb protest\u00eb p\u00ebrpara Kryeministris\u00eb. Ata k\u00ebrkojn\u00eb q\u00eb qeveria t\u2019i mb\u00ebshtes\u00eb ekonomikisht. Nj\u00eb p\u00ebrfaq\u00ebsues i tyre tha se \u00ebsht\u00eb detyr\u00eb e qeveris\u00eb q\u00eb t\u2019i mb\u00ebshtes\u00eb p\u00ebr t\u00eb krijuar nj\u00eb pavar\u00ebsi t\u00eb tyren ekonomike, sepse jan\u00eb t\u00eb aksidentuar n\u00eb pun\u00eb, miniera, n\u00eb [&hellip;]<\/p>\n","protected":false,"gt_translate_keys":[{"key":"rendered","format":"html"}]},"author":30,"featured_media":488444,"comment_status":"closed","ping_status":"closed","sticky":false,"template":"","format":"standard","meta":{"footnotes":""},"categories":[65,13],"tags":[],"class_list":["post-488443","post","type-post","status-publish","format-standard","has-post-thumbnail","hentry","category-lajme","category-te-fundit"],"gt_translate_keys":[{"key":"link","format":"url"}],"_links":{"self":[{"href":"https:\/\/www.hashtag.al\/index.php\/wp-json\/wp\/v2\/posts\/488443","targetHints":{"allow":["GET"]}}],"collection":[{"href":"https:\/\/www.hashtag.al\/index.php\/wp-json\/wp\/v2\/posts"}],"about":[{"href":"https:\/\/www.hashtag.al\/index.php\/wp-json\/wp\/v2\/types\/post"}],"author":[{"embeddable":true,"href":"https:\/\/www.hashtag.al\/index.php\/wp-json\/wp\/v2\/users\/30"}],"replies":[{"embeddable":true,"href":"https:\/\/www.hashtag.al\/index.php\/wp-json\/wp\/v2\/comments?post=488443"}],"version-history":[{"count":0,"href":"https:\/\/www.hashtag.al\/index.php\/wp-json\/wp\/v2\/posts\/488443\/revisions"}],"wp:featuredmedia":[{"embeddable":true,"href":"https:\/\/www.hashtag.al\/index.php\/wp-json\/wp\/v2\/media\/488444"}],"wp:attachment":[{"href":"https:\/\/www.hashtag.al\/index.php\/wp-json\/wp\/v2\/media?parent=488443"}],"wp:term":[{"taxonomy":"category","embeddable":true,"href":"https:\/\/www.hashtag.al\/index.php\/wp-json\/wp\/v2\/categories?post=488443"},{"taxonomy":"post_tag","embeddable":true,"href":"https:\/\/www.hashtag.al\/index.php\/wp-json\/wp\/v2\/tags?post=488443"}],"curies":[{"name":"wp","href":"https:\/\/api.w.org\/{rel}","templated":true}]}}