{"id":488372,"date":"2021-11-30T23:00:59","date_gmt":"2021-11-30T22:00:59","guid":{"rendered":"https:\/\/www.hashtag.al\/?p=488372"},"modified":"2021-11-30T23:00:59","modified_gmt":"2021-11-30T22:00:59","slug":"nato-thirrje-rusise-te-mos-pershkallezoje-situaten-ne-ukraine","status":"publish","type":"post","link":"https:\/\/www.hashtag.al\/index.php\/2021\/11\/30\/nato-thirrje-rusise-te-mos-pershkallezoje-situaten-ne-ukraine\/","title":{"rendered":"NATO thirrje Rusis\u00eb t\u00eb mos p\u00ebrshkall\u00ebzoj\u00eb situat\u00ebn n\u00eb Ukrain\u00eb","gt_translate_keys":[{"key":"rendered","format":"text"}]},"content":{"rendered":"<p><span style=\"color: #000000;\"><img loading=\"lazy\" decoding=\"async\" class=\"aligncenter size-full wp-image-488373\" src=\"https:\/\/www.hashtag.al\/wp-content\/uploads\/2021\/11\/nato-riga.jpg\" alt=\"\" width=\"1320\" height=\"880\" srcset=\"https:\/\/www.hashtag.al\/wp-content\/uploads\/2021\/11\/nato-riga.jpg 1320w, https:\/\/www.hashtag.al\/wp-content\/uploads\/2021\/11\/nato-riga-300x200.jpg 300w, https:\/\/www.hashtag.al\/wp-content\/uploads\/2021\/11\/nato-riga-1024x683.jpg 1024w, https:\/\/www.hashtag.al\/wp-content\/uploads\/2021\/11\/nato-riga-768x512.jpg 768w\" sizes=\"auto, (max-width: 1320px) 100vw, 1320px\" \/><\/span><\/p>\n<p><span style=\"color: #000000;\">Ministrat e Jasht\u00ebm t\u00eb NATO-s i b\u00ebn\u00eb thirrje Rusis\u00eb t\u00eb mart\u00ebn q\u00eb t\u00eb mos p\u00ebrshkall\u00ebzoj\u00eb, duke paralajm\u00ebruar se ata q\u00ebndrojn\u00eb n\u00eb solidaritet me Ukrain\u00ebn.<\/span><\/p>\n<p><span style=\"color: #000000;\">Duke folur nga Riga e Letonis\u00eb, ku ministrat e jasht\u00ebm t\u00eb NATO-s jan\u00eb mbledhur p\u00ebr nj\u00eb samit, Sekretari i P\u00ebrgjithsh\u00ebm Jens Stoltenberg tha se grumbullimi i trupave dhe pajisjeve ushtarake ruse pran\u00eb kufirit ukrainas \u201c\u00ebsht\u00eb i paprovokuar dhe i pashpjeguesh\u00ebm\u201d.<\/span><\/p>\n<p><span style=\"color: #000000;\">\u201cNe shohim nd\u00ebrtimin e ushtris\u00eb ruse, shohim armatur\u00eb t\u00eb r\u00ebnd\u00eb, shohim drone dhe trupa t\u00eb gatshme p\u00ebr luftim. Rusia duhet t\u00eb jet\u00eb transparente dhe duhet t\u00eb ulin tensionet dhe t\u00eb mos p\u00ebrshkall\u00ebzojn\u00eb\u201d, shtoi ai.<\/span><\/p>\n<p><span style=\"color: #000000;\">Stoltenberg theksoi se megjith\u00ebse Ukraina nuk \u00ebsht\u00eb nj\u00eb aleat i NATO-s dhe p\u00ebr k\u00ebt\u00eb arsye nuk bie n\u00ebn Nenin 5 p\u00ebr Mbrojtjen Kolektive, ajo \u00ebsht\u00eb \u201cnj\u00eb partner shum\u00eb i vler\u00ebsuar\u201d.<\/span><\/p>\n<p><span style=\"color: #000000;\">\u201cNe ofrojm\u00eb mb\u00ebshtetje, mb\u00ebshtetje politike, praktike. Aleat\u00ebt ofrojn\u00eb trajnime, ngritje kapacitetesh, pajisje dhe jam absolutisht i sigurt se aleat\u00ebt do t\u00eb angazhohen dhe rikonfirmojn\u00eb mb\u00ebshtetjen e tyre t\u00eb fort\u00eb p\u00ebr Ukrain\u00ebn gjithashtu gjat\u00eb takimit t\u00eb sot\u00ebm,\u201d tha ai.<\/span><\/p>\n<p><span style=\"color: #000000;\">Nd\u00ebrkoh\u00eb, Kievi tha se situata p\u00ebrgjat\u00eb kufirit t\u00eb saj dhe kriza e emigrant\u00ebve midis Bjellorusis\u00eb dhe BE-s\u00eb jan\u00eb t\u00eb lidhura dhe se Rusia luan rol.<\/span><\/p>\n<p><span style=\"color: #000000;\">P\u00ebrpara takimit t\u00eb NATO-s, Sekretari Amerikan i Shtetit Antony Blinken tha se Uashingtoni \u00ebsht\u00eb shum\u00eb i shqet\u00ebsuar p\u00ebr l\u00ebvizjet p\u00ebrgjat\u00eb kufirit t\u00eb Ukrain\u00ebs.<\/span><\/p>\n<p><span style=\"color: #000000;\">M\u00eb her\u00ebt Vladimir Putin paralajm\u00ebroi NATO-n se Rusia do t\u00eb jet\u00eb e detyruar t\u00eb reagoj\u00eb, n\u00ebse shkel vijat e kuqe t\u00eb vendosura prej saj n\u00eb Ukrain\u00eb. Ai shtoi se Moska e sheh vendosjen e disa armatimeve per\u00ebndimore n\u00eb tok\u00ebn ukrainase si nj\u00eb shkak p\u00ebr reagim.<\/span><\/p>\n<p>&nbsp;<\/p>\n","protected":false,"gt_translate_keys":[{"key":"rendered","format":"html"}]},"excerpt":{"rendered":"<p>Ministrat e Jasht\u00ebm t\u00eb NATO-s i b\u00ebn\u00eb thirrje Rusis\u00eb t\u00eb mart\u00ebn q\u00eb t\u00eb mos p\u00ebrshkall\u00ebzoj\u00eb, duke paralajm\u00ebruar se ata q\u00ebndrojn\u00eb n\u00eb solidaritet me Ukrain\u00ebn. Duke folur nga Riga e Letonis\u00eb, ku ministrat e jasht\u00ebm t\u00eb NATO-s jan\u00eb mbledhur p\u00ebr nj\u00eb samit, Sekretari i P\u00ebrgjithsh\u00ebm Jens Stoltenberg tha se grumbullimi i trupave dhe pajisjeve ushtarake ruse [&hellip;]<\/p>\n","protected":false,"gt_translate_keys":[{"key":"rendered","format":"html"}]},"author":32,"featured_media":488373,"comment_status":"closed","ping_status":"closed","sticky":false,"template":"","format":"standard","meta":{"footnotes":""},"categories":[6,13],"tags":[],"class_list":["post-488372","post","type-post","status-publish","format-standard","has-post-thumbnail","hentry","category-nderkombetare","category-te-fundit"],"gt_translate_keys":[{"key":"link","format":"url"}],"_links":{"self":[{"href":"https:\/\/www.hashtag.al\/index.php\/wp-json\/wp\/v2\/posts\/488372","targetHints":{"allow":["GET"]}}],"collection":[{"href":"https:\/\/www.hashtag.al\/index.php\/wp-json\/wp\/v2\/posts"}],"about":[{"href":"https:\/\/www.hashtag.al\/index.php\/wp-json\/wp\/v2\/types\/post"}],"author":[{"embeddable":true,"href":"https:\/\/www.hashtag.al\/index.php\/wp-json\/wp\/v2\/users\/32"}],"replies":[{"embeddable":true,"href":"https:\/\/www.hashtag.al\/index.php\/wp-json\/wp\/v2\/comments?post=488372"}],"version-history":[{"count":0,"href":"https:\/\/www.hashtag.al\/index.php\/wp-json\/wp\/v2\/posts\/488372\/revisions"}],"wp:featuredmedia":[{"embeddable":true,"href":"https:\/\/www.hashtag.al\/index.php\/wp-json\/wp\/v2\/media\/488373"}],"wp:attachment":[{"href":"https:\/\/www.hashtag.al\/index.php\/wp-json\/wp\/v2\/media?parent=488372"}],"wp:term":[{"taxonomy":"category","embeddable":true,"href":"https:\/\/www.hashtag.al\/index.php\/wp-json\/wp\/v2\/categories?post=488372"},{"taxonomy":"post_tag","embeddable":true,"href":"https:\/\/www.hashtag.al\/index.php\/wp-json\/wp\/v2\/tags?post=488372"}],"curies":[{"name":"wp","href":"https:\/\/api.w.org\/{rel}","templated":true}]}}