{"id":488337,"date":"2021-11-30T20:22:56","date_gmt":"2021-11-30T19:22:56","guid":{"rendered":"https:\/\/www.hashtag.al\/?p=488337"},"modified":"2021-11-30T20:22:56","modified_gmt":"2021-11-30T19:22:56","slug":"mbyllet-ngushtica-e-bosforit-ererat-e-forta-nuk-ndalen-ne-stamboll","status":"publish","type":"post","link":"https:\/\/www.hashtag.al\/index.php\/2021\/11\/30\/mbyllet-ngushtica-e-bosforit-ererat-e-forta-nuk-ndalen-ne-stamboll\/","title":{"rendered":"Mbyllet ngushtica e Bosforit, er\u00ebrat e forta nuk ndalen n\u00eb Stamboll","gt_translate_keys":[{"key":"rendered","format":"text"}]},"content":{"rendered":"<p><span style=\"color: #000000;\"><img loading=\"lazy\" decoding=\"async\" class=\"aligncenter size-full wp-image-488338\" src=\"https:\/\/www.hashtag.al\/wp-content\/uploads\/2021\/11\/bosfor.png\" alt=\"\" width=\"600\" height=\"344\" srcset=\"https:\/\/www.hashtag.al\/wp-content\/uploads\/2021\/11\/bosfor.png 600w, https:\/\/www.hashtag.al\/wp-content\/uploads\/2021\/11\/bosfor-300x172.png 300w\" sizes=\"auto, (max-width: 600px) 100vw, 600px\" \/><\/span><\/p>\n<p><span style=\"color: #000000;\">Stambolli \u00ebsht\u00eb p\u00ebrfshir\u00eb edhe dit\u00ebn e sotme nga er\u00ebra me shpejt\u00ebsi t\u00eb m\u00ebdha \u00a0duke shkaktuar mbylljen e ngushtic\u00ebs s\u00eb Bosforit p\u00ebr trafikun e barkave.<\/span><\/p>\n<p><span style=\"color: #000000;\">Kat\u00ebr njer\u00ebz kan\u00eb humbur jet\u00ebn dhe t\u00eb tjer\u00eb jan\u00eb plagosur dje n\u00eb Stamboll, prej er\u00ebrave q\u00eb shkul\u00ebn \u00e7ati sht\u00ebpish dhe rr\u00ebzuan pem\u00eb n\u00eb qytet. Nj\u00eb anije u p\u00ebrmbys n\u00eb portin e Stambollit.<\/span><\/p>\n<p><span style=\"color: #000000;\">N\u00eb qytetin e \u00c7atalca kulla e or\u00ebs u rr\u00ebzua prej stuhis\u00eb nd\u00ebrsa disa avion\u00eb nuk arrit\u00ebn t\u00eb uleshin n\u00eb aeroportet e Stambollit dhe t\u00eb Sabiha G\u00f6k\u00e7en.<\/span><\/p>\n<p><span style=\"color: #000000;\">Barka peshkimi ishin p\u00ebrmbysur n\u00eb Pendik nd\u00ebrsa nj\u00eb pun\u00ebtor i portit t\u00eb Zonguldak n\u00eb Detin e Zi, humbi jet\u00ebn nga objektet e rr\u00ebzuara prej er\u00ebs.<\/span><\/p>\n<p>&nbsp;<\/p>\n","protected":false,"gt_translate_keys":[{"key":"rendered","format":"html"}]},"excerpt":{"rendered":"<p>Stambolli \u00ebsht\u00eb p\u00ebrfshir\u00eb edhe dit\u00ebn e sotme nga er\u00ebra me shpejt\u00ebsi t\u00eb m\u00ebdha \u00a0duke shkaktuar mbylljen e ngushtic\u00ebs s\u00eb Bosforit p\u00ebr trafikun e barkave. Kat\u00ebr njer\u00ebz kan\u00eb humbur jet\u00ebn dhe t\u00eb tjer\u00eb jan\u00eb plagosur dje n\u00eb Stamboll, prej er\u00ebrave q\u00eb shkul\u00ebn \u00e7ati sht\u00ebpish dhe rr\u00ebzuan pem\u00eb n\u00eb qytet. Nj\u00eb anije u p\u00ebrmbys n\u00eb portin e [&hellip;]<\/p>\n","protected":false,"gt_translate_keys":[{"key":"rendered","format":"html"}]},"author":32,"featured_media":488338,"comment_status":"closed","ping_status":"closed","sticky":false,"template":"","format":"standard","meta":{"footnotes":""},"categories":[6,13],"tags":[],"class_list":["post-488337","post","type-post","status-publish","format-standard","has-post-thumbnail","hentry","category-nderkombetare","category-te-fundit"],"gt_translate_keys":[{"key":"link","format":"url"}],"_links":{"self":[{"href":"https:\/\/www.hashtag.al\/index.php\/wp-json\/wp\/v2\/posts\/488337","targetHints":{"allow":["GET"]}}],"collection":[{"href":"https:\/\/www.hashtag.al\/index.php\/wp-json\/wp\/v2\/posts"}],"about":[{"href":"https:\/\/www.hashtag.al\/index.php\/wp-json\/wp\/v2\/types\/post"}],"author":[{"embeddable":true,"href":"https:\/\/www.hashtag.al\/index.php\/wp-json\/wp\/v2\/users\/32"}],"replies":[{"embeddable":true,"href":"https:\/\/www.hashtag.al\/index.php\/wp-json\/wp\/v2\/comments?post=488337"}],"version-history":[{"count":0,"href":"https:\/\/www.hashtag.al\/index.php\/wp-json\/wp\/v2\/posts\/488337\/revisions"}],"wp:featuredmedia":[{"embeddable":true,"href":"https:\/\/www.hashtag.al\/index.php\/wp-json\/wp\/v2\/media\/488338"}],"wp:attachment":[{"href":"https:\/\/www.hashtag.al\/index.php\/wp-json\/wp\/v2\/media?parent=488337"}],"wp:term":[{"taxonomy":"category","embeddable":true,"href":"https:\/\/www.hashtag.al\/index.php\/wp-json\/wp\/v2\/categories?post=488337"},{"taxonomy":"post_tag","embeddable":true,"href":"https:\/\/www.hashtag.al\/index.php\/wp-json\/wp\/v2\/tags?post=488337"}],"curies":[{"name":"wp","href":"https:\/\/api.w.org\/{rel}","templated":true}]}}