{"id":487868,"date":"2021-11-28T16:02:46","date_gmt":"2021-11-28T15:02:46","guid":{"rendered":"https:\/\/www.hashtag.al\/?p=487868"},"modified":"2021-11-28T16:02:46","modified_gmt":"2021-11-28T15:02:46","slug":"biden-i-shkruan-leter-metes-shqiperia-nje-vend-mik-i-ngushte-urime-ne-emer-te-te-gjithe-amerikaneve","status":"publish","type":"post","link":"https:\/\/www.hashtag.al\/index.php\/2021\/11\/28\/biden-i-shkruan-leter-metes-shqiperia-nje-vend-mik-i-ngushte-urime-ne-emer-te-te-gjithe-amerikaneve\/","title":{"rendered":"Biden i shkruan let\u00ebr Met\u00ebs: Shqip\u00ebria nj\u00eb vend mik i ngusht\u00eb, urime n\u00eb em\u00ebr t\u00eb t\u00eb gjith\u00eb amerikan\u00ebve","gt_translate_keys":[{"key":"rendered","format":"text"}]},"content":{"rendered":"<p><span style=\"color: #000000;\"><a href=\"https:\/\/www.hashtag.al\/wp-content\/uploads\/2021\/08\/bideni.jpeg\"><img loading=\"lazy\" decoding=\"async\" class=\"aligncenter size-full wp-image-468105\" src=\"https:\/\/www.hashtag.al\/wp-content\/uploads\/2021\/08\/bideni.jpeg\" alt=\"\" width=\"1000\" height=\"667\" srcset=\"https:\/\/www.hashtag.al\/wp-content\/uploads\/2021\/08\/bideni.jpeg 1000w, https:\/\/www.hashtag.al\/wp-content\/uploads\/2021\/08\/bideni-300x200.jpeg 300w, https:\/\/www.hashtag.al\/wp-content\/uploads\/2021\/08\/bideni-768x512.jpeg 768w\" sizes=\"auto, (max-width: 1000px) 100vw, 1000px\" \/><\/a><\/span><\/p>\n<p><span style=\"color: #000000;\">Presidenti i Shteteve t\u00eb Bashkuara t\u00eb Amerik\u00ebs, Joe Biden, ka uruar p\u00ebrmes nj\u00eb letre homologun e tij shqiptar, Ilir Meta, me rastin e Fest\u00ebs s\u00eb Pavar\u00ebsis\u00eb s\u00eb Shqip\u00ebris\u00eb.<\/span><\/p>\n<p><span style=\"color: #000000;\">N\u00eb letr\u00ebn drejtuar Presidentit shqiptar, Biden shkruan se dy vendet kan\u00eb nj\u00eb miq\u00ebsi t\u00eb mb\u00ebshtetur n\u00eb lidhjet e familjes dhe historis\u00eb, si dhe vlerat demokratike.<\/span><\/p>\n<p><span style=\"color: #000000;\">Sipas presidentit amerikan, ato q\u00eb ka arritur Shqip\u00ebria q\u00eb nga viti 1991 jan\u00eb mbres\u00ebl\u00ebn\u00ebse, nd\u00ebrsa i uron popullit shqiptar n\u00eb em\u00ebr t\u00eb t\u00eb gjith\u00eb amerikan\u00ebve, \u201cnj\u00eb Dit\u00eb t\u00eb paqt\u00eb t\u00eb Pavar\u00ebsis\u00eb\u201d.<\/span><\/p>\n<p><span style=\"color: #000000;\">Biden shton se Shqip\u00ebria \u00ebsht\u00eb mik i ngusht\u00eb i SHBA-ve dhe nj\u00eb aleat i r\u00ebnd\u00ebsish\u00ebm i NATO-s.<\/span><\/p>\n<p><strong><span style=\"color: #000000;\">Letra e Bidenit p\u00ebr Met\u00ebn:<\/span><\/strong><\/p>\n<p><span style=\"color: #000000;\">28 n\u00ebntor 2021<\/span><\/p>\n<p><span style=\"color: #000000;\">Me rastin e Fest\u00ebs s\u00eb Pavar\u00ebsis\u00eb s\u00eb Shqip\u00ebris\u00eb, Presidenti i Republik\u00ebs, Sh. T. Z. Ilir Meta ka marr\u00eb nj\u00eb mesazhi t\u00eb ngroht\u00eb urimi nga Presidenti i Shteteve t\u00eb Bashkuara t\u00eb Amerik\u00ebs, Sh.T.Z. Joseph R. Biden Jr., ku shkruhet:<\/span><\/p>\n<p><span style=\"color: #000000;\">I dashur Zoti President,<\/span><\/p>\n<p><span style=\"color: #000000;\">N\u00eb Dit\u00ebn tuaj t\u00eb Pavar\u00ebsis\u00eb, e uroj Shqip\u00ebrin\u00eb n\u00eb em\u00ebr t\u00eb popullit amerikan!<\/span><\/p>\n<p><span style=\"color: #000000;\">K\u00ebt\u00eb vit ne p\u00ebrkujtojm\u00eb tridhjet\u00ebvjetorin e rivendosjes s\u00eb marr\u00ebdh\u00ebnieve tona diplomatike dhe festojm\u00eb nj\u00eb miq\u00ebsi t\u00eb mb\u00ebshtetur n\u00eb lidhjet e familjes dhe historis\u00eb, si dhe mbi vlerat tona demokratike dhe p\u00ebrkushtimin ndaj t\u00eb drejtave t\u00eb njeriut, q\u00eb ndajm\u00eb sa bashku.<\/span><\/p>\n<p><span style=\"color: #000000;\">Ato q\u00eb Shqip\u00ebria ka arritur q\u00eb nga viti 1991 jan\u00eb mbres\u00ebl\u00ebn\u00ebse.<\/span><\/p>\n<p><span style=\"color: #000000;\">Sot, Shqip\u00ebria \u00ebsht\u00eb nj\u00eb vend mik i ngusht\u00eb i Shteteve t\u00eb Bashkuara t\u00eb Amerik\u00ebs, nj\u00eb aleat i r\u00ebnd\u00ebsish\u00ebm i NATO-s, dhe nj\u00eb an\u00ebtare e sapofutur n\u00eb K\u00ebshillin e Siguris\u00eb t\u00eb Organizat\u00ebs s\u00eb Kombeve t\u00eb Bashkuara.<\/span><\/p>\n<p><span style=\"color: #000000;\">Gjithashtu Shqip\u00ebria po i tregon bot\u00ebs mikpritjen e saj t\u00eb madhe duke pritur si dhe duke iu dh\u00ebn\u00eb nj\u00eb strehim t\u00eb sigurt afgan\u00ebve n\u00eb rrezik.<\/span><\/p>\n<p><span style=\"color: #000000;\">Shtetet e Bashkuara t\u00eb Amerik\u00ebs do t\u00eb vazhdojn\u00eb t\u00eb mb\u00ebshtesin Shqip\u00ebrin\u00eb nd\u00ebrsa ju forconi institucionet tuaja demokratike, p\u00ebrmbushni reformat e r\u00ebnd\u00ebsishme n\u00eb sektorin e drejt\u00ebsis\u00eb, luftoni korrupsionin p\u00ebr t\u00eb siguruar nj\u00eb klim\u00eb transparente dhe t\u00eb barabart\u00eb sip\u00ebrmarrjeje p\u00ebr investitor\u00ebt shqiptar\u00eb dhe ata t\u00eb huaj, si dhe teksa ndiqni t\u00eb ardhmen tuaj europiane.<\/span><\/p>\n<p><span style=\"color: #000000;\">Marr\u00ebdh\u00ebnia jon\u00eb dypal\u00ebshe n\u00eb rritje t\u00eb tregtis\u00eb dhe investimeve, sidomos n\u00eb sektorin e r\u00ebnd\u00ebsish\u00ebm energjetik, \u00ebsht\u00eb ky\u00e7e p\u00ebr rim\u00ebk\u00ebmbjen e Shqip\u00ebris\u00eb si dhe p\u00ebr thellimin e partneritetit ton\u00eb.<\/span><\/p>\n<p><span style=\"color: #000000;\">D\u00ebshiroj t\u2019i uroj popullit shqiptar, edhe n\u00eb em\u00ebr t\u00eb t\u00eb gjith\u00eb amerikan\u00ebve, nj\u00eb Dit\u00eb t\u00eb paqt\u00eb t\u00eb Pavar\u00ebsis\u00eb!<\/span><\/p>\n<p><span style=\"color: #000000;\">Shtetet e Bashkuara t\u00eb Amerik\u00ebs jan\u00eb krenare ta quajn\u00eb Shqip\u00ebrin\u00eb nj\u00eb vend mik, partner dhe aleat.<\/span><\/p>\n","protected":false,"gt_translate_keys":[{"key":"rendered","format":"html"}]},"excerpt":{"rendered":"<p>Presidenti i Shteteve t\u00eb Bashkuara t\u00eb Amerik\u00ebs, Joe Biden, ka uruar p\u00ebrmes nj\u00eb letre homologun e tij shqiptar, Ilir Meta, me rastin e Fest\u00ebs s\u00eb Pavar\u00ebsis\u00eb s\u00eb Shqip\u00ebris\u00eb. N\u00eb letr\u00ebn drejtuar Presidentit shqiptar, Biden shkruan se dy vendet kan\u00eb nj\u00eb miq\u00ebsi t\u00eb mb\u00ebshtetur n\u00eb lidhjet e familjes dhe historis\u00eb, si dhe vlerat demokratike. Sipas presidentit [&hellip;]<\/p>\n","protected":false,"gt_translate_keys":[{"key":"rendered","format":"html"}]},"author":30,"featured_media":468105,"comment_status":"closed","ping_status":"closed","sticky":false,"template":"","format":"standard","meta":{"footnotes":""},"categories":[65],"tags":[],"class_list":["post-487868","post","type-post","status-publish","format-standard","has-post-thumbnail","hentry","category-lajme"],"gt_translate_keys":[{"key":"link","format":"url"}],"_links":{"self":[{"href":"https:\/\/www.hashtag.al\/index.php\/wp-json\/wp\/v2\/posts\/487868","targetHints":{"allow":["GET"]}}],"collection":[{"href":"https:\/\/www.hashtag.al\/index.php\/wp-json\/wp\/v2\/posts"}],"about":[{"href":"https:\/\/www.hashtag.al\/index.php\/wp-json\/wp\/v2\/types\/post"}],"author":[{"embeddable":true,"href":"https:\/\/www.hashtag.al\/index.php\/wp-json\/wp\/v2\/users\/30"}],"replies":[{"embeddable":true,"href":"https:\/\/www.hashtag.al\/index.php\/wp-json\/wp\/v2\/comments?post=487868"}],"version-history":[{"count":0,"href":"https:\/\/www.hashtag.al\/index.php\/wp-json\/wp\/v2\/posts\/487868\/revisions"}],"wp:featuredmedia":[{"embeddable":true,"href":"https:\/\/www.hashtag.al\/index.php\/wp-json\/wp\/v2\/media\/468105"}],"wp:attachment":[{"href":"https:\/\/www.hashtag.al\/index.php\/wp-json\/wp\/v2\/media?parent=487868"}],"wp:term":[{"taxonomy":"category","embeddable":true,"href":"https:\/\/www.hashtag.al\/index.php\/wp-json\/wp\/v2\/categories?post=487868"},{"taxonomy":"post_tag","embeddable":true,"href":"https:\/\/www.hashtag.al\/index.php\/wp-json\/wp\/v2\/tags?post=487868"}],"curies":[{"name":"wp","href":"https:\/\/api.w.org\/{rel}","templated":true}]}}