{"id":487819,"date":"2021-11-28T12:26:47","date_gmt":"2021-11-28T11:26:47","guid":{"rendered":"https:\/\/www.hashtag.al\/?p=487819"},"modified":"2021-11-28T12:26:47","modified_gmt":"2021-11-28T11:26:47","slug":"ministrja-balluku-per-aeroportin-e-vlores-nis-fluturimet-ne-vitin-2025-do-te-hape-rreth-1-mije-vende-pune","status":"publish","type":"post","link":"https:\/\/www.hashtag.al\/index.php\/2021\/11\/28\/ministrja-balluku-per-aeroportin-e-vlores-nis-fluturimet-ne-vitin-2025-do-te-hape-rreth-1-mije-vende-pune\/","title":{"rendered":"Ministrja Balluku p\u00ebr aeroportin e Vlor\u00ebs: Nis fluturimet n\u00eb vitin 2025, do t\u00eb hap\u00eb rreth 1 mij\u00eb vende pune","gt_translate_keys":[{"key":"rendered","format":"text"}]},"content":{"rendered":"<p><span style=\"color: #000000;\"><a href=\"https:\/\/www.hashtag.al\/wp-content\/uploads\/2021\/11\/balluku.png\"><img loading=\"lazy\" decoding=\"async\" class=\"aligncenter size-full wp-image-487820\" src=\"https:\/\/www.hashtag.al\/wp-content\/uploads\/2021\/11\/balluku.png\" alt=\"\" width=\"1150\" height=\"585\" srcset=\"https:\/\/www.hashtag.al\/wp-content\/uploads\/2021\/11\/balluku.png 1150w, https:\/\/www.hashtag.al\/wp-content\/uploads\/2021\/11\/balluku-300x153.png 300w, https:\/\/www.hashtag.al\/wp-content\/uploads\/2021\/11\/balluku-1024x521.png 1024w, https:\/\/www.hashtag.al\/wp-content\/uploads\/2021\/11\/balluku-768x391.png 768w, https:\/\/www.hashtag.al\/wp-content\/uploads\/2021\/11\/balluku-568x290.png 568w\" sizes=\"auto, (max-width: 1150px) 100vw, 1150px\" \/><\/a><\/span><\/p>\n<p><span style=\"color: #000000;\">Ministrja e Infrastruktur\u00ebs dhe Energjis\u00eb, Belinda Balluku, ka deklaruar se aeroporti i Vlor\u00ebs do t\u00eb jet\u00eb gati p\u00ebr fluturime n\u00eb vitin 2025 dhe do t\u00eb hap\u00eb rreth 1 mij\u00eb vende pune.<\/span><\/p>\n<p><span style=\"color: #000000;\">N\u00eb fjal\u00ebn e saj n\u00eb ceremonin\u00eb e nisjes s\u00eb punimeve t\u00eb mbajtur sot, ministrja Balluku tha se aeroporti i Vlor\u00ebs do t\u00eb jet\u00eb aeroporti m\u00eb i madh nd\u00ebrkomb\u00ebtar n\u00eb vendin ton\u00eb.<\/span><\/p>\n<p><em><span style=\"color: #000000;\">\u201c\u00cbsht\u00eb g\u00ebzim i madh q\u00eb 109 vjetori i Pavar\u00ebsis\u00eb p\u00ebrkon me nj\u00eb vit t\u00eb sh\u00ebnuar p\u00ebr Vlor\u00ebn dhe p\u00ebr Shqip\u00ebrin\u00eb. Aeroporti i Vlor\u00ebs ka qen\u00eb dhe plani kryesor i fokusit t\u00eb qeveris\u00eb, ky \u00ebsht\u00eb projekt i t\u00eb gjith\u00eb trevave shqiptare dhe na b\u00ebn krenar\u00eb sot m\u00eb shum\u00eb se kurr\u00eb.<\/span><\/em><\/p>\n<p><em><span style=\"color: #000000;\">Un\u00eb kam folur me skuadrat e mia m\u00eb kan\u00eb th\u00ebn\u00eb se s\u2019kemi qen\u00eb kurr\u00eb n\u00eb nj\u00eb kantier kaq t\u00eb madh. Edhe kjo balta e ka zhurm\u00ebn e bukur, dhe nuk na prish pun\u00eb pse jemi b\u00ebr\u00eb me balt\u00eb.<\/span><\/em><\/p>\n<p><em><span style=\"color: #000000;\">Ky \u00ebsht\u00eb nj\u00eb aeroport militar i nd\u00ebrtuar n\u00eb 1900 dhe ne na \u00ebsht\u00eb dashur q\u00eb t\u00eb plot\u00ebsojm\u00eb kushtet p\u00ebr mbrojt\u00ebn e vendit.<\/span><\/em><\/p>\n<p><span style=\"color: #000000;\"><em>Aeroporti\u00a0 i Vlor\u00ebs do t\u00eb jet\u00eb aeroporti m\u00eb i madh nd\u00ebrkomb\u00ebtar n\u00eb vendin ton\u00eb, q\u00eb synon q\u00eb t\u00eb hap\u00eb 1000 vende pune, dhe t\u00eb hapet n\u00eb prill t\u00eb vitit 2024 dhe t\u00eb filloj\u00eb fluturimet n\u00eb 2025.\u201d<\/em>&#8211; ka th\u00ebn\u00eb ajo.<\/span><\/p>\n","protected":false,"gt_translate_keys":[{"key":"rendered","format":"html"}]},"excerpt":{"rendered":"<p>Ministrja e Infrastruktur\u00ebs dhe Energjis\u00eb, Belinda Balluku, ka deklaruar se aeroporti i Vlor\u00ebs do t\u00eb jet\u00eb gati p\u00ebr fluturime n\u00eb vitin 2025 dhe do t\u00eb hap\u00eb rreth 1 mij\u00eb vende pune. N\u00eb fjal\u00ebn e saj n\u00eb ceremonin\u00eb e nisjes s\u00eb punimeve t\u00eb mbajtur sot, ministrja Balluku tha se aeroporti i Vlor\u00ebs do t\u00eb jet\u00eb aeroporti [&hellip;]<\/p>\n","protected":false,"gt_translate_keys":[{"key":"rendered","format":"html"}]},"author":30,"featured_media":487820,"comment_status":"closed","ping_status":"closed","sticky":false,"template":"","format":"standard","meta":{"footnotes":""},"categories":[6,13],"tags":[],"class_list":["post-487819","post","type-post","status-publish","format-standard","has-post-thumbnail","hentry","category-nderkombetare","category-te-fundit"],"gt_translate_keys":[{"key":"link","format":"url"}],"_links":{"self":[{"href":"https:\/\/www.hashtag.al\/index.php\/wp-json\/wp\/v2\/posts\/487819","targetHints":{"allow":["GET"]}}],"collection":[{"href":"https:\/\/www.hashtag.al\/index.php\/wp-json\/wp\/v2\/posts"}],"about":[{"href":"https:\/\/www.hashtag.al\/index.php\/wp-json\/wp\/v2\/types\/post"}],"author":[{"embeddable":true,"href":"https:\/\/www.hashtag.al\/index.php\/wp-json\/wp\/v2\/users\/30"}],"replies":[{"embeddable":true,"href":"https:\/\/www.hashtag.al\/index.php\/wp-json\/wp\/v2\/comments?post=487819"}],"version-history":[{"count":0,"href":"https:\/\/www.hashtag.al\/index.php\/wp-json\/wp\/v2\/posts\/487819\/revisions"}],"wp:featuredmedia":[{"embeddable":true,"href":"https:\/\/www.hashtag.al\/index.php\/wp-json\/wp\/v2\/media\/487820"}],"wp:attachment":[{"href":"https:\/\/www.hashtag.al\/index.php\/wp-json\/wp\/v2\/media?parent=487819"}],"wp:term":[{"taxonomy":"category","embeddable":true,"href":"https:\/\/www.hashtag.al\/index.php\/wp-json\/wp\/v2\/categories?post=487819"},{"taxonomy":"post_tag","embeddable":true,"href":"https:\/\/www.hashtag.al\/index.php\/wp-json\/wp\/v2\/tags?post=487819"}],"curies":[{"name":"wp","href":"https:\/\/api.w.org\/{rel}","templated":true}]}}