{"id":487763,"date":"2021-11-28T09:16:08","date_gmt":"2021-11-28T08:16:08","guid":{"rendered":"https:\/\/www.hashtag.al\/?p=487763"},"modified":"2021-11-28T09:16:08","modified_gmt":"2021-11-28T08:16:08","slug":"ambulanca-perplaset-me-nje-automjet-ne-rinas-humb-jeten-pacientja-plagosen-rende-3-te-tjere","status":"publish","type":"post","link":"https:\/\/www.hashtag.al\/index.php\/2021\/11\/28\/ambulanca-perplaset-me-nje-automjet-ne-rinas-humb-jeten-pacientja-plagosen-rende-3-te-tjere\/","title":{"rendered":"Ambulanca p\u00ebrplaset me nj\u00eb automjet n\u00eb Rinas, humb jet\u00ebn pacientja, plagosen r\u00ebnd\u00eb 3 t\u00eb tjer\u00eb","gt_translate_keys":[{"key":"rendered","format":"text"}]},"content":{"rendered":"<p><span style=\"color: #000000;\"><a href=\"https:\/\/www.hashtag.al\/wp-content\/uploads\/2021\/11\/rinas.jpg\"><img loading=\"lazy\" decoding=\"async\" class=\"aligncenter size-full wp-image-487764\" src=\"https:\/\/www.hashtag.al\/wp-content\/uploads\/2021\/11\/rinas.jpg\" alt=\"\" width=\"900\" height=\"600\" srcset=\"https:\/\/www.hashtag.al\/wp-content\/uploads\/2021\/11\/rinas.jpg 900w, https:\/\/www.hashtag.al\/wp-content\/uploads\/2021\/11\/rinas-300x200.jpg 300w, https:\/\/www.hashtag.al\/wp-content\/uploads\/2021\/11\/rinas-768x512.jpg 768w\" sizes=\"auto, (max-width: 900px) 100vw, 900px\" \/><\/a><\/span><\/p>\n<p><span style=\"color: #000000;\">Nj\u00eb grua ka humbur jet\u00ebn dhe tre persona kan\u00eb mbetur t\u00eb plagosur pas nj\u00eb aksidenti t\u00eb ndodhur n\u00eb Rinas.<\/span><\/p>\n<p><span style=\"color: #000000;\">Ngjarja e r\u00ebnd\u00eb ka ndodhur mesnat\u00ebn e kaluar, ku autoambulanca e qendr\u00ebs sh\u00ebndet\u00ebsore Fush\u00eb Kruj\u00eb \u00ebsht\u00eb p\u00ebrplasur me nj\u00eb mjet tip \u201cGolf 5\u201d.<\/span><\/p>\n<p><span style=\"color: #000000;\">Autoambulanca ishte nisur nga qendra sh\u00ebndet\u00ebsore n\u00eb Fush\u00eb Kruj\u00eb n\u00eb drejtim t\u00eb Tiran\u00ebs, p\u00ebr urgjenc\u00eb mjek\u00ebsore, por n\u00eb vendin e quajtur Kthesat e Rinasit u aksidentua.<\/span><\/p>\n<p><span style=\"color: #000000;\">Policia ka njoftuar se si pasoj\u00eb e aksidentit, ka vdekur pacjentja Anila B\u00ebrdaku, 42 vje\u00e7e, q\u00eb ndodhej n\u00eb autoambulanc\u00eb.<\/span><\/p>\n<p><span style=\"color: #000000;\">T\u00eb l\u00ebnduar kan\u00eb mbetyr edhe infermieri i ambulanc\u00ebs, nj\u00eb grua q\u00eb ndodhej me 42-vje\u00e7aren n\u00eb autoambulanc\u00eb, si dhe nj\u00eb person tjet\u00ebr.<\/span><\/p>\n<p><em><span style=\"color: #000000;\">\u201cMe dat\u00eb 27.11.2021, rreth or\u00ebs 23:50, n\u00eb rrug\u00ebn e \u2018Rinasit\u2019, jan\u00eb p\u00ebrfshir\u00eb n\u00eb aksident mjeti me drejtues shtetasin A. A., me mjetin e ambulanc\u00ebs t\u00eb spitalit t\u00eb Kruj\u00ebs.<\/span><\/em><\/p>\n<p><em><span style=\"color: #000000;\">Si pasoj\u00eb e p\u00ebrplasjes, ka humbur jet\u00ebn n\u00eb vendngjarje pacientja q\u00eb ndodhej n\u00eb ambulanc\u00eb, shtetasja A. B., 42 vje\u00e7e.<\/span><\/em><\/p>\n<p><em><span style=\"color: #000000;\">Gjithashtu jan\u00eb d\u00ebmtuar dhe ndodhen n\u00eb spital n\u00eb gjendje t\u00eb r\u00ebnd\u00eb p\u00ebr jet\u00ebn shtetasit A. B., 30 vje\u00e7 (infermieri i ambulanc\u00ebs), M. B., 32 vje\u00e7e, t\u00eb cil\u00ebt ndodheshin n\u00eb ambulanc\u00eb, dhe shtetasi Y. G., 22 vje\u00e7, pasagjer i mjetit tjet\u00ebr.<\/span><\/em><\/p>\n<p><span style=\"color: #000000;\"><em>Grupi hetimor ndodhet n\u00eb vendngjarje dhe po punon p\u00ebr sqarimin e rrethanave t\u00eb aksidentit.\u201d<\/em>&#8211; ka njoftuar policia.<\/span><\/p>\n<p>&nbsp;<\/p>\n","protected":false,"gt_translate_keys":[{"key":"rendered","format":"html"}]},"excerpt":{"rendered":"<p>Nj\u00eb grua ka humbur jet\u00ebn dhe tre persona kan\u00eb mbetur t\u00eb plagosur pas nj\u00eb aksidenti t\u00eb ndodhur n\u00eb Rinas. Ngjarja e r\u00ebnd\u00eb ka ndodhur mesnat\u00ebn e kaluar, ku autoambulanca e qendr\u00ebs sh\u00ebndet\u00ebsore Fush\u00eb Kruj\u00eb \u00ebsht\u00eb p\u00ebrplasur me nj\u00eb mjet tip \u201cGolf 5\u201d. Autoambulanca ishte nisur nga qendra sh\u00ebndet\u00ebsore n\u00eb Fush\u00eb Kruj\u00eb n\u00eb drejtim t\u00eb Tiran\u00ebs, [&hellip;]<\/p>\n","protected":false,"gt_translate_keys":[{"key":"rendered","format":"html"}]},"author":30,"featured_media":487764,"comment_status":"closed","ping_status":"closed","sticky":false,"template":"","format":"standard","meta":{"footnotes":""},"categories":[65,13],"tags":[],"class_list":["post-487763","post","type-post","status-publish","format-standard","has-post-thumbnail","hentry","category-lajme","category-te-fundit"],"gt_translate_keys":[{"key":"link","format":"url"}],"_links":{"self":[{"href":"https:\/\/www.hashtag.al\/index.php\/wp-json\/wp\/v2\/posts\/487763","targetHints":{"allow":["GET"]}}],"collection":[{"href":"https:\/\/www.hashtag.al\/index.php\/wp-json\/wp\/v2\/posts"}],"about":[{"href":"https:\/\/www.hashtag.al\/index.php\/wp-json\/wp\/v2\/types\/post"}],"author":[{"embeddable":true,"href":"https:\/\/www.hashtag.al\/index.php\/wp-json\/wp\/v2\/users\/30"}],"replies":[{"embeddable":true,"href":"https:\/\/www.hashtag.al\/index.php\/wp-json\/wp\/v2\/comments?post=487763"}],"version-history":[{"count":0,"href":"https:\/\/www.hashtag.al\/index.php\/wp-json\/wp\/v2\/posts\/487763\/revisions"}],"wp:featuredmedia":[{"embeddable":true,"href":"https:\/\/www.hashtag.al\/index.php\/wp-json\/wp\/v2\/media\/487764"}],"wp:attachment":[{"href":"https:\/\/www.hashtag.al\/index.php\/wp-json\/wp\/v2\/media?parent=487763"}],"wp:term":[{"taxonomy":"category","embeddable":true,"href":"https:\/\/www.hashtag.al\/index.php\/wp-json\/wp\/v2\/categories?post=487763"},{"taxonomy":"post_tag","embeddable":true,"href":"https:\/\/www.hashtag.al\/index.php\/wp-json\/wp\/v2\/tags?post=487763"}],"curies":[{"name":"wp","href":"https:\/\/api.w.org\/{rel}","templated":true}]}}