{"id":487530,"date":"2021-11-26T21:16:42","date_gmt":"2021-11-26T20:16:42","guid":{"rendered":"https:\/\/www.hashtag.al\/?p=487530"},"modified":"2021-11-26T21:18:27","modified_gmt":"2021-11-26T20:18:27","slug":"obsh-i-emerton-llojet-sipas-alfabetit-grek-omicron-percaktohet-si-lloj-shqetesues","status":"publish","type":"post","link":"https:\/\/www.hashtag.al\/index.php\/2021\/11\/26\/obsh-i-emerton-llojet-sipas-alfabetit-grek-omicron-percaktohet-si-lloj-shqetesues\/","title":{"rendered":"OBSH i em\u00ebrton llojet sipas alfabetit grek, \u2018Omicron\u2019 p\u00ebrcaktohet si &#8216;shqet\u00ebsues&#8217;","gt_translate_keys":[{"key":"rendered","format":"text"}]},"content":{"rendered":"<p><span style=\"color: #000000;\"><img loading=\"lazy\" decoding=\"async\" class=\"aligncenter size-full wp-image-487531\" src=\"https:\/\/www.hashtag.al\/wp-content\/uploads\/2021\/11\/omicron2.jpg\" alt=\"\" width=\"980\" height=\"551\" srcset=\"https:\/\/www.hashtag.al\/wp-content\/uploads\/2021\/11\/omicron2.jpg 980w, https:\/\/www.hashtag.al\/wp-content\/uploads\/2021\/11\/omicron2-300x169.jpg 300w, https:\/\/www.hashtag.al\/wp-content\/uploads\/2021\/11\/omicron2-768x432.jpg 768w\" sizes=\"auto, (max-width: 980px) 100vw, 980px\" \/><\/span><\/p>\n<p><span style=\"color: #000000;\">OBSH e klasifikon B.1.1.529 si &#8216;Omicron&#8217;, nj\u00eb variant shqet\u00ebsimi p\u00ebr Covid<\/span><\/p>\n<p><span style=\"color: #000000;\">Organizata Bot\u00ebrore e Sh\u00ebndet\u00ebsis\u00eb (OBSH) e ka quajtur variantin e ri Covid-19 t\u00eb zbuluar p\u00ebr her\u00eb t\u00eb par\u00eb n\u00eb Afrik\u00ebn Jugore \u2018Omicron\u2019, tha agjensia sh\u00ebndet\u00ebsore e OKB-s\u00eb pas nj\u00eb takimi t\u00eb premten.<\/span><\/p>\n<p><span style=\"color: #000000;\">Agjencia globale e sh\u00ebndetit u takua t\u00eb premten p\u00ebr t\u00eb em\u00ebrtuar llojin B.1.1.529 dhe vendosi ta klasifikoj\u00eb at\u00eb si nj\u00eb \u2018variant shqet\u00ebsues\u2019, n\u00eb vend t\u00eb p\u00ebrcaktimit m\u00eb pak serioz \u2018variant q\u00eb duhet patur kujdes\u2019.<\/span><\/p>\n<p><span style=\"color: #000000;\">Varianti Delta, i cili shkaktoi rritje t\u00eb infeksioneve Covid-19 n\u00eb t\u00eb gjith\u00eb globin pasi u zbulua p\u00ebr her\u00eb t\u00eb par\u00eb n\u00eb fund t\u00eb dhjetorit 2020, u kategorizua gjithashtu si nj\u00eb variant shqet\u00ebsues nga OBSH n\u00eb fillim t\u00eb k\u00ebtij viti.<\/span><\/p>\n<p><span style=\"color: #000000;\">Agjencia p\u00ebrdori praktik\u00ebn e em\u00ebrtimit t\u00eb varianteve sipas shkronjave n\u00eb alfabetin grek, t\u00eb pakt\u00ebn pjes\u00ebrisht p\u00ebr t\u00eb shmangur stigmat gjeografike q\u00eb t&#8217;u ngjiteshin zonave ku ato u identifikuan p\u00ebr her\u00eb t\u00eb par\u00eb.<\/span><\/p>\n<p><span style=\"color: #000000;\">Sa i p\u00ebrket Omicron, OBSH tha se lloji ka nj\u00eb num\u00ebr t\u00eb madh mutacionesh, disa prej t\u00eb cilave jan\u00eb shqet\u00ebsuese.<\/span><\/p>\n<p><span style=\"color: #000000;\"><em>&#8220;D\u00ebshmit\u00eb paraprake sugjerojn\u00eb nj\u00eb rrezik n\u00eb rritje t\u00eb riinfeksionit me k\u00ebt\u00eb variant, n\u00eb krahasim me llojet e tjera,&#8221;<\/em> tha agjencia.<\/span><\/p>\n<p><span style=\"color: #000000;\">Kjo deklarat\u00eb erdhi pasi z\u00ebdh\u00ebn\u00ebsi i OBSH-s\u00eb, Christian Lindmeier, paralajm\u00ebroi qeverit\u00eb kund\u00ebr vendosjes s\u00eb kufizimeve t\u00eb udh\u00ebtimit p\u00ebr t\u00eb bllokuar p\u00ebrhapjen e Omicron. Ai tha se do t\u00eb duhen disa jav\u00eb q\u00eb shkenc\u00ebtar\u00ebt t\u00eb vler\u00ebsojn\u00eb se sa i transmetuesh\u00ebm dhe virulent \u00ebsht\u00eb varianti i ri, si dhe aft\u00ebsia e tij p\u00ebr t\u00eb shmangur imunitetin e shkaktuar nga vaksina.<\/span><\/p>\n<p><span style=\"color: #000000;\">Shum\u00eb vende po zgjedhin t\u00eb veprojn\u00eb menj\u00ebher\u00eb me ndalimet e udh\u00ebtimit dhe karantinat n\u00eb nj\u00eb p\u00ebrpjekje p\u00ebr t\u00eb kufizuar p\u00ebrhapjen e Omicron, n\u00eb vend q\u00eb t\u00eb presin fillimisht p\u00ebr p\u00ebrfundimin e k\u00ebrkimit. <\/span><\/p>\n<p><span style=\"color: #000000;\">Rasti i par\u00eb i konfirmuar n\u00eb Evrop\u00eb i variantit u identifikua t\u00eb premten n\u00eb Belgjik\u00eb. Presidentja e Komisionit Evropian Ursula von der Leyen b\u00ebri thirrje q\u00eb t\u00eb gjitha udh\u00ebtimet ajrore midis BE-s\u00eb dhe vendeve me raste t\u00eb raportuara t\u00eb Omicron t\u00eb pezullohen nd\u00ebrsa rreziqet po vler\u00ebsohen.<\/span><\/p>\n","protected":false,"gt_translate_keys":[{"key":"rendered","format":"html"}]},"excerpt":{"rendered":"<p>OBSH e klasifikon B.1.1.529 si &#8216;Omicron&#8217;, nj\u00eb variant shqet\u00ebsimi p\u00ebr Covid Organizata Bot\u00ebrore e Sh\u00ebndet\u00ebsis\u00eb (OBSH) e ka quajtur variantin e ri Covid-19 t\u00eb zbuluar p\u00ebr her\u00eb t\u00eb par\u00eb n\u00eb Afrik\u00ebn Jugore \u2018Omicron\u2019, tha agjensia sh\u00ebndet\u00ebsore e OKB-s\u00eb pas nj\u00eb takimi t\u00eb premten. Agjencia globale e sh\u00ebndetit u takua t\u00eb premten p\u00ebr t\u00eb em\u00ebrtuar llojin [&hellip;]<\/p>\n","protected":false,"gt_translate_keys":[{"key":"rendered","format":"html"}]},"author":51,"featured_media":487531,"comment_status":"closed","ping_status":"closed","sticky":false,"template":"","format":"standard","meta":{"footnotes":""},"categories":[53],"tags":[],"class_list":["post-487530","post","type-post","status-publish","format-standard","has-post-thumbnail","hentry","category-fast-foodi"],"gt_translate_keys":[{"key":"link","format":"url"}],"_links":{"self":[{"href":"https:\/\/www.hashtag.al\/index.php\/wp-json\/wp\/v2\/posts\/487530","targetHints":{"allow":["GET"]}}],"collection":[{"href":"https:\/\/www.hashtag.al\/index.php\/wp-json\/wp\/v2\/posts"}],"about":[{"href":"https:\/\/www.hashtag.al\/index.php\/wp-json\/wp\/v2\/types\/post"}],"author":[{"embeddable":true,"href":"https:\/\/www.hashtag.al\/index.php\/wp-json\/wp\/v2\/users\/51"}],"replies":[{"embeddable":true,"href":"https:\/\/www.hashtag.al\/index.php\/wp-json\/wp\/v2\/comments?post=487530"}],"version-history":[{"count":0,"href":"https:\/\/www.hashtag.al\/index.php\/wp-json\/wp\/v2\/posts\/487530\/revisions"}],"wp:featuredmedia":[{"embeddable":true,"href":"https:\/\/www.hashtag.al\/index.php\/wp-json\/wp\/v2\/media\/487531"}],"wp:attachment":[{"href":"https:\/\/www.hashtag.al\/index.php\/wp-json\/wp\/v2\/media?parent=487530"}],"wp:term":[{"taxonomy":"category","embeddable":true,"href":"https:\/\/www.hashtag.al\/index.php\/wp-json\/wp\/v2\/categories?post=487530"},{"taxonomy":"post_tag","embeddable":true,"href":"https:\/\/www.hashtag.al\/index.php\/wp-json\/wp\/v2\/tags?post=487530"}],"curies":[{"name":"wp","href":"https:\/\/api.w.org\/{rel}","templated":true}]}}