{"id":487450,"date":"2021-11-26T16:25:22","date_gmt":"2021-11-26T15:25:22","guid":{"rendered":"https:\/\/www.hashtag.al\/?p=487450"},"modified":"2021-11-26T16:25:22","modified_gmt":"2021-11-26T15:25:22","slug":"deget-7-e-9-te-pd-se-ne-tirane-konfirmojne-emrat-e-delegateve-per-kuvendin-e-thirrur-nga-berisha","status":"publish","type":"post","link":"https:\/\/www.hashtag.al\/index.php\/2021\/11\/26\/deget-7-e-9-te-pd-se-ne-tirane-konfirmojne-emrat-e-delegateve-per-kuvendin-e-thirrur-nga-berisha\/","title":{"rendered":"Deg\u00ebt 7 e 9 t\u00eb PD-s\u00eb n\u00eb Tiran\u00eb konfirmojn\u00eb emrat e delegat\u00ebve p\u00ebr Kuvendin e thirrur nga Berisha","gt_translate_keys":[{"key":"rendered","format":"text"}]},"content":{"rendered":"<p><span style=\"color: #000000;\"><img loading=\"lazy\" decoding=\"async\" class=\"aligncenter size-full wp-image-487451\" src=\"https:\/\/www.hashtag.al\/wp-content\/uploads\/2021\/11\/dega73.jpg\" alt=\"\" width=\"1044\" height=\"505\" srcset=\"https:\/\/www.hashtag.al\/wp-content\/uploads\/2021\/11\/dega73.jpg 1044w, https:\/\/www.hashtag.al\/wp-content\/uploads\/2021\/11\/dega73-300x145.jpg 300w, https:\/\/www.hashtag.al\/wp-content\/uploads\/2021\/11\/dega73-1024x495.jpg 1024w, https:\/\/www.hashtag.al\/wp-content\/uploads\/2021\/11\/dega73-768x371.jpg 768w\" sizes=\"auto, (max-width: 1044px) 100vw, 1044px\" \/><\/span><\/p>\n<p><span style=\"color: #000000;\">Nj\u00eb dit\u00eb pasi nj\u00eb tjet\u00ebr deg\u00eb e PD-s\u00eb n\u00eb Tiran\u00eb konfirmoi votat pro thirrje s\u00eb Kuvendit m\u00eb 11 dhjetor, sot k\u00ebt\u00eb gj\u00eb kan\u00eb pasuar deg\u00ebt e PD-s\u00eb n\u00eb Deg\u00ebt 7 e 9 t\u00eb kryqytetit. <\/span><\/p>\n<p><span style=\"color: #000000;\">Sipas Sekretarit t\u00eb Deg\u00ebs 7, nga 86 delegat\u00eb, 46 kan\u00eb fitmosur p\u00ebr t\u2019iu bashkuar Kuvendit m\u00eb 11 dhjetor, dat\u00eb e thirrur nga ish-kryeministri Berisha. <\/span><\/p>\n<p><span style=\"color: #000000;\">Po k\u00ebshtu, Dega 9 ka pohuar emrat q\u00eb kan\u00eb firmosur formular\u00ebt p\u00ebr t\u00eb qen\u00eb pjes\u00eb e Kuvendit Komb\u00ebtar m\u00eb 11 dhjetor ku nga 34 delegat\u00eb, kan\u00eb firmosur 25 prej tyre.<\/span><\/p>\n<p><img loading=\"lazy\" decoding=\"async\" class=\"aligncenter size-full wp-image-487452\" src=\"https:\/\/www.hashtag.al\/wp-content\/uploads\/2021\/11\/dega7.jpg\" alt=\"\" width=\"1125\" height=\"1567\" srcset=\"https:\/\/www.hashtag.al\/wp-content\/uploads\/2021\/11\/dega7.jpg 1125w, https:\/\/www.hashtag.al\/wp-content\/uploads\/2021\/11\/dega7-215x300.jpg 215w, https:\/\/www.hashtag.al\/wp-content\/uploads\/2021\/11\/dega7-735x1024.jpg 735w, https:\/\/www.hashtag.al\/wp-content\/uploads\/2021\/11\/dega7-768x1070.jpg 768w, https:\/\/www.hashtag.al\/wp-content\/uploads\/2021\/11\/dega7-1103x1536.jpg 1103w\" sizes=\"auto, (max-width: 1125px) 100vw, 1125px\" \/><\/p>\n<p><img loading=\"lazy\" decoding=\"async\" class=\"aligncenter size-full wp-image-487453\" src=\"https:\/\/www.hashtag.al\/wp-content\/uploads\/2021\/11\/dega72.jpg\" alt=\"\" width=\"1352\" height=\"1037\" srcset=\"https:\/\/www.hashtag.al\/wp-content\/uploads\/2021\/11\/dega72.jpg 1352w, https:\/\/www.hashtag.al\/wp-content\/uploads\/2021\/11\/dega72-300x230.jpg 300w, https:\/\/www.hashtag.al\/wp-content\/uploads\/2021\/11\/dega72-1024x785.jpg 1024w, https:\/\/www.hashtag.al\/wp-content\/uploads\/2021\/11\/dega72-768x589.jpg 768w\" sizes=\"auto, (max-width: 1352px) 100vw, 1352px\" \/><\/p>\n<p><img loading=\"lazy\" decoding=\"async\" class=\"aligncenter size-full wp-image-487454\" src=\"https:\/\/www.hashtag.al\/wp-content\/uploads\/2021\/11\/njesia9.jpg\" alt=\"\" width=\"1010\" height=\"1280\" srcset=\"https:\/\/www.hashtag.al\/wp-content\/uploads\/2021\/11\/njesia9.jpg 1010w, https:\/\/www.hashtag.al\/wp-content\/uploads\/2021\/11\/njesia9-237x300.jpg 237w, https:\/\/www.hashtag.al\/wp-content\/uploads\/2021\/11\/njesia9-808x1024.jpg 808w, https:\/\/www.hashtag.al\/wp-content\/uploads\/2021\/11\/njesia9-768x973.jpg 768w\" sizes=\"auto, (max-width: 1010px) 100vw, 1010px\" \/><\/p>\n","protected":false,"gt_translate_keys":[{"key":"rendered","format":"html"}]},"excerpt":{"rendered":"<p>Nj\u00eb dit\u00eb pasi nj\u00eb tjet\u00ebr deg\u00eb e PD-s\u00eb n\u00eb Tiran\u00eb konfirmoi votat pro thirrje s\u00eb Kuvendit m\u00eb 11 dhjetor, sot k\u00ebt\u00eb gj\u00eb kan\u00eb pasuar deg\u00ebt e PD-s\u00eb n\u00eb Deg\u00ebt 7 e 9 t\u00eb kryqytetit. Sipas Sekretarit t\u00eb Deg\u00ebs 7, nga 86 delegat\u00eb, 46 kan\u00eb fitmosur p\u00ebr t\u2019iu bashkuar Kuvendit m\u00eb 11 dhjetor, dat\u00eb e thirrur [&hellip;]<\/p>\n","protected":false,"gt_translate_keys":[{"key":"rendered","format":"html"}]},"author":51,"featured_media":487451,"comment_status":"closed","ping_status":"closed","sticky":false,"template":"","format":"standard","meta":{"footnotes":""},"categories":[65,13],"tags":[],"class_list":["post-487450","post","type-post","status-publish","format-standard","has-post-thumbnail","hentry","category-lajme","category-te-fundit"],"gt_translate_keys":[{"key":"link","format":"url"}],"_links":{"self":[{"href":"https:\/\/www.hashtag.al\/index.php\/wp-json\/wp\/v2\/posts\/487450","targetHints":{"allow":["GET"]}}],"collection":[{"href":"https:\/\/www.hashtag.al\/index.php\/wp-json\/wp\/v2\/posts"}],"about":[{"href":"https:\/\/www.hashtag.al\/index.php\/wp-json\/wp\/v2\/types\/post"}],"author":[{"embeddable":true,"href":"https:\/\/www.hashtag.al\/index.php\/wp-json\/wp\/v2\/users\/51"}],"replies":[{"embeddable":true,"href":"https:\/\/www.hashtag.al\/index.php\/wp-json\/wp\/v2\/comments?post=487450"}],"version-history":[{"count":0,"href":"https:\/\/www.hashtag.al\/index.php\/wp-json\/wp\/v2\/posts\/487450\/revisions"}],"wp:featuredmedia":[{"embeddable":true,"href":"https:\/\/www.hashtag.al\/index.php\/wp-json\/wp\/v2\/media\/487451"}],"wp:attachment":[{"href":"https:\/\/www.hashtag.al\/index.php\/wp-json\/wp\/v2\/media?parent=487450"}],"wp:term":[{"taxonomy":"category","embeddable":true,"href":"https:\/\/www.hashtag.al\/index.php\/wp-json\/wp\/v2\/categories?post=487450"},{"taxonomy":"post_tag","embeddable":true,"href":"https:\/\/www.hashtag.al\/index.php\/wp-json\/wp\/v2\/tags?post=487450"}],"curies":[{"name":"wp","href":"https:\/\/api.w.org\/{rel}","templated":true}]}}