{"id":487421,"date":"2021-11-26T14:56:50","date_gmt":"2021-11-26T13:56:50","guid":{"rendered":"https:\/\/www.hashtag.al\/?p=487421"},"modified":"2021-11-26T14:56:51","modified_gmt":"2021-11-26T13:56:51","slug":"hidhet-shorti-percaktohet-trupa-gjykuese-qe-do-vendose-per-ceshtjen-e-saimir-tahirit","status":"publish","type":"post","link":"https:\/\/www.hashtag.al\/index.php\/2021\/11\/26\/hidhet-shorti-percaktohet-trupa-gjykuese-qe-do-vendose-per-ceshtjen-e-saimir-tahirit\/","title":{"rendered":"Hidhet shorti, p\u00ebrcaktohet trupa gjykuese q\u00eb do vendos\u00eb p\u00ebr \u00e7\u00ebshtjen e Saimir Tahirit","gt_translate_keys":[{"key":"rendered","format":"text"}]},"content":{"rendered":"<p><span style=\"color: #000000;\"><a href=\"https:\/\/www.hashtag.al\/wp-content\/uploads\/2021\/11\/TAHIRI-1.jpeg\"><img loading=\"lazy\" decoding=\"async\" class=\"aligncenter size-full wp-image-487422\" src=\"https:\/\/www.hashtag.al\/wp-content\/uploads\/2021\/11\/TAHIRI-1.jpeg\" alt=\"\" width=\"780\" height=\"440\" srcset=\"https:\/\/www.hashtag.al\/wp-content\/uploads\/2021\/11\/TAHIRI-1.jpeg 780w, https:\/\/www.hashtag.al\/wp-content\/uploads\/2021\/11\/TAHIRI-1-300x169.jpeg 300w, https:\/\/www.hashtag.al\/wp-content\/uploads\/2021\/11\/TAHIRI-1-768x433.jpeg 768w\" sizes=\"auto, (max-width: 780px) 100vw, 780px\" \/><\/a>K\u00ebt\u00eb t\u00eb premte \u00ebsht\u00eb hedhur sot n\u00eb Gjykat\u00ebn e Posa\u00e7me t\u00eb Apelit p\u00ebr Korrupsionin dhe Krimin e Organizuar p\u00ebr trup\u00ebn gjykuese q\u00eb do t\u00eb gjykoj\u00eb \u00e7\u00ebshtjen e ish-ministrit Saimir Tahiri dhe ish-kreut t\u00eb policis\u00eb s\u00eb Vlor\u00ebs, Jaeld \u00c7ela.<\/span><\/p>\n<p><span style=\"color: #000000;\">Kujtojm\u00eb se \u00e7\u00ebshtjen do ta kryesonte gjyqtarja Miliana Mu\u00e7a dhe an\u00ebtare Daniela Shirka dhe Ilirjana Olldashi.<\/span><\/p>\n<p><span style=\"color: #000000;\">Por, Mu\u00e7a paraqiti aktin e heqjes dor\u00eb nga \u00e7\u00ebshtje, k\u00ebrkes\u00eb q\u00eb u miratua nga z\u00ebvend\u00ebskryetari i gjykat\u00ebs. P\u00ebr k\u00ebt\u00eb arsye, \u00e7\u00ebshtja u rihodh p\u00ebrs\u00ebri n\u00eb short duke p\u00ebrcaktuar trupin gjykues t\u00eb p\u00ebrb\u00ebr\u00eb nga kryesuese Daniela Shirka dhe an\u00ebtare Ilirjana Olldashi. An\u00ebtari i tret\u00eb pritet t\u00eb delegohet nga K\u00ebshilli i Lart\u00eb Gjyq\u00ebsor.<\/span><\/p>\n<p><span style=\"color: #000000;\">Kujtojm\u00eb se Gjykata e Lart\u00eb mori m\u00eb 28 shtator vendimin p\u00ebr t\u00eb rikthyer \u00e7\u00ebshtjen p\u00ebr Tahirin n\u00eb apelin e GJKKO-s\u00eb me trup\u00eb tjet\u00ebr gjykuese, duke rr\u00ebzuar k\u00ebrkes\u00ebn e SPAK p\u00ebr rigjykim n\u00eb shkall\u00eb t\u00eb par\u00eb.<\/span><\/p>\n<p><span style=\"color: #000000;\">Tahiri u d\u00ebnua nga Krimet e R\u00ebnda p\u00ebr shp\u00ebrdorim detyre me\u00a03 vite sh\u00ebrbim prove,\u00a0nd\u00ebrsa\u00a0Apeli i posa\u00e7\u00ebm\u00a0e prishi vendimin dhe e ktheu p\u00ebr rigjykim n\u00eb Shkall\u00ebn e Par\u00eb. M\u00eb pas ish ministri\u00a0b\u00ebri rekurs\u00a0dhe dhoma e k\u00ebshillimit e Gjykat\u00ebs s\u00eb Lart\u00eb e ka pranuar p\u00ebr ta gjykuar.\u00a0<\/span><\/p>\n<p><strong><span style=\"color: #000000;\">NJOFTIMI I GJKKO-s\u00eb<\/span><\/strong><\/p>\n<p><span style=\"color: #000000;\">P\u00ebrsh\u00ebndetje, nisur nga interesi juaj, ju b\u00ebj me dije se \u00e7\u00ebshtja n\u00eb ngarkim t\u00eb t\u00eb pandehurve S.T. dhe J.\u00c7., e regjistruar pran\u00eb Gjykat\u00ebs s\u00eb Posa\u00e7me t\u00eb Apelit p\u00ebr Korrupsionin dhe Krimin e Organizuar m\u00eb date 24.11.2021, me nr. 47 regjistri themeltar, u hodh n\u00eb short dit\u00ebn e sotme, m\u00eb dat\u00eb 26.11.2021.<\/span><\/p>\n<p><span style=\"color: #000000;\">Fillimisht nga shorti rezultoi se \u00e7\u00ebshtjen do ta kryesonte gjyqtarja Miliana Mu\u00e7a dhe an\u00ebtare gjyqtaret Daniela Shirka dhe Ilirjana Olldashi.<\/span><\/p>\n<p><span style=\"color: #000000;\">Gjyqtarja Miliana Mu\u00e7a paraqiti aktin e heqjes dor\u00eb nga \u00e7\u00ebshtje (p\u00ebr faktin se \u00ebsht\u00eb shprehur m\u00eb par\u00eb duke qen\u00eb gjyqtare e seanc\u00ebs paraprake), heqje dor\u00eb e cila u miratua nga z\u00ebvend\u00ebskryetari i gjykat\u00ebs.<\/span><br \/>\n<span style=\"color: #000000;\">Nisur nga kjo, \u00e7\u00ebshtja u rishortua, duke p\u00ebrcaktuar trupin gjykues t\u00eb p\u00ebrb\u00ebr\u00eb nga kryesuese Daniela Shirka, an\u00ebtare Ilirjana Olldashi. An\u00ebtari i tret\u00eb pritet t\u00eb delegohet nga K\u00ebshilli i Lart\u00eb Gjyq\u00ebsor.<\/span><\/p>\n","protected":false,"gt_translate_keys":[{"key":"rendered","format":"html"}]},"excerpt":{"rendered":"<p>K\u00ebt\u00eb t\u00eb premte \u00ebsht\u00eb hedhur sot n\u00eb Gjykat\u00ebn e Posa\u00e7me t\u00eb Apelit p\u00ebr Korrupsionin dhe Krimin e Organizuar p\u00ebr trup\u00ebn gjykuese q\u00eb do t\u00eb gjykoj\u00eb \u00e7\u00ebshtjen e ish-ministrit Saimir Tahiri dhe ish-kreut t\u00eb policis\u00eb s\u00eb Vlor\u00ebs, Jaeld \u00c7ela. Kujtojm\u00eb se \u00e7\u00ebshtjen do ta kryesonte gjyqtarja Miliana Mu\u00e7a dhe an\u00ebtare Daniela Shirka dhe Ilirjana Olldashi. Por, [&hellip;]<\/p>\n","protected":false,"gt_translate_keys":[{"key":"rendered","format":"html"}]},"author":30,"featured_media":487422,"comment_status":"closed","ping_status":"closed","sticky":false,"template":"","format":"standard","meta":{"footnotes":""},"categories":[65,13],"tags":[],"class_list":["post-487421","post","type-post","status-publish","format-standard","has-post-thumbnail","hentry","category-lajme","category-te-fundit"],"gt_translate_keys":[{"key":"link","format":"url"}],"_links":{"self":[{"href":"https:\/\/www.hashtag.al\/index.php\/wp-json\/wp\/v2\/posts\/487421","targetHints":{"allow":["GET"]}}],"collection":[{"href":"https:\/\/www.hashtag.al\/index.php\/wp-json\/wp\/v2\/posts"}],"about":[{"href":"https:\/\/www.hashtag.al\/index.php\/wp-json\/wp\/v2\/types\/post"}],"author":[{"embeddable":true,"href":"https:\/\/www.hashtag.al\/index.php\/wp-json\/wp\/v2\/users\/30"}],"replies":[{"embeddable":true,"href":"https:\/\/www.hashtag.al\/index.php\/wp-json\/wp\/v2\/comments?post=487421"}],"version-history":[{"count":0,"href":"https:\/\/www.hashtag.al\/index.php\/wp-json\/wp\/v2\/posts\/487421\/revisions"}],"wp:featuredmedia":[{"embeddable":true,"href":"https:\/\/www.hashtag.al\/index.php\/wp-json\/wp\/v2\/media\/487422"}],"wp:attachment":[{"href":"https:\/\/www.hashtag.al\/index.php\/wp-json\/wp\/v2\/media?parent=487421"}],"wp:term":[{"taxonomy":"category","embeddable":true,"href":"https:\/\/www.hashtag.al\/index.php\/wp-json\/wp\/v2\/categories?post=487421"},{"taxonomy":"post_tag","embeddable":true,"href":"https:\/\/www.hashtag.al\/index.php\/wp-json\/wp\/v2\/tags?post=487421"}],"curies":[{"name":"wp","href":"https:\/\/api.w.org\/{rel}","templated":true}]}}